{"id":5719,"date":"2022-12-27T00:00:00","date_gmt":"2022-12-26T23:00:00","guid":{"rendered":"https:\/\/instrid.sk\/uncategorized\/preco-si-generacia-z-vymazava-ucty-na-socialnych-sietach\/"},"modified":"2022-12-27T00:00:00","modified_gmt":"2022-12-26T23:00:00","slug":"preco-si-generacia-z-vymazava-ucty-na-socialnych-sietach","status":"publish","type":"post","link":"https:\/\/instrid.sk\/en\/archiv\/preco-si-generacia-z-vymazava-ucty-na-socialnych-sietach\/","title":{"rendered":"Why is Generation Z leaving social media?"},"content":{"rendered":"<p><strong>Do gener\u00e1cie Z patria \u013eudia naroden\u00ed po roku 2000. Je teda mlad\u0161ia ako gener\u00e1cia Y a spolo\u010dn\u00e9 roky s \u0148ou zdie\u013ea pomocou takzvan\u00fdch Millennials, teda \u013eud\u00ed, ktor\u00ed okolo roku 2000 pre\u017e\u00edvali detstvo alebo dospievanie. Zd\u00e1 sa, \u017ee t\u00e1to najnov\u0161ia gener\u00e1cia Z mas\u00edvne odch\u00e1dza zo soci\u00e1lnych siet\u00ed, ktor\u00e9 s\u00fa typick\u00e9 pre t\u00fa ozna\u010den\u00fa ako ypsilon. Pre\u010do je to tak?<\/strong><\/p>\n<h3><strong><strong>\u00a0<\/strong><\/strong><\/h3>\n<p><span style=\"font-weight: 400;\">Viacer\u00e9 celebrity ru\u0161ia svoje osobn\u00e9 \u00fa\u010dty na soci\u00e1lnych sie\u0165ach alebo prenech\u00e1vaj\u00fa ich spravovanie inej osobe, preto\u017ee ich nepova\u017euj\u00fa za bezpe\u010dn\u00e9 miesto. Nie je to ale iba o celebrit\u00e1ch, ru\u0161enie \u00fa\u010dtov sa st\u00e1va trendom aj medzi oby\u010dajn\u00fdmi \u201esmrte\u013en\u00edkmi\u201c. <\/span><\/p>\n<p><span style=\"font-weight: 400;\">\u010co sa teda deje, \u017ee po desiatich rokoch prehnanej virtu\u00e1lnej socializ\u00e1cie na\u0161ich \u017eivotov unik\u00e1me z tohto priestoru?<\/span><\/p>\n<p><strong><strong>\u00a0<\/strong><\/strong><\/p>\n<h3><b>Rozhodnutie od\u00eds\u0165 m\u00f4\u017ee by\u0165 aj un\u00e1hlen\u00e9<\/b><\/h3>\n<p><span style=\"font-weight: 400;\">Niektor\u00ed \u013eudia si vyvinuli priam nezdrav\u00fa z\u00e1vislos\u0165 na soci\u00e1lnych m\u00e9di\u00e1ch, zatia\u013e \u010do in\u00ed ich vyu\u017e\u00edvaj\u00fa sk\u00f4r pr\u00edle\u017eitostne a bez d\u00f4sledkov. A mo\u017eno, \u017ee tu nejde ani tak o technol\u00f3giu samotn\u00fa, ale o sp\u00f4sob, ak\u00fdm ju pou\u017e\u00edvame alebo sk\u00f4r zneu\u017e\u00edvame. Zatia\u013e, \u010do na\u0161e \u017eivoty spojen\u00e9 so soci\u00e1lnymi m\u00e9diami prekvitali, r\u00e1stol aj potenci\u00e1l pre nezdrav\u00e9 preh\u013ead\u00e1vanie, nadmern\u00e9 anga\u017eovanie sa, \u017eiarlivostn\u00e9 \u00fatoky a hrozba prive\u013ek\u00e9ho \u201evonkaj\u0161ieho hluku\u201d.<\/span><\/p>\n<p><span style=\"font-weight: 400;\">Rozhodnutie vymaza\u0165 si \u00fa\u010det je \u010dasto un\u00e1hlen\u00e9 a nepremyslen\u00e9, \u010do m\u00e1 za n\u00e1sledok, \u017ee si \u010dlovek \u00fa\u010det znovu vytvor\u00ed, preto\u017ee zist\u00ed, \u017ee ho potrebuje napr\u00edklad kv\u00f4li pr\u00e1ci. Soci\u00e1lne m\u00e9di\u00e1 s\u00fa skvel\u00fdm prostriedkom prezent\u00e1cie seba a svojej pr\u00e1ce. <\/span><\/p>\n<p><span style=\"font-weight: 400;\"><strong>Probl\u00e9mom v\u0161ak je, ke\u010f m\u00e1te potrebu zdie\u013ea\u0165 ka\u017ed\u00fd svoj pocit<\/strong>, \u010di u\u017e pr\u00edspevkom alebo fotografiou na soci\u00e1lnej sieti. \u010caka\u0165 na interakciu s k\u00fdmko\u013evek je tak \u00fanikom pred pre\u017e\u00edvan\u00edm skuto\u010dn\u00fdch em\u00f3ci\u00ed a pocitov. <\/span><\/p>\n<p><strong><strong>\u00a0<\/strong><\/strong><\/p>\n Ak m\u00e1 niekto na Facebooku pr\u00edli\u0161 ide\u00e1lny \u017eivot, vedzte, \u017ee je v\u017edy len v\u00fdber. S trochou \u0161ikovnosti m\u00f4\u017ee ka\u017ed\u00fd z n\u00e1s vyzera\u0165 dokonalo, hoci ka\u017edodenn\u00fd \u017eivot n\u00e1m prin\u00e1\u0161a aj menej mil\u00e9 momenty.\n<h3><b>Facebook neodr\u00e1\u017ea cel\u00fd \u017eivot, iba jeho \u010das\u0165<\/b><\/h3>\n<p><span style=\"font-weight: 400;\">Predstavte si, \u017ee by ste ka\u017ed\u00fd de\u0148 nesledovali dokonal\u00e9 \u017eivoty svojich \u201cpriate\u013eov\u201d na soci\u00e1lnych sie\u0165ach. Z v\u00e1\u0161ho \u017eivota by sa t\u00fdm mo\u017eno vytratilo mno\u017estvo \u017eiarlivosti a z\u00e1visti. \u00davodn\u00e1 str\u00e1nka zaplnen\u00e1 obr\u00e1zkami a pr\u00edspevkami zasn\u00faben\u00ed, svadieb, b\u00e1b\u00e4tiek, exotick\u00fdch dovoleniek a perfektn\u00fdch p\u00e1rty poukazuje na dokonal\u00e9 \u017eivoty va\u0161ich priate\u013eov. <\/span><\/p>\n<p><span style=\"font-weight: 400;\">Bez toho, aby ste nad t\u00fdm prem\u00fd\u0161\u013eali, za\u010dnete porovn\u00e1va\u0165 svoj \u017eivot s t\u00fdm ich. \u010cudujete sa, \u010do rob\u00edte nespr\u00e1vne, ke\u010f\u017ee ne\u017eijete svoj sen ako ostatn\u00ed. Ale\u2026<\/span><\/p>\n<p><span style=\"font-weight: 400;\">Soci\u00e1lne m\u00e9di\u00e1 umo\u017e\u0148uj\u00fa \u013eu\u010fom prezentova\u0165 idealizovan\u00fd a \u010do najlep\u0161\u00ed obraz seba pred ostatn\u00fdmi. Aj tie \u201enaj\u00faprimnej\u0161ie\u201c momenty s\u00fa dotvoren\u00e9, vylep\u0161en\u00e9, prisp\u00f4soben\u00e9 ide\u00e1lu. <\/span><\/p>\n<p><span style=\"font-weight: 400;\">Pre\u010do sa teda gener\u00e1cia Z rozhodla zru\u0161i\u0165 svoje \u00fa\u010dty na soci\u00e1lnych m\u00e9di\u00e1ch? Azda najv\u00e4\u010d\u0161\u00edm d\u00f4vodom je zv\u00fd\u0161en\u00e1 t\u00fa\u017eba po s\u00fakrom\u00ed. Gener\u00e1cia Z je si viac vedom\u00e1 svojich digit\u00e1lnych st\u00f4p a nechce by\u0165 fotografovan\u00e1 v kompromituj\u00facich poz\u00edci\u00e1ch bez ich vedomia a povolenia.<\/span><\/p>\n<p><strong><strong>\u00a0<\/strong><\/strong><\/p>\n<h3><b>Soci\u00e1lne siete s\u00fa o \u013eu\u010foch a pre \u013eud\u00ed<\/b><\/h3>\n<p><span style=\"font-weight: 400;\">Bolo zrejm\u00e9, \u017ee to raz pr\u00edde. Pote\u0161enie a vzru\u0161enie, ktor\u00e9 s\u00fa sp\u00e1jan\u00e9 so soci\u00e1lnymi m\u00e9diami, podstatne bledn\u00fa v mno\u017estve obr\u00e1zkov a hlasov \u017eiadaj\u00facich o pozornos\u0165, \u010do sp\u00f4sobuje, \u017ee \u013eudia rozpr\u00e1vaj\u00fa jeden cez druh\u00e9ho, simult\u00e1nne hovoriac v\u0161etko a ni\u010d. Mnoh\u00ed z n\u00e1s si automaticky prezeraj\u00fa najnov\u0161ie pr\u00edspevky, bezducho klikaj\u00fa na fotky, \u010d\u00edtaj\u00fa doj\u00edmav\u00e9 pr\u00edpsevky bez toho, aby nie\u010do skuto\u010dne c\u00edtili. Vo v\u0161eobecnosti teda odch\u00e1dzame zo soci\u00e1lnych m\u00e9di\u00ed, aby sme si pre\u010distili hlavy, h\u013eadali zmyslupln\u00e9 a autentick\u00e9 spojenia a mali vlastn\u00e9 n\u00e1zory.<\/span><\/p>\n<p><span style=\"font-weight: 400;\">Je v\u0161ak ve\u013emi \u013eahk\u00e9 generalizova\u0165 a stru\u010dne charakterizova\u0165 \u013eud\u00ed odch\u00e1dzaj\u00facich zo soci\u00e1lnych siet\u00ed. Pre gener\u00e1ciu Z m\u00f4\u017ee plati\u0165, \u017ee star\u00e9 platformy Facebook, Twitter a \u010fal\u0161ie u\u017e pre \u0148u nie s\u00fa zauj\u00edmav\u00e9, preto\u017ee s \u0148ou vyrastali. <\/span><\/p>\n<p><span style=\"font-weight: 400;\">M\u00f4\u017eeme ale tvrdi\u0165 takmer s ur\u010ditos\u0165ou, \u017ee \u201ct\u00ed priemern\u00ed\u201d (bez oh\u013eadu na pr\u00edslu\u0161nos\u0165 k niektorej z gener\u00e1ci\u00ed) na nej ost\u00e1vaj\u00fa aj na\u010falej, preto\u017ee rozumej\u00fa vz\u0165ahom v nej. Rozumej\u00fa tomu, \u017ee <\/span><i><span style=\"font-weight: 400;\">by\u0165 priate\u013eom<\/span><\/i><span style=\"font-weight: 400;\"> tu znamen\u00e1 navz\u00e1jom si sledova\u0165 pr\u00edspevky a aj tomu, \u017ee Facebook nemus\u00ed by\u0165 nutne priestorom na propag\u00e1ciu vlastn\u00fdch nepopul\u00e1rnych my\u0161lienok. <\/span><\/p>\n<p><span style=\"font-weight: 400;\">M\u00f4\u017ee by\u0165 skvel\u00fdm, praktick\u00fdm a univerz\u00e1lnym n\u00e1strojom, ako by\u0165 v kontakte s priate\u013emi a rodinou a ako sa udr\u017eiava\u0165 v dobrej informa\u010dnej kond\u00edcii. Ob\u010das je lep\u0161ie neby\u0165 polarizovan\u00fdm, ale pozera\u0165 sa na veci tak nejak z nadh\u013eadu.<\/span><\/p>\n<p>&nbsp;<\/p>","protected":false},"excerpt":{"rendered":"<p>Do gener\u00e1cie Z patria \u013eudia naroden\u00ed po roku 2000. Je teda mlad\u0161ia ako gener\u00e1cia Y a spolo\u010dn\u00e9 roky s \u0148ou zdie\u013ea pomocou takzvan\u00fdch Millennials, teda \u013eud\u00ed, ktor\u00ed okolo roku 2000 pre\u017e\u00edvali detstvo alebo dospievanie. Zd\u00e1 sa, \u017ee t\u00e1to najnov\u0161ia gener\u00e1cia Z mas\u00edvne odch\u00e1dza zo soci\u00e1lnych siet\u00ed, ktor\u00e9 s\u00fa typick\u00e9 pre t\u00fa ozna\u010den\u00fa ako ypsilon. Pre\u010do je to tak?<\/p>","protected":false},"author":1,"featured_media":0,"comment_status":"closed","ping_status":"closed","sticky":false,"template":"","format":"standard","meta":{"footnotes":""},"categories":[51],"tags":[],"class_list":["post-5719","post","type-post","status-publish","format-standard","hentry","category-archiv","two-columns"],"_links":{"self":[{"href":"https:\/\/instrid.sk\/en\/wp-json\/wp\/v2\/posts\/5719","targetHints":{"allow":["GET"]}}],"collection":[{"href":"https:\/\/instrid.sk\/en\/wp-json\/wp\/v2\/posts"}],"about":[{"href":"https:\/\/instrid.sk\/en\/wp-json\/wp\/v2\/types\/post"}],"author":[{"embeddable":true,"href":"https:\/\/instrid.sk\/en\/wp-json\/wp\/v2\/users\/1"}],"replies":[{"embeddable":true,"href":"https:\/\/instrid.sk\/en\/wp-json\/wp\/v2\/comments?post=5719"}],"version-history":[{"count":0,"href":"https:\/\/instrid.sk\/en\/wp-json\/wp\/v2\/posts\/5719\/revisions"}],"wp:attachment":[{"href":"https:\/\/instrid.sk\/en\/wp-json\/wp\/v2\/media?parent=5719"}],"wp:term":[{"taxonomy":"category","embeddable":true,"href":"https:\/\/instrid.sk\/en\/wp-json\/wp\/v2\/categories?post=5719"},{"taxonomy":"post_tag","embeddable":true,"href":"https:\/\/instrid.sk\/en\/wp-json\/wp\/v2\/tags?post=5719"}],"curies":[{"name":"wp","href":"https:\/\/api.w.org\/{rel}","templated":true}]}}