{"id":6079,"date":"2023-08-24T00:00:00","date_gmt":"2023-08-23T23:00:00","guid":{"rendered":"https:\/\/instrid.sk\/uncategorized\/ayn-rand-objektivizmus\/"},"modified":"2023-08-24T00:00:00","modified_gmt":"2023-08-23T23:00:00","slug":"ayn-rand-objektivizmus","status":"publish","type":"post","link":"https:\/\/instrid.sk\/en\/archiv\/ayn-rand-objektivizmus\/","title":{"rendered":"Ayn Rand: Selfishness is good, helping others is evil. Objectivism is a brutally honest philosophy about life"},"content":{"rendered":"<p><span style=\"font-weight: 400;\"><strong>Objektivizmus je filozofick\u00fd smer, ktor\u00fd zavrhuje pomoc druh\u00fdm a za najvy\u0161\u0161iu \u013eudsk\u00fa hodnotu pova\u017euje sebectvo. Pre\u010d\u00edtajte si o tejto t\u00e9me viac.<\/strong> <\/span><\/p>\n<p>&nbsp;<\/p>\n<p><span style=\"font-weight: 400;\">Pred 118 rokmi sa v Petrohrade narodila Alisa Zinov&#8217;yevna Rosenbaum, ktor\u00e1 sa nesk\u00f4r v Spojen\u00fdch \u0161t\u00e1toch stala jedn\u00fdm z najv\u00fdznamnej\u0161\u00edch filozofov 20. storo\u010dia. Verila, \u017ee ka\u017ed\u00fd \u010dlovek m\u00e1 by\u0165 v\u00fdsostne orientovan\u00fd na seba a nepom\u00e1ha\u0165 ostatn\u00fdm, sledova\u0165 v\u00fdhradne vlastn\u00e9 z\u00e1ujmy a neprij\u00edma\u0165 pomoc ostatn\u00fdch. To je z\u00e1klad jej filozofie objektivizmu, ktor\u00fd sa \u010dasto sklo\u0148uje aj ako \u201erandizmus\u201c. <\/span><\/p>\n<p><span style=\"font-weight: 400;\">Na prv\u00e9 po\u010dutie tento koncept neznie ve\u013emi pozit\u00edvne, ale ako vo v\u0161etkom ostatnom, aj v pr\u00edpade tejto filozofie mus\u00edme \u00eds\u0165 hlb\u0161ie k podstate, aby sme ju pochopili.<\/span><\/p>\n Ayn Rand v New Yorku, vpravo ob\u00e1lka jej prelomovej knihy Atlas pokr\u010dil plecami (1953)\n<p><span style=\"font-weight: 400;\"><strong>Alisa Zinov&#8217;yevna Rosenbaum<\/strong>\u00a0sa narodila 2. febru\u00e1ra 1905 v ruskom Petrohrade, ale po \u0161t\u00fadiu hist\u00f3rie a filozofie v rodnom meste emigrovala do USA, kde nesk\u00f4r nadobudla cel\u00e9 vlastn\u00e9 meno Ayn Rand O\u2019Connor. <\/span><\/p>\n<p><span style=\"font-weight: 400;\">Jej filozofia objektivizmu dodnes vzbudzuje de\u0161pekt, preto\u017ee navzdory svojmu \u017eidovsk\u00e9mu p\u00f4vodu z\u00e1sadn\u00fdm sp\u00f4sobom poprela z\u00e1kladn\u00e9 \u013eudsk\u00e9 hodnoty ako altruizmus, cnos\u0165 a s\u00fadr\u017enos\u0165, ktor\u00e9 sa pr\u00e1ve v priebehu druhej svetovej vojny preuk\u00e1zali ako nevyhnutn\u00e9 pre pre\u017eitie. <\/span><\/p>\n<p><span style=\"font-weight: 400;\">Pravdou v\u0161ak ost\u00e1va, \u017ee objektivizmus ako filozofick\u00fd smer za\u010dala rozv\u00edja\u0165 vydan\u00edm knihy <\/span><i><span style=\"font-weight: 400;\">The Fountainhead (Zdroj)<\/span><\/i><span style=\"font-weight: 400;\">, ktor\u00e1 vy\u0161la v roku 1943, ale nap\u00edsan\u00e1 bola sk\u00f4r. Najprv ju odmietlo a\u017e 12 vydavate\u013eov. Dalo by sa teda tvrdi\u0165, \u017ee o utrpen\u00ed \u017didov vtedy e\u0161te nevedela a preto si neuvedomovala nemor\u00e1lnos\u0165 svojich tvrden\u00ed, ale jej druh\u00e1 kniha <\/span><i><span style=\"font-weight: 400;\">Atlas Shrugged (Atlas pokr\u010dil plecami)<\/span><\/i><span style=\"font-weight: 400;\"> vy\u0161la a\u017e v roku 1953, kedy boli zverstv\u00e1 p\u00e1chan\u00e9 na \u013eu\u010foch v Eur\u00f3pe zn\u00e1me cel\u00e9mu svetu, obzvl\u00e1\u0161\u0165 intelektu\u00e1lnej elite, do ktorej Rand patrila.<\/span><\/p>\n<p><span style=\"font-weight: 400;\">\u201eKa\u017ed\u00fd \u010dlovek mus\u00ed \u017ei\u0165 ako svoj vlastn\u00fd cie\u013e a mus\u00ed nasledova\u0165 svoj vlastn\u00fd racion\u00e1lny z\u00e1ujem,\u201c tvrdila Rand v telev\u00edznom rozhovore s Mikom Wallaceom z roku 1959, ktor\u00fd sa stal na internete mimoriadne popul\u00e1rnym po rozmachu internetu. \u010ealej uviedla aj to, \u017ee spochyb\u0148uje mor\u00e1lny k\u00f3dex altruizmu. <\/span><\/p>\n<p><span style=\"font-weight: 400;\">Dokonca pod\u013ea vlastn\u00fdch slov altruizmus pova\u017euje za zlo. Nep\u00e1\u010dil sa jej zau\u017e\u00edvan\u00fd mor\u00e1lny k\u00f3dex, ktor\u00fd z \u010dloveka robil obetn\u00fd predmet (potreba obetovania sa pre druh\u00fdch). Pod\u013ea Rand m\u00e1 \u010dlovek n\u00e1rok by\u0165 \u0161\u0165astn\u00fd a \u017ee toto \u0161\u0165astie mus\u00ed dosiahnu\u0165 s\u00e1m, bez pomoci druh\u00fdch \u013eud\u00ed.<\/span><\/p>\n<p><span style=\"font-weight: 400;\">Rand slov\u00e1 s\u00fa dnes mimoriadne p\u00fatav\u00e9 pre kon\u0161pir\u00e1torov, odporcov proti syst\u00e9mu, samozvan\u00fdm bojovn\u00edkom proti ve\u013emociam \u010di politikom, ale len preto nemo\u017eno objektivizmus znehodnocova\u0165. Je to skr\u00e1tka jeden z filozofick\u00fdch smerov a st\u00e1le nie je ten najradik\u00e1lnej\u0161\u00ed. Pozn\u00e1me predsa aj tak\u00fa filozofiu, ktor\u00e1 je zalo\u017een\u00e1 na z\u00e1vere, \u017ee okrem m\u0148a ni\u010d a nikto neexistuje a v\u00fdhradne ja som centrom aj tvorcom cel\u00e9ho s\u00facna &#8211; solipsizmus.<\/span><\/p>\n<p>&nbsp;<\/p>\n<p><iframe src=\"https:\/\/www.youtube.com\/embed\/I-3ugszAe1M\" width=\"100%\" height=\"500\" frameborder=\"0\" allowfullscreen=\"allowfullscreen\" data-mce-fragment=\"1\"><\/iframe><\/p>\n<p>&nbsp;<\/p>\n<p>&nbsp;<\/p>\n<p><span style=\"font-weight: 400;\">Filozofia randizmu sa toti\u017e nevylu\u010duje s altruizmom, hoci sama Rand by mo\u017eno tvrdila opak. Ak je pre \u010dloveka prirodzen\u00e9, \u017ee ho rob\u00ed \u0161\u0165ast\u00edm \u0161\u0165astie ostatn\u00fdch \u013eud\u00ed a te\u0161\u00ed ho, \u017ee m\u00f4\u017ee pom\u00e1ha\u0165, potom objektivizmus tak\u00e9to altruistick\u00e9 konanie nevylu\u010duje. <\/span><\/p>\n<p><span style=\"font-weight: 400;\">Sama Rand v uvedenom rozhovore hovor\u00ed, \u017ee tak\u00e9to konanie objektivizmus nevylu\u010duje, ak je v\u00fdsledkom \u201edobrovo\u013en\u00e9ho s\u00fahlasu jednotlivca, dobrovo\u013enej spolupr\u00e1ce slobodn\u00fdch \u013eud\u00ed, teda bez prin\u00fatenia\u201c. <\/span><\/p>\n<p><span style=\"font-weight: 400;\">Na druhej strane zachov\u00e1va n\u00e1zor, \u017ee aj t\u00ed druh\u00ed by mali by\u0165 dostato\u010dne samostatn\u00ed, aby si \u0161\u0165astie vedeli zabezpe\u010di\u0165. Samozrejme, situ\u00e1cia sa celkom men\u00ed v pr\u00edpade, \u017ee je niekto chor\u00fd, slab\u00fd alebo inak trp\u00ed. Aj on m\u00e1 pr\u00e1vo na \u0161\u0165astie, hoci sa k nemu s\u00e1m nevie dopracova\u0165. Mo\u017eno by Rand mala odli\u0161n\u00e9 n\u00e1zory, keby mala die\u0165a, ktor\u00e9 by milovala. Aj na tak\u00e9to \u0161pekul\u00e1cie ale mala odpove\u010f, ktor\u00fa ako reakciu na in\u00fa ot\u00e1zku sformulovala tak, \u017ee nie ka\u017ed\u00fd je hoden l\u00e1sky, respekt\u00edve l\u00e1sky je hoden iba ten, kto sp\u013a\u0148a ur\u010dit\u00e9 ve\u013emi konkr\u00e9tne predpoklady a vlastnosti. Predpoklad\u00e1me, \u017ee t\u00fdm myslela aj pr\u00e1ve deti.<\/span><\/p>\n<p><em>Ayn Rand s man\u017eelom Frankom O&#8217;Connorom (foto: sollanna2013.blogspot.com)<\/em><\/p>\n<p><span style=\"font-weight: 400;\">Kritike Randovej sa nevyhol ani samotn\u00fd princ\u00edp demokracie, ktor\u00fd pova\u017eovala za nespr\u00e1vny: \u201eNemysl\u00edm si, \u017ee v\u00e4\u010d\u0161ina m\u00f4\u017ee hlasova\u0165 o va\u0161om \u017eivote, majetku, slobode a vzia\u0165 v\u00e1m tieto veci.\u201c<\/span><\/p>\n<p><span style=\"font-weight: 400;\">S t\u00fdm, \u017ee princ\u00edp rovnocenn\u00e9ho hlasovania v\u0161etk\u00fdch o verejn\u00fdch veciach nemus\u00ed by\u0165 v\u017edy v poriadku, sa stoto\u017e\u0148uje asi ka\u017ed\u00fd. V takomto syst\u00e9me toti\u017e plat\u00ed, \u017ee vrah, n\u00e1siln\u00edk, alkoholik a vrcholne nemor\u00e1lny \u010dlovek m\u00e1 rovnak\u00e9 hlasovacie pr\u00e1vo ako \u010dlovek, ktor\u00fd je vysoko cnostn\u00fd, \u00faprimn\u00fd, mor\u00e1lne \u010dist\u00fd a pom\u00e1haj\u00faci \u013eu\u010fom. <\/span><\/p>\n<p><span style=\"font-weight: 400;\">\u201ePreto si nemysl\u00edm, \u017ee odhlasovan\u00edm nie\u010doho pomocou v\u00e4\u010d\u0161iny sa to nie\u010do st\u00e1va automaticky spr\u00e1vnym. Nest\u00e1va.\u201c <\/span><\/p>\n<p><span style=\"font-weight: 400;\">Znie to nepr\u00edjemne? Ur\u010dite \u00e1no, hoci mnoh\u00ed sa v objektivizme a uveden\u00fdch v\u00fdrokoch n\u00e1jdu. <\/span><\/p>\n<p><span style=\"font-weight: 400;\">&quot;<strong>Behom posledn\u00fdch 2 000 rokov svetu dominovali in\u00e9 filozofie. Pozrite sa v\u00f4kol a zv\u00e1\u017ete, k \u010domu to viedlo<\/strong>,\u201c obhajovala Rand svoje n\u00e1zory.<\/span><\/p>\n<p><span style=\"font-weight: 400;\">Ayn Rand zomrela 6. marca 1982 vo veku 77 rokov v New Yorku na karcin\u00f3m p\u013e\u00fac. Bola bezdetn\u00e1 a pod\u013ea vlastn\u00fdch slov bolo jej tehotenstvom p\u00edsanie knihy a die\u0165a\u0165om samotn\u00e1 kniha. Mala man\u017eela Franka O&#8217;Connora.<\/span><\/p>\n<p>&nbsp;<\/p>\n<p>&nbsp;<\/p>","protected":false},"excerpt":{"rendered":"<p>Objektivizmus je filozofick\u00fd smer, ktor\u00fd zavrhuje pomoc druh\u00fdm a za najvy\u0161\u0161iu \u013eudsk\u00fa hodnotu pova\u017euje sebectvo. Pre\u010d\u00edtajte si o tejto t\u00e9me viac.<\/p>","protected":false},"author":1,"featured_media":0,"comment_status":"closed","ping_status":"closed","sticky":false,"template":"","format":"standard","meta":{"footnotes":""},"categories":[51],"tags":[],"class_list":["post-6079","post","type-post","status-publish","format-standard","hentry","category-archiv","two-columns"],"_links":{"self":[{"href":"https:\/\/instrid.sk\/en\/wp-json\/wp\/v2\/posts\/6079","targetHints":{"allow":["GET"]}}],"collection":[{"href":"https:\/\/instrid.sk\/en\/wp-json\/wp\/v2\/posts"}],"about":[{"href":"https:\/\/instrid.sk\/en\/wp-json\/wp\/v2\/types\/post"}],"author":[{"embeddable":true,"href":"https:\/\/instrid.sk\/en\/wp-json\/wp\/v2\/users\/1"}],"replies":[{"embeddable":true,"href":"https:\/\/instrid.sk\/en\/wp-json\/wp\/v2\/comments?post=6079"}],"version-history":[{"count":0,"href":"https:\/\/instrid.sk\/en\/wp-json\/wp\/v2\/posts\/6079\/revisions"}],"wp:attachment":[{"href":"https:\/\/instrid.sk\/en\/wp-json\/wp\/v2\/media?parent=6079"}],"wp:term":[{"taxonomy":"category","embeddable":true,"href":"https:\/\/instrid.sk\/en\/wp-json\/wp\/v2\/categories?post=6079"},{"taxonomy":"post_tag","embeddable":true,"href":"https:\/\/instrid.sk\/en\/wp-json\/wp\/v2\/tags?post=6079"}],"curies":[{"name":"wp","href":"https:\/\/api.w.org\/{rel}","templated":true}]}}