{"id":6449,"date":"2022-07-25T00:00:00","date_gmt":"2022-07-24T23:00:00","guid":{"rendered":"https:\/\/instrid.sk\/uncategorized\/mladi-su-slabi-v-domacich-pracach-mnohi-ani-nevlastnia-naradie-ci-nevedia-opravit-zachod\/"},"modified":"2022-07-25T00:00:00","modified_gmt":"2022-07-24T23:00:00","slug":"mladi-su-slabi-v-domacich-pracach-mnohi-ani-nevlastnia-naradie-ci-nevedia-opravit-zachod","status":"publish","type":"post","link":"https:\/\/instrid.sk\/en\/archiv\/mladi-su-slabi-v-domacich-pracach-mnohi-ani-nevlastnia-naradie-ci-nevedia-opravit-zachod\/","title":{"rendered":"Mlad\u00ed s\u00fa slab\u00ed v dom\u00e1cich pr\u00e1cach, mnoh\u00ed ani nevlastnia n\u00e1radie \u010di nevedia opravi\u0165 z\u00e1chod"},"content":{"rendered":"<p><strong>Americk\u00e9 prieskumy zvy\u010dajne prij\u00edmame s nadh\u013eadom, ale v\u00fdsledky tohto s\u00fa zauj\u00edmav\u00e9 aj pre Slov\u00e1kov. Naozaj sa mlad\u00ed st\u00e1vaj\u00fa \u010doraz neschopnej\u0161\u00edmi a lenivej\u0161\u00edmi, pokia\u013e ide o dom\u00e1ce pr\u00e1ce?<\/strong><\/p>\n<p>Na\u0161i otcovia vedeli nepomerne viac ako my, pokia\u013e ide o zru\u010dnos\u0165 v dom\u00e1cich pr\u00e1cach &#8211; to si myslia oni. A ich otcovia si mysleli to ist\u00e9. Dojem, \u017ee ka\u017ed\u00e1 nov\u00e1 gener\u00e1cia je hor\u0161ia a hor\u0161ia, je fenom\u00e9n, ktor\u00fd m\u00e1 aj n\u00e1zov. <strong>Juvenoia<\/strong>.<\/p>\n<p>U\u017e Sokrates (470 \u2013 399 pred Kristom) \u00fadajne nap\u00edsal alebo povedal o mlad\u00fdch nasledovn\u00e9:<\/p>\n<p>\u201eDeti teraz miluj\u00fa luxus; maj\u00fa zl\u00e9 spr\u00e1vanie, poh\u0155daj\u00fa autoritou; namiesto zdokona\u013eovania sa prejavuj\u00fa ne\u00factu k star\u0161\u00edm a miluj\u00fa rozpr\u00e1va\u0165 sa<em> (v zmysle ohov\u00e1ra\u0165, hovori\u0165 o ni\u010dom, pozn. red.)<\/em>. Deti s\u00fa teraz tyranmi, nie slu\u017eobn\u00edkmi ich dom\u00e1cnost\u00ed. Ke\u010f star\u0161\u00ed vst\u00fapia do miestnosti, nevst\u00e1vaj\u00fa. Protire\u010dia svojim rodi\u010dom, &#8222;kl\u00e1bosia&#8220; pred spolo\u010dnos\u0165ou, hltaj\u00fa si jedlo pri stole, prekladaj\u00fa si nohy a tyranizuj\u00fa svojich u\u010dite\u013eov.\u201c<\/p>\n<p>A rovnako, ako si o n\u00e1s star\u0161\u00ed hovoria, \u017ee sme slab\u0161\u00ed, menej odoln\u00ed a menej zru\u010dn\u00ed, to ist\u00e9 budeme my hovori\u0165 o tej \u010fal\u0161ej gener\u00e1cii, preto\u017ee vraj tr\u00e1vi ve\u013ea \u010dasu s mobilom a primit\u00edvnou z\u00e1bavou.<\/p>\n Mno\u017estvo mlad\u00fdch otcov nevlastn\u00ed n\u00e1radie na to, aby sa mohli zdokona\u013eova\u0165 v dom\u00e1cich pr\u00e1cach. Rad\u0161ej si volaj\u00fa na pomoc profesion\u00e1lov.\n<p>Ameri\u010dania ale h\u013eadali odpovede na to, ako si na tom mlad\u00e1 gener\u00e1cia takzvan\u00fdch <strong>mileni\u00e1lov<\/strong> v zru\u010dnosti stoj\u00ed v porovnan\u00ed s gener\u00e1ciou takzvan\u00fdch <strong>boomerov<\/strong>.\u00a0 Mileni\u00e1li, teda Gener\u00e1cia Y, s\u00fa gener\u00e1cia \u013eud\u00ed naroden\u00fdch medzi rokmi 1985 a\u017e 1995, \u010dasto sa uv\u00e1dza obdobie a\u017e do roku 2005.\u00a0 Gener\u00e1cia boomerov sa pova\u017euje t\u00e1, ktor\u00e1 sa narodila v rokoch 1946 a\u017e 1964, ale u n\u00e1s sa m\u00f4\u017eu tieto roky l\u00ed\u0161i\u0165 vzh\u013eadom na politick\u00e9 a spolo\u010densk\u00e9 zriadenie. Do \u00favahy tie\u017e prich\u00e1dza aj Gener\u00e1cia X (1965-1979), z n\u00e1s volan\u00e1 aj Hus\u00e1kove deti.<\/p>\n<p>Pod\u013ea americk\u00e9ho prieskumu na dvoch tis\u00edcoch respondentoch (polovica boli mileni\u00e1li) sa m\u00e1 za preuk\u00e1zan\u00e9, \u017ee pracovn\u00e9 zru\u010dnosti mlad\u00fdch v oblasti dom\u00e1ceho majstrovania a v\u00f4bec dom\u00e1cich pr\u00e1c s\u00fa priam <strong>patetick\u00e9<\/strong>, ak sa porovn\u00e1vaj\u00fa s ich rodi\u010dmi a star\u00fdmi rodi\u010dmi.<\/p>\n<p>K\u013e\u00fa\u010dov\u00fdm pojmom v\u00fdskumu sa pritom stali <strong>otcovia<\/strong>. Porovn\u00e1vali sa <em>Millennial Dads<\/em> with <em>Boomer Dads<\/em>.<\/p>\n\n<p><strong>Prieskum priniesol nasledovn\u00e9 zistenia:<\/strong><\/p>\n<ul>\n<li>mlad\u00ed otcovia si rad\u0161ej volaj\u00fa na pomoc odborn\u00edkov namiesto toho, aby sk\u00fasili probl\u00e9m vyrie\u0161i\u0165 vlastn\u00fdmi silami;<\/li>\n<li>mlad\u00ed otcovia vlastnia menej dom\u00e1ceho n\u00e1radia (49% z nich nem\u00e1 v\u0155ta\u010dku, 46% nem\u00e1 rebr\u00edk, 38% nem\u00e1 skrutkova\u010de a 32% ani kladivo);<\/li>\n<li>pod\u013ea mlad\u00fdch pojem \u201e\u0161ikovn\u00fd otec\u201c znamen\u00e1 schopnos\u0165 lep\u0161ie pracova\u0165 s po\u010d\u00edta\u010dom, internetom at\u010f, zatia\u013e \u010do star\u0161\u00ed maj\u00fa na mysli sk\u00f4r praktick\u00e9 zru\u010dnosti v dom\u00e1cnosti, na z\u00e1hrade, v pr\u00e1ci a podobne;<\/li>\n<li>62% star\u0161\u00edch potvrdzuje, mlad\u0161\u00ed s\u00fa \u0161ikovnej\u0161\u00ed v oblasti technol\u00f3gi\u00ed, ako pr\u00e1ca s po\u010d\u00edta\u010dom, internetom a pod.;<\/li>\n<li>vymeni\u0165 koleso na aute dok\u00e1\u017ee 79% star\u0161\u00edch a 63% mlad\u0161\u00edch otcov;<\/li>\n<li>vymeni\u0165 koleso na bicykli dok\u00e1\u017ee 73% star\u0161\u00edch a 62% mlad\u0161\u00edch otcov;<\/li>\n<li>znova nahodi\u0165 vyhoden\u00fd isti\u010d dok\u00e1\u017ee 85% star\u0161\u00edch, zatia\u013e \u010do iba 54% mlad\u00fdch;<\/li>\n<li>na\u0161tartova\u0165 auto pomocou druh\u00e9ho auta k\u00e1blami dok\u00e1\u017ee 86% star\u0161\u00edch\u00a0 a 63% mlad\u0161\u00edch;<\/li>\n<li>uvo\u013eni\u0165 upchat\u00fd odtok alebo opravi\u0165 pretekaj\u00faci z\u00e1chod dok\u00e1\u017ee 86% star\u0161\u00edch a 65% mlad\u0161\u00edch;<\/li>\n<li>znovu na\u0161tartova\u0165 kotol alebo v\u00f4bec spojazdni\u0165 pec dok\u00e1\u017ee 44% star\u0161\u00edch a iba 38% mlad\u00fdch;<\/li>\n<li>na z\u00e1ver otv\u00e1ranie zav\u00e1raninovej f\u013ea\u0161e hol\u00fdmi rukami: star\u0161\u00ed to zvl\u00e1daj\u00fa na 81%, zatia\u013e \u010do mlad\u00ed iba na 59% \ud83d\ude42<\/li>\n<\/ul>\n<p>&nbsp;<\/p>\n<p>Zauj\u00edmav\u00e9 v\u00fdsledky, \u010do poviete? Jedno je faktom: mlad\u00ed sa st\u00e1vaj\u00fa \u010doraz menej univerz\u00e1lnej\u0161\u00edmi, pokia\u013e ide o pracovn\u00e9 zru\u010dnosti, maj\u00fa v\u0161ak mno\u017estvo in\u00fdch schopnost\u00ed, o ktor\u00fdch \u013eudia v minulosti ani len nesn\u00edvali. Ide najm\u00e4 o schopnosti s\u00favisiace s pou\u017e\u00edvan\u00edm modern\u00fdch technol\u00f3gi\u00ed a vyhodnocovanie korektnosti zdrojov inform\u00e1ci\u00ed.<\/p>\n<p>&nbsp;<\/p>\n<blockquote class=\"wp-embedded-content\" data-secret=\"Tvwh7OscrU\"><p><a href=\"https:\/\/www.unitedlife.sk\/mozu-mat-slovaci-svajciarsky-dochodok-dnesni-mladi-ano-ale-caka-ich-narocne-obdobie\/\" rel=\"nofollow noopener\" target=\"_blank\">M\u00f4\u017eu ma\u0165 Slov\u00e1ci \u0161vaj\u010diarsky d\u00f4chodok? Dne\u0161n\u00ed mlad\u00ed \u00e1no, ale \u010dak\u00e1 ich n\u00e1ro\u010dn\u00e9 obdobie<\/a><\/p><\/blockquote>\n<p><iframe class=\"wp-embedded-content\" sandbox=\"allow-scripts\" security=\"restricted\" style=\"position: absolute; visibility: hidden;\" title=\"&#8220;M\u00f4\u017eu ma\u0165 Slov\u00e1ci \u0161vaj\u010diarsky d\u00f4chodok? Dne\u0161n\u00ed mlad\u00ed \u00e1no, ale \u010dak\u00e1 ich n\u00e1ro\u010dn\u00e9 obdobie&#8221; &#8212; UnitedLife\" src=\"https:\/\/www.unitedlife.sk\/mozu-mat-slovaci-svajciarsky-dochodok-dnesni-mladi-ano-ale-caka-ich-narocne-obdobie\/embed\/#?secret=LtVZgz9uPf#?secret=Tvwh7OscrU\" data-secret=\"Tvwh7OscrU\" width=\"600\" height=\"338\" frameborder=\"0\" marginwidth=\"0\" marginheight=\"0\" scrolling=\"no\"><\/iframe><\/p>\n<p>&nbsp;<\/p>\n<p>&nbsp;<\/p>\n<p><iframe style=\"border: none; overflow: hidden;\" src=\"https:\/\/www.facebook.com\/plugins\/post.php?href=https%3A%2F%2Fwww.facebook.com%2Funitedlife.us%2Fposts%2F2633250843562518&amp;width=500\" width=\"100%\" height=\"800\" frameborder=\"0\" scrolling=\"no\"><\/iframe><\/p>","protected":false},"excerpt":{"rendered":"<p>Americk\u00e9 prieskumy zvy\u010dajne prij\u00edmame s nadh\u013eadom, ale v\u00fdsledky tohto s\u00fa zauj\u00edmav\u00e9 aj pre Slov\u00e1kov. Naozaj sa mlad\u00ed st\u00e1vaj\u00fa \u010doraz neschopnej\u0161\u00edmi a lenivej\u0161\u00edmi, pokia\u013e ide o dom\u00e1ce pr\u00e1ce?<\/p>","protected":false},"author":1,"featured_media":0,"comment_status":"closed","ping_status":"closed","sticky":false,"template":"","format":"standard","meta":{"footnotes":""},"categories":[51],"tags":[],"class_list":["post-6449","post","type-post","status-publish","format-standard","hentry","category-archiv","two-columns"],"_links":{"self":[{"href":"https:\/\/instrid.sk\/en\/wp-json\/wp\/v2\/posts\/6449","targetHints":{"allow":["GET"]}}],"collection":[{"href":"https:\/\/instrid.sk\/en\/wp-json\/wp\/v2\/posts"}],"about":[{"href":"https:\/\/instrid.sk\/en\/wp-json\/wp\/v2\/types\/post"}],"author":[{"embeddable":true,"href":"https:\/\/instrid.sk\/en\/wp-json\/wp\/v2\/users\/1"}],"replies":[{"embeddable":true,"href":"https:\/\/instrid.sk\/en\/wp-json\/wp\/v2\/comments?post=6449"}],"version-history":[{"count":0,"href":"https:\/\/instrid.sk\/en\/wp-json\/wp\/v2\/posts\/6449\/revisions"}],"wp:attachment":[{"href":"https:\/\/instrid.sk\/en\/wp-json\/wp\/v2\/media?parent=6449"}],"wp:term":[{"taxonomy":"category","embeddable":true,"href":"https:\/\/instrid.sk\/en\/wp-json\/wp\/v2\/categories?post=6449"},{"taxonomy":"post_tag","embeddable":true,"href":"https:\/\/instrid.sk\/en\/wp-json\/wp\/v2\/tags?post=6449"}],"curies":[{"name":"wp","href":"https:\/\/api.w.org\/{rel}","templated":true}]}}