{"id":6649,"date":"2022-05-12T00:00:00","date_gmt":"2022-05-11T23:00:00","guid":{"rendered":"https:\/\/instrid.sk\/uncategorized\/mileniali-su-vraj-lenivi\/"},"modified":"2022-05-12T00:00:00","modified_gmt":"2022-05-11T23:00:00","slug":"mileniali-su-vraj-lenivi","status":"publish","type":"post","link":"https:\/\/instrid.sk\/en\/archiv\/mileniali-su-vraj-lenivi\/","title":{"rendered":"Mileni\u00e1li s\u00fa vraj leniv\u00ed, netrpezliv\u00ed a rozmaznan\u00ed. Je to tak?"},"content":{"rendered":"<h3>Vraj s\u00fa leniv\u00ed, nes\u00fastreden\u00ed, vychov\u00e1van\u00ed v luxuse a s vedom\u00edm, \u017ee za nich v\u0161etko vyrie\u0161ia rodi\u010dia. Je to tak naozaj? Skuto\u010dne s\u00fa takzvan\u00ed mileni\u00e1li hor\u0161\u00ed ako ich rodi\u010dia a predkovia?<\/h3>\n<p>&nbsp;<\/p>\n Utek\u00e1 mlad\u00fdm \u013eu\u010fom vlak iba preto, lebo sa nevedia vzda\u0165 n\u00e1vykov, ktor\u00e9 nadobudli v\u00fdchovou a r\u00fdchlo sa meniacim svetom?\n<h3>V\u0161etci mlad\u00ed s\u00fa hor\u0161\u00ed? \u00c1no, tvrdili to v\u017edy.<\/h3>\n<p>Existuje pojem, ktor\u00fd sa vol\u00e1 juvenoia. Mo\u017eno v\u00e1m ni\u010d nehovor\u00ed, no nepochybne je v\u00e1m ve\u013emi bl\u00edzky.<\/p>\n<p>Na\u0161i otcovia vedeli nepomerne viac ako my, pokia\u013e ide o zru\u010dnos\u0165 v dom\u00e1cich pr\u00e1cach \u2013 to si myslia oni. A ich otcovia si mysleli to ist\u00e9. Dojem, \u017ee ka\u017ed\u00e1 nov\u00e1 gener\u00e1cia je hor\u0161ia a hor\u0161ia, je fenom\u00e9n, ktor\u00fd m\u00e1 aj n\u00e1zov. <strong>Juvenoia<\/strong>.<\/p>\n<p>Mo\u017eno aj napriek tomu vedomiu (alebo paradoxne s n\u00edm) americk\u00fd spisovate\u013e, motiva\u010dn\u00fd re\u010dn\u00edk a marketingov\u00fd \u0161pecialista Simon Sinek pred tromi rokmi pomerne v\u00e1\u0161nivo a kontroverzne porozpr\u00e1val o svojom n\u00e1zore na gener\u00e1ciu mileni\u00e1lov. S\u00e1m za nich pova\u017euje \u013eud\u00ed, ktor\u00ed sa narodili po roku 1984 a pod\u013ea jeho n\u00e1zoru maj\u00fa hne\u010f nieko\u013eko spolo\u010dn\u00fdch vlastnost\u00ed, medzi ktor\u00e9 pova\u017euje lenivos\u0165, nes\u00fastredenos\u0165 \u010di pr\u00edli\u0161 vysok\u00e9 n\u00e1roky:<\/p>\n<p>&quot;<em>D\u00f4vodom je to, \u017ee im st\u00e1le nie\u010do ch\u00fdba. Z vlastnej sk\u00fasenosti viem, \u017ee ide o ak\u00e9si \u0161tyri piliere. \u0160tyri veci, \u0161tyri charakteristiky. S\u00fa nimi <strong>v\u00fdchova<\/strong>, <strong>technol\u00f3gie<\/strong>, <strong>netrpezlivos\u0165<\/strong> and <strong>pracovn\u00e9 prostredie<\/strong><\/em>.<\/p>\n<p><em>Ve\u013ea \u013eud\u00ed z gener\u00e1cie on\u00fdch mileni\u00e1lov bola v detstve, pod\u013ea ich vlastn\u00fdch slov, nevhodne vychovan\u00fdch. <strong>Rodi\u010dia im st\u00e1le opakovali, \u017ee s\u00fa v\u00fdnimo\u010dn\u00ed<\/strong> a \u017ee ke\u010f bud\u00fa chcie\u0165, m\u00f4\u017eu ma\u0165, \u010do si zaumienia. Niektor\u00ed z nich sa dostali do v\u00fdberov\u00fdch tried len preto, \u017ee si ich rodi\u010dia s\u0165a\u017eovali, alebo dost\u00e1vali jedni\u010dky len preto, aby dali ich rodi\u010dia u\u010dite\u013eom izbu. Niektor\u00ed dostali medaily za \u00fa\u010das\u0165. Medaila za to, \u017ee boli posledn\u00ed. T\u00fdm ale samozrejme str\u00e1ca hodnotu medaily t\u00fdch, ktor\u00ed si ju zasl\u00fa\u017eili, a \u010dlovek, \u010do skon\u010dil posledn\u00fd, sa c\u00edti tr\u00e1pne, preto\u017ee vie, \u017ee si ju nezasl\u00fa\u017eil. Tak\u017ee sa nakoniec c\u00edti hor\u0161ie. T\u00edto \u013eudia zvy\u010dajne do\u0161tuduj\u00fa, nast\u00fapi do pr\u00e1ce, <strong>vyrazia do skuto\u010dn\u00e9ho sveta a zrazu zistia, \u017ee nie s\u00fa v\u00fdnimo\u010dn\u00ed, \u017ee mama im pov\u00fd\u0161enie nevydupe<\/strong> &#8230; \u017ee za posledn\u00e9 miesto ni\u010d nedostan\u00fa a \u017ee nem\u00f4\u017eu ma\u0165, \u010do si zaumienia. A zrazu sa nesta\u010dia \u010dudova\u0165. <\/em><\/p>\n<p><em>&#8230; A t\u00ed \u013eudia za to nem\u00f4\u017eu, nie je to ich vina. Boli im rozdan\u00e9 zl\u00e9 karty<\/em>,\u201c tvrd\u00ed vo svojom monol\u00f3gu Sinek.<\/p>\n<p>Vyhneme sa kritike t\u00fdchto n\u00e1zorov, hoci na ka\u017ed\u00fd argument by sme nepochybne na\u0161li protiargument a ur\u010dite by sme neradi sch\u00e1dzali do zov\u0161eobec\u0148ovania, ku ktor\u00e9mu m\u00e1 tento rozhovor siln\u00fa tendenciu. No napriek tomu stoj\u00ed za vypo\u010dutie, preto\u017ee prezr\u00e1dza nie\u010do o ur\u010ditej skupine mlad\u00fdch \u013eud\u00ed a tom, ako si zvykli na instantn\u00e9 uspokojovanie svojich potrieb.<\/p>\n<p><iframe src=\"https:\/\/videacesky.cz\/embed\/problem-dnesni-generace-milenialu\" width=\"100%\" height=\"400\" frameborder=\"0\" allowfullscreen=\"allowfullscreen\"><\/iframe><\/p>\n<h3>Mlad\u00ed m\u00f4\u017eu napredova\u0165, pom\u00f4c\u0165 im ale musia t\u00ed lep\u0161\u00ed a sk\u00fasenej\u0161\u00ed<\/h3>\n<p>\u00daspech v obchode \u010di zamestnan\u00ed nepochybne nie je t\u00fdm, \u010do by mali mlad\u00ed \u013eudia pova\u017eova\u0165 za jedin\u00fd \u017eivotn\u00fd cie\u013e. Len\u017ee ak chceme vytvori\u0165 lep\u0161ie Slovensko, mus\u00edme mlad\u00fdch a perspekt\u00edvnych \u013eud\u00ed vies\u0165 k tomu, aby do svojho hodnotov\u00e9ho rebr\u00ed\u010dka zaradili aj vy\u0161\u0161ie priority, ktor\u00e9 presahuj\u00fa ich osobn\u00fd \u017eivot.<\/p>\n<p>A \u0161ikovn\u00fdch, mlad\u00fdch, perspekt\u00edvnych a ambici\u00f3znych \u013eud\u00ed u n\u00e1s m\u00e1me dos\u0165, oby\u010dajne sa v\u0161ak stratia v dave v\u0161ednosti, ktor\u00fd ich prin\u00fati vzda\u0165 sa ve\u013ek\u00fdch snov a n\u00e1deje na lep\u0161iu bud\u00facnos\u0165, lep\u0161\u00ed \u017eivot, lep\u0161iu krajinu.<\/p>\n<p>V Spojen\u00fdch \u0161t\u00e1toch existuje trad\u00edcia s\u00fakromn\u00e9ho podnikania a tie\u017e cielen\u00e9ho vedenia mlad\u00fdch \u013eud\u00ed k \u00faspechu st\u00e1ro\u010dia, \u010do sa prejavuje v ka\u017edodennom \u017eivote. Neby\u0165 americk\u00fdch podnikate\u013eov a ich cielene vybran\u00fdch nasledovn\u00edkov, na\u0161e \u017eivoty by boli v mnoh\u00fdch oh\u013eadoch komplikovanej\u0161ie \u2013 u\u017e len pre nedostatok kvalitn\u00fdch po\u010d\u00edta\u010dov, softv\u00e9ru a slu\u017eieb.<\/p>\n<p>Slovensko t\u00fato trad\u00edciu podnikania a u\u010denia sa od lep\u0161\u00edch e\u0161te len buduje, no cielene a so zanieten\u00edm. Zodpovednos\u0165 za t\u00fato n\u00e1ro\u010dn\u00fa \u00falohu na svoje plecia nevzali \u0161t\u00e1tni predstavitelia a \u0161t\u00e1tne apar\u00e1ty, ale jednotlivci, ktor\u00ed maj\u00fa za sebou roky \u00faspe\u0161n\u00e9ho obchodovania \u010di mana\u017ementu.<\/p>\n<p>&nbsp;<\/p>\n<h3>Platforma pre osobnostn\u00fd rozvoj<\/h3>\n<p><strong>CLUB30<\/strong>\u00a0(www.club30.sk) je projekt, ktor\u00fd m\u00e1 za cie\u013e vytvori\u0165 kompaktn\u00fa a spo\u013eahliv\u00fa platformu pre pr\u00e1ve tak\u00e9to vzdel\u00e1vanie mlad\u00fdch \u013eud\u00ed. Vybran\u00e9 osobnosti z podnikate\u013esk\u00e9ho prostredia sa zaviazali, \u017ee\u00a0<strong>zadarmo formou st\u00e1\u017e\u00ed a priebe\u017en\u00e9ho vzdel\u00e1vania<\/strong>\u00a0uk\u00e1\u017eu mlad\u00fdm \u013eu\u010fom, na \u010do sa maj\u00fa s\u00fastredi\u0165, ako systematicky pracova\u0165 na vlastnej bud\u00facnosti, ako pracova\u0165 so sebou i ostatn\u00fdmi \u013eu\u010fmi. Z\u00e1kladom je nielen komunik\u00e1cia, ale aj uvedomenie si vlastnej hodnoty.<\/p>\n<p>&quot;<strong><em>Na\u0161\u00edm cie\u013eom nie je nahradi\u0165 tradi\u010dn\u00e9 vzdelanie<\/em><\/strong>,\u201c uv\u00e1dza Club30 na svojich str\u00e1nkach. \u201e<strong><em>Na\u0161\u00edm cie\u013eom je doplni\u0165 vzdelanie o praktick\u00e9 sk\u00fasenosti a pom\u00f4c\u0165 odhali\u0165 seba sam\u00e9ho. To, \u010do \u010dlena charakterizuje, v \u010dom je jedine\u010dn\u00fd<\/em><\/strong>.\u201c<\/p>\n<p>Ako Club30 \u010falej uv\u00e1dza, jeho z\u00e1merom nie je n\u00fati\u0165 ka\u017ed\u00e9ho, aby sa stal podnikate\u013eom, ale\u00a0<em><strong>identifikova\u0165 mlad\u00fdch, \u0161ikovn\u00fdch a ambici\u00f3znych \u013eud\u00ed, ktor\u00ed maj\u00fa chu\u0165 zmeni\u0165 svet<\/strong>.<\/em><\/p>\n<blockquote class=\"wp-embedded-content\" data-secret=\"2rPkx7k0gx\"><p><a href=\"https:\/\/www.unitedlife.sk\/club30\/\" rel=\"nofollow noopener\" target=\"_blank\">Si in\u00fd ako ostatn\u00ed? Daj\u00fa ti \u0161ancu: Na Slovensko pri\u0161iel CLUB30 zameran\u00fd na podporu mlad\u00fdch a \u0161ikovn\u00fdch<\/a><\/p><\/blockquote>\n<p><iframe class=\"wp-embedded-content\" sandbox=\"allow-scripts\" security=\"restricted\" style=\"position: absolute; visibility: hidden;\" title=\"&#8220;Si in\u00fd ako ostatn\u00ed? Daj\u00fa ti \u0161ancu: Na Slovensko pri\u0161iel CLUB30 zameran\u00fd na podporu mlad\u00fdch a \u0161ikovn\u00fdch&#8221; &#8212; UnitedLife\" src=\"https:\/\/www.unitedlife.sk\/club30\/embed\/#?secret=EEeVjMGZvF#?secret=2rPkx7k0gx\" data-secret=\"2rPkx7k0gx\" width=\"600\" height=\"338\" frameborder=\"0\" marginwidth=\"0\" marginheight=\"0\" scrolling=\"no\"><\/iframe><\/p>\n<blockquote class=\"wp-embedded-content\" data-secret=\"forhVoMJKj\"><p><a href=\"https:\/\/www.unitedlife.sk\/mladi-su-slabi-v-domacich-pracach-mnohi-ani-nevlastnia-naradie-ci-nevedia-opravit-zachod\/\" rel=\"nofollow noopener\" target=\"_blank\">Mlad\u00ed s\u00fa slab\u00ed v dom\u00e1cich pr\u00e1cach, mnoh\u00ed ani nevlastnia n\u00e1radie \u010di nevedia opravi\u0165 z\u00e1chod<\/a><\/p><\/blockquote>\n<p><iframe class=\"wp-embedded-content\" sandbox=\"allow-scripts\" security=\"restricted\" style=\"position: absolute; visibility: hidden;\" title=\"&#8220;Mlad\u00ed s\u00fa slab\u00ed v dom\u00e1cich pr\u00e1cach, mnoh\u00ed ani nevlastnia n\u00e1radie \u010di nevedia opravi\u0165 z\u00e1chod&#8221; &#8212; UnitedLife\" src=\"https:\/\/www.unitedlife.sk\/mladi-su-slabi-v-domacich-pracach-mnohi-ani-nevlastnia-naradie-ci-nevedia-opravit-zachod\/embed\/#?secret=J0dAQSuIgz#?secret=forhVoMJKj\" data-secret=\"forhVoMJKj\" width=\"600\" height=\"338\" frameborder=\"0\" marginwidth=\"0\" marginheight=\"0\" scrolling=\"no\"><\/iframe><\/p>\n<p>&nbsp;<\/p>\n<p>&nbsp;<\/p>\n<p><em>P\u00f4vodne vydan\u00e9 12. novembra 2020<\/em><\/p>","protected":false},"excerpt":{"rendered":"<p>Vraj s\u00fa leniv\u00ed, nes\u00fastreden\u00ed, vychov\u00e1van\u00ed v luxuse a s vedom\u00edm, \u017ee za nich v\u0161etko vyrie\u0161ia rodi\u010dia. Je to tak naozaj? Skuto\u010dne s\u00fa takzvan\u00ed mileni\u00e1li hor\u0161\u00ed ako ich rodi\u010dia a predkovia?<\/p>","protected":false},"author":1,"featured_media":0,"comment_status":"closed","ping_status":"closed","sticky":false,"template":"","format":"standard","meta":{"footnotes":""},"categories":[51],"tags":[],"class_list":["post-6649","post","type-post","status-publish","format-standard","hentry","category-archiv","two-columns"],"_links":{"self":[{"href":"https:\/\/instrid.sk\/en\/wp-json\/wp\/v2\/posts\/6649","targetHints":{"allow":["GET"]}}],"collection":[{"href":"https:\/\/instrid.sk\/en\/wp-json\/wp\/v2\/posts"}],"about":[{"href":"https:\/\/instrid.sk\/en\/wp-json\/wp\/v2\/types\/post"}],"author":[{"embeddable":true,"href":"https:\/\/instrid.sk\/en\/wp-json\/wp\/v2\/users\/1"}],"replies":[{"embeddable":true,"href":"https:\/\/instrid.sk\/en\/wp-json\/wp\/v2\/comments?post=6649"}],"version-history":[{"count":0,"href":"https:\/\/instrid.sk\/en\/wp-json\/wp\/v2\/posts\/6649\/revisions"}],"wp:attachment":[{"href":"https:\/\/instrid.sk\/en\/wp-json\/wp\/v2\/media?parent=6649"}],"wp:term":[{"taxonomy":"category","embeddable":true,"href":"https:\/\/instrid.sk\/en\/wp-json\/wp\/v2\/categories?post=6649"},{"taxonomy":"post_tag","embeddable":true,"href":"https:\/\/instrid.sk\/en\/wp-json\/wp\/v2\/tags?post=6649"}],"curies":[{"name":"wp","href":"https:\/\/api.w.org\/{rel}","templated":true}]}}