{"id":6773,"date":"2022-07-16T00:00:00","date_gmt":"2022-07-15T23:00:00","guid":{"rendered":"https:\/\/instrid.sk\/uncategorized\/kto-a-co-najviac-znecistuje-vzduch-v-europe-doprava-je-az-na-tretom-mieste-infografika\/"},"modified":"2025-07-27T14:15:07","modified_gmt":"2025-07-27T13:15:07","slug":"kto-a-co-najviac-znecistuje-vzduch-v-europe-doprava-je-az-na-tretom-mieste-infografika","status":"publish","type":"post","link":"https:\/\/instrid.sk\/en\/archiv\/kto-a-co-najviac-znecistuje-vzduch-v-europe-doprava-je-az-na-tretom-mieste-infografika\/","title":{"rendered":"Kto a \u010do najviac zne\u010dis\u0165uje vzduch v Eur\u00f3pe? Doprava je a\u017e na tre\u0165om mieste (infografika)"},"content":{"rendered":"<p>Port\u00e1l Euractiv.sk zverejnil p\u00f4sobiv\u00fa infografiku, ktor\u00e1 objas\u0148uje zdroje zne\u010distenia ovzdu\u0161ia oxidom uhli\u010dit\u00fdm CO\u2082 v Eur\u00f3pe.<\/p>\n<p>\u201eNajviac emisi\u00ed sklen\u00edkov\u00fdch plynov v E\u00da produkuj\u00fa nemeck\u00e9 a po\u013esk\u00e9 uho\u013en\u00e9 elektr\u00e1rne. No v posledn\u00fdch rokoch sa do TOP10 dostali aj dopravn\u00e9 spolo\u010dnosti,\u201c uv\u00e1dza Euractiv a opiera sa pritom o \u00fadaje e\u0161te z roku 2019 od European Environmental Agency. Dodnes je v\u0161ak aktu\u00e1lna.<\/p>\n<p>Prv\u00e1 polovica infografiky je venovan\u00e1 konkr\u00e9tnym zne\u010dis\u0165ovate\u013eom ovzdu\u0161ia, zatia\u013e \u010do druh\u00e1 poukazuje na zdroje emisi\u00ed CO\u2082.<\/p>\n<p>&nbsp;<\/p>\n<div class=\"infogram-embed\" data-id=\"_\/ktToPRDTQ2sfNQjjrYVO\" data-type=\"interactive\" data-title=\"Najv\u00e4\u010d\u0161\u00ed zne\u010dis\u0165ovatelia v E\u00da\"><\/div>\n<p><script>!function(e,i,n,s){var t=\"InfogramEmbeds\",d=e.getElementsByTagName(\"script\")[0];if(window[t]&&window[t].initialized)window[t].process&&window[t].process();else if(!e.getElementById(n)){var o=e.createElement(\"script\");o.async=1,o.id=n,o.src=\"https:\/\/e.infogram.com\/js\/dist\/embed-loader-min.js\",d.parentNode.insertBefore(o,d)}}(document,0,\"infogram-async\");<\/script><\/p>","protected":false},"excerpt":{"rendered":"<p>Port\u00e1l Euractiv.sk zverejnil p\u00f4sobiv\u00fa infografiku, ktor\u00e1 objas\u0148uje zdroje zne\u010distenia ovzdu\u0161ia oxidom uhli\u010dit\u00fdm CO\u2082 v Eur\u00f3pe. \u201eNajviac emisi\u00ed sklen\u00edkov\u00fdch plynov v E\u00da produkuj\u00fa nemeck\u00e9 a po\u013esk\u00e9<\/p>","protected":false},"author":1,"featured_media":0,"comment_status":"closed","ping_status":"closed","sticky":false,"template":"","format":"standard","meta":{"footnotes":""},"categories":[51],"tags":[],"class_list":["post-6773","post","type-post","status-publish","format-standard","hentry","category-archiv","two-columns"],"_links":{"self":[{"href":"https:\/\/instrid.sk\/en\/wp-json\/wp\/v2\/posts\/6773","targetHints":{"allow":["GET"]}}],"collection":[{"href":"https:\/\/instrid.sk\/en\/wp-json\/wp\/v2\/posts"}],"about":[{"href":"https:\/\/instrid.sk\/en\/wp-json\/wp\/v2\/types\/post"}],"author":[{"embeddable":true,"href":"https:\/\/instrid.sk\/en\/wp-json\/wp\/v2\/users\/1"}],"replies":[{"embeddable":true,"href":"https:\/\/instrid.sk\/en\/wp-json\/wp\/v2\/comments?post=6773"}],"version-history":[{"count":1,"href":"https:\/\/instrid.sk\/en\/wp-json\/wp\/v2\/posts\/6773\/revisions"}],"predecessor-version":[{"id":8971,"href":"https:\/\/instrid.sk\/en\/wp-json\/wp\/v2\/posts\/6773\/revisions\/8971"}],"wp:attachment":[{"href":"https:\/\/instrid.sk\/en\/wp-json\/wp\/v2\/media?parent=6773"}],"wp:term":[{"taxonomy":"category","embeddable":true,"href":"https:\/\/instrid.sk\/en\/wp-json\/wp\/v2\/categories?post=6773"},{"taxonomy":"post_tag","embeddable":true,"href":"https:\/\/instrid.sk\/en\/wp-json\/wp\/v2\/tags?post=6773"}],"curies":[{"name":"wp","href":"https:\/\/api.w.org\/{rel}","templated":true}]}}