{"id":6926,"date":"2022-08-13T00:00:00","date_gmt":"2022-08-12T23:00:00","guid":{"rendered":"https:\/\/instrid.sk\/uncategorized\/selfie-fotografie-odhaluju-depresie\/"},"modified":"2022-08-13T00:00:00","modified_gmt":"2022-08-12T23:00:00","slug":"selfie-fotografie-odhaluju-depresie","status":"publish","type":"post","link":"https:\/\/instrid.sk\/en\/archiv\/selfie-fotografie-odhaluju-depresie\/","title":{"rendered":"Narcizmus? Mo\u017eno \u201elen\u201c depresia. Mno\u017estvo selfie fotiek odha\u013euje vn\u00fatorn\u00e9 probl\u00e9my a t\u00fa\u017ebu po uznan\u00ed"},"content":{"rendered":"<p><strong>Ka\u017ed\u00fd z n\u00e1s n\u00e1jde v gal\u00e9rii svojho telef\u00f3nu aspo\u0148 zop\u00e1r selfie fotiek. \u010ci u\u017e sme si zaznamen\u00e1vali spomienku z dovolenky, alebo sme prid\u00e1vali nov\u00fd pr\u00edspevok na soci\u00e1lnu sie\u0165, tento typ fotografie sa hod\u00ed na ka\u017ed\u00fa pr\u00edle\u017eitos\u0165. Vedeli ste v\u0161ak, \u017ee nadmern\u00e9 vytv\u00e1ranie \u201eself\u00ed\u010dok\u201c m\u00f4\u017ee nazna\u010dova\u0165, \u017ee \u010dlovek trp\u00ed psychickou poruchou?<\/strong><\/p>\n<p>Selfie fotografie sa stali popul\u00e1rnymi p\u00e1r rokov dozadu. Odvtedy sa nimi <strong>zaplnil internet<\/strong> a u pou\u017e\u00edvate\u013eov soci\u00e1lnych siet\u00ed s\u00fa ob\u013e\u00faben\u00e9 dodnes. Stret\u00e1vame sa s nimi na pravidelnej b\u00e1ze, o \u010dom sved\u010d\u00ed skuto\u010dnos\u0165, \u017ee ich <strong>vo svete vznikne nieko\u013eko mili\u00f3nov za de\u0148<\/strong>.<\/p>\n<p>S\u00fa typy \u013eud\u00ed, ktor\u00ed prispej\u00fa \u201eself\u00ed\u010dkom\u201c na svoj internetov\u00fd profil len zriedka. Naopak, n\u00e1jde sa aj ve\u013ea tak\u00fdch, ktor\u00ed ich pridaj\u00fa nieko\u013eko za de\u0148.<\/p>\n<p>Vedci v\u00a0posledn\u00fdch v\u00fdskumoch zistili, \u017ee \u013eudia, ktor\u00ed uverej\u0148uj\u00fa na internet <strong>nadmern\u00e9 mno\u017estvo fotografi\u00ed<\/strong>, v\u00e4\u010d\u0161inou <strong>trpia depresiami alebo in\u00fdmi psychick\u00fdmi ochoreniami<\/strong>.<\/p>\n<h3>Selfie paradox<\/h3>\n<p>O \u201eselfie paradoxe\u201c hovor\u00ed aj psychol\u00f3g Robert Krause. Ten tvrd\u00ed, \u017ee niekedy m\u00e1me schopnos\u0165 <strong>vidie\u0165 seba sam\u00e9ho v\u00a0pozit\u00edvnej\u0161om svetle, ne\u017e v\u00a0skuto\u010dnosti sme<\/strong>.<\/p>\n<p><em>\u201e\u010casto doch\u00e1dza k\u00a0tomu, \u017ee m\u00e1me skreslen\u00fd obraz o\u00a0sebe samom. Vid\u00edme to pr\u00e1ve aj na selfie fotk\u00e1ch, ktor\u00e9 n\u00e1m d\u00e1vaj\u00fa mo\u017enos\u0165 upravova\u0165 n\u00e1\u0161 seba obraz.\u00a0 M\u00f4\u017eeme pou\u017e\u00edva\u0165 jednotliv\u00e9 filtre, kontrasty, jasy. Pr\u00e1ve tak\u00fdmto sp\u00f4sobom doch\u00e1dza k\u00a0tomu, \u017ee m\u00e1me zv\u00fd\u0161en\u00e9 \u00fasilie, aby sme vyzerali lep\u0161ie, ne\u017e vyzer\u00e1me v\u00a0skuto\u010dnosti,\u201c<\/em> hovor\u00ed.<\/p>\n<p>Takto sa na soci\u00e1lnych sie\u0165ach prezentujeme v kraj\u0161om obraze, ne\u017e sme v re\u00e1lnom \u017eivote. Pekn\u00e9 \u201eself\u00ed\u010dko\u201c, ktor\u00e9 zverejn\u00edme na internete, n\u00e1m <strong>dod\u00e1va sebavedomie, c\u00edtime sa lep\u0161ie a\u00a0sebaistej\u0161ie.<\/strong><\/p>\n Selfie je skvel\u00fdm sp\u00f4sobom, ako zaznamen\u00e1va\u0165 ur\u010dit\u00e9 okamihy. S ich tvorbou to v\u0161ak netreba preh\u00e1\u0148a\u0165.\n<h3>Z\u00e1vislos\u0165 na selfie<\/h3>\n<p>Vytv\u00e1ran\u00edm pekne upraven\u00fdch fotografi\u00ed, ktor\u00e9 n\u00e1sledne uk\u00e1\u017eeme verejnosti, sa n\u00e1m zlep\u0161uje n\u00e1lada. \u010cast\u00e9 prid\u00e1vanie selfie na internet v\u0161ak m\u00f4\u017ee <strong>to prepukn\u00fa\u0165 do z\u00e1vislosti<\/strong>.<\/p>\n<p><em>\u201eV na\u0161om mozgu sa v\u00a0tom danom momente, akon\u00e1hle n\u00e1m d\u00e1 niekto pozit\u00edvny koment\u00e1r alebo srdie\u010dko, aktivuje centrum v\u00a0mozgu. Toto centrum je zodpovedn\u00e9 za regul\u00e1ciu na\u0161ich odmien. To znamen\u00e1, \u017ee ke\u010f n\u00e1m d\u00e1 niekto pozit\u00edvnu sp\u00e4tn\u00fa v\u00e4zbu, tak sa v\u00a0na\u0161om organizme za\u010dne vylu\u010dova\u0165 v\u00e4\u010d\u0161ie mno\u017estvo dopam\u00ednu,\u201c <\/em>vysvet\u013euje Krause.<\/p>\n<p>Dopam\u00edn je zodpovedn\u00fd zato, \u017ee sa c\u00edtime dobre. Mnoho \u013eud\u00ed sa preto za\u010dalo zameriava\u0165 na tvorenie pekn\u00fdch fotografi\u00ed. Pozit\u00edvna sp\u00e4tn\u00e1 v\u00e4zba n\u00e1m v d\u00f4sledku chemick\u00fdch premien v na\u0161om tele <strong>prin\u00e1\u0161a ve\u013emi pr\u00edjemn\u00e9 pocity<\/strong>.<\/p>\n<h3>Nadmern\u00e9 tvorenie self\u00ed\u010dok odha\u013euje depresie<\/h3>\n<p>\u010eal\u0161ie \u0161t\u00fadie uk\u00e1zali, \u017ee ak \u010dlovek na soci\u00e1lne siete prid\u00e1va nadmern\u00e9 mno\u017estvo vlastn\u00fdch fotografi\u00ed, m\u00f4\u017ee to by\u0165 ukazovate\u013eom v\u00e1\u017enej\u0161\u00edch psychick\u00fdch ochoren\u00ed.<\/p>\n<p>Ak je dan\u00e1 osoba z\u00e1visl\u00e1 na obdive a\u00a0pozit\u00edvnej sp\u00e4tnej v\u00e4zbe od in\u00fdch \u013eud\u00ed, znamen\u00e1 to, \u017ee m\u00e1 <strong>negat\u00edvny obraz o\u00a0sebe samom<\/strong> a\u00a0tak\u00fdmto sp\u00f4sobom si sna\u017e\u00ed <strong>kompenzova\u0165 ur\u010dit\u00e9 komplexy<\/strong>. Z\u00e1vislos\u0165 na tvoren\u00ed selfie a\u00a0ich n\u00e1slednom prid\u00e1van\u00ed na soci\u00e1lne siete vedci nazvali <strong>\u201eselfiet\u00edda\u201c<\/strong>.<\/p>\n<p><em>\u201eT\u00ed, ktor\u00ed trpia selfit\u00eddou, sa pod\u013ea zisten\u00ed vedcov zvy\u010dajne sna\u017eia posilni\u0165 vlastn\u00fa sebad\u00f4veru. Usiluj\u00fa o z\u00edskanie pozornosti, chc\u00fa si zlep\u0161i\u0165 n\u00e1ladu, vytvori\u0165 spomienky, potvrdi\u0165 svoje miesto v ur\u010ditej soci\u00e1lnej skupine a by\u0165 spolo\u010densky konkurencieschopn\u00ed,\u201c<\/em> definuje internetov\u00fd port\u00e1l trend.sk.<\/p>\n V\u00e4\u010d\u0161ina \u013eud\u00ed zast\u00e1va n\u00e1zor, \u017ee nadmern\u00e9 tvorenie selfie fotiek je samo\u013e\u00fabe. Fotografia: pixabay.com\n<h3>\u013dudia sa na selfie neradi pozeraj\u00fa<\/h3>\n<p>RTVS \u010falej v\u00a0rozhovore popisuje \u0161t\u00fadiu Mn\u00edchovskej univerzity, ktor\u00e1 tvrd\u00ed, \u017ee v\u00e4\u010d\u0161ina adeptov sa c\u00edti po zhotoven\u00ed selfie pr\u00edjemne. Paradox je v\u00a0tom, \u017ee dan\u00ed \u00fa\u010dastn\u00edci prieskumu priznali, \u017ee <strong>sledovanie selfie fotiek in\u00fdch \u013eud\u00ed u\u017e a\u017e tak pozit\u00edvne neber\u00fa<\/strong>.<\/p>\n<p>Aj ke\u010f si \u010doraz viac \u013eud\u00ed selfie fotky vytv\u00e1ra, a\u017e osemdesiat percent z nich by ocenilo, keby ich na soci\u00e1lnych sie\u0165ach <strong>bolo o\u00a0nie\u010do menej<\/strong>. Mnoho os\u00f4b taktie\u017e hovor\u00ed, \u017ee tak\u00e9to typy samo\u013e\u00fabych fotografi\u00ed rad\u0161ej <strong>preskakuj\u00fa<\/strong>.<\/p>\n<p><em>\u201eAkon\u00e1hle vid\u00edme selfie in\u00e9ho \u010dloveka, odha\u013euje sa n\u00e1m t\u00fdm jeho int\u00edmnej\u0161ia str\u00e1nka. Kv\u00f4li tomu m\u00f4\u017eeme \u010dasto c\u00edti\u0165 nepr\u00edjemn\u00e9 em\u00f3cie. Napr\u00edklad, ke\u010f vid\u00edme tak\u00fato fotografiu u niekoho, o\u00a0kom nepredpoklad\u00e1me, \u017ee by sme s\u00a0nim chceli by\u0165 v\u00a0bli\u017e\u0161ej z\u00f3ne, m\u00f4\u017ee n\u00e1m to potencion\u00e1lne prek\u00e1\u017ea\u0165,\u201c<\/em> uzatv\u00e1ra psychol\u00f3g Krause.<\/p>\n<p><strong>16. marec<\/strong> ozna\u010dujeme v\u00a0d\u00f4sledku negat\u00edvnych dopadov selfie fotiek <strong>d\u0148om bez selfie<\/strong>. \u010ci u\u017e je to kv\u00f4li prebytku \u201eself\u00ed\u010dok\u201c na soci\u00e1lnych sie\u0165ach, alebo v d\u00f4sledku psychick\u00fdch ochoren\u00ed, ktor\u00e9 selfie sp\u00f4sobuj\u00fa, v tento d\u00e1tum by sme ich <strong>tvorenie a\u00a0postovanie mali vynecha\u0165<\/strong>.<\/p>\n<p>&nbsp;<\/p>\n<p style=\"text-align: right;\">Tituln\u00e1 fotografia: pixabay.com<\/p>\n<p><em>Aktualiz\u00e1cia p\u00f4vodn\u00e9ho pr\u00edspevku z 13. m\u00e1ja 2021<\/em><\/p>","protected":false},"excerpt":{"rendered":"<p>Ka\u017ed\u00fd z n\u00e1s n\u00e1jde v gal\u00e9rii svojho telef\u00f3nu aspo\u0148 zop\u00e1r selfie fotiek. \u010ci u\u017e sme si zaznamen\u00e1vali spomienku z dovolenky, alebo sme prid\u00e1vali nov\u00fd pr\u00edspevok<\/p>","protected":false},"author":1,"featured_media":0,"comment_status":"closed","ping_status":"closed","sticky":false,"template":"","format":"standard","meta":{"footnotes":""},"categories":[51],"tags":[],"class_list":["post-6926","post","type-post","status-publish","format-standard","hentry","category-archiv","two-columns"],"_links":{"self":[{"href":"https:\/\/instrid.sk\/en\/wp-json\/wp\/v2\/posts\/6926","targetHints":{"allow":["GET"]}}],"collection":[{"href":"https:\/\/instrid.sk\/en\/wp-json\/wp\/v2\/posts"}],"about":[{"href":"https:\/\/instrid.sk\/en\/wp-json\/wp\/v2\/types\/post"}],"author":[{"embeddable":true,"href":"https:\/\/instrid.sk\/en\/wp-json\/wp\/v2\/users\/1"}],"replies":[{"embeddable":true,"href":"https:\/\/instrid.sk\/en\/wp-json\/wp\/v2\/comments?post=6926"}],"version-history":[{"count":0,"href":"https:\/\/instrid.sk\/en\/wp-json\/wp\/v2\/posts\/6926\/revisions"}],"wp:attachment":[{"href":"https:\/\/instrid.sk\/en\/wp-json\/wp\/v2\/media?parent=6926"}],"wp:term":[{"taxonomy":"category","embeddable":true,"href":"https:\/\/instrid.sk\/en\/wp-json\/wp\/v2\/categories?post=6926"},{"taxonomy":"post_tag","embeddable":true,"href":"https:\/\/instrid.sk\/en\/wp-json\/wp\/v2\/tags?post=6926"}],"curies":[{"name":"wp","href":"https:\/\/api.w.org\/{rel}","templated":true}]}}