{"id":7288,"date":"2021-11-03T00:00:00","date_gmt":"2021-11-02T23:00:00","guid":{"rendered":"https:\/\/instrid.sk\/uncategorized\/jozef-gasparik-najst-si-dobru-pracu-moze-byt-velmi-jednoduche\/"},"modified":"2021-11-03T00:00:00","modified_gmt":"2021-11-02T23:00:00","slug":"jozef-gasparik-najst-si-dobru-pracu-moze-byt-velmi-jednoduche","status":"publish","type":"post","link":"https:\/\/instrid.sk\/en\/archiv\/jozef-gasparik-najst-si-dobru-pracu-moze-byt-velmi-jednoduche\/","title":{"rendered":"Jozef Ga\u0161par\u00edk: N\u00e1js\u0165 si dobr\u00fa pr\u00e1cu m\u00f4\u017ee by\u0165 ve\u013emi jednoduch\u00e9"},"content":{"rendered":"Jozef Ga\u0161par\u00edk, spoluzakladate\u013e projektu Pracuj.sk\n<p><span style=\"font-weight: 400;\">Tis\u00edcky \u013eud\u00ed na Slovensku sa denne m\u00e1rne pok\u00fa\u0161aj\u00fa n\u00e1js\u0165 vysn\u00edvan\u00fa pr\u00e1cu. Striedanie pohovorov, posielanie \u017eivotopisov oslovovanie zn\u00e1mych. S\u00a0t\u00fdm sa stretol u\u017e ka\u017ed\u00fd z\u00a0n\u00e1s. <\/span><\/p>\n<p><span style=\"font-weight: 400;\">Novinka, ktor\u00fa prin\u00e1\u0161aj\u00fa traja Slov\u00e1ci, otv\u00e1ra modern\u00fd pr\u00edstup k h\u013eadaniu pr\u00e1ce. Spoluzakladate\u013e port\u00e1l Pracuj.sk <strong>Jozef Ga\u0161par\u00edk<\/strong> vysvet\u013euje v\u00edziu, ktor\u00e1 ich priniesla k n\u00e1padu spusti\u0165 nov\u00fd pracovn\u00fd port\u00e1l.<\/span><\/p>\n<p>&nbsp;<\/p>\n<p><b>\u0160tyri roky ste sa venovali pr\u00e1ci s\u00a0vysoko\u0161kol\u00e1kmi v\u00a0r\u00e1mci projektu Praxuj.sk, kedy ste pri\u0161li na my\u0161lienku spusti\u0165 nov\u00fd pracovn\u00fd port\u00e1l?\u00a0<\/b><\/p>\n<p><span style=\"font-weight: 400;\">Projekt Praxuj.sk sme zalo\u017eili kv\u00f4li na\u0161im rovesn\u00edkom. \u010coraz viac \u013eud\u00ed z n\u00e1\u0161ho okolia odch\u00e1dzalo do zahrani\u010dia a my sme im chceli da\u0165 pr\u00edle\u017eitos\u0165 na uplatnenie doma. Ke\u010f n\u00e1\u0161 projekt vyu\u017eilo viac ako 4 000 vysoko\u0161kol\u00e1kov a pribli\u017ene 600 firiem, za\u010dali sme prich\u00e1dza\u0165 na nov\u00e9 my\u0161lienky. Chceli sme prinies\u0165 nov\u00fa v\u00edziu pri h\u013eadan\u00ed pr\u00e1ce.<\/span><\/p>\n<p><b>V\u00a0\u010dom spo\u010d\u00edva t\u00e1to v\u00edzia?<\/b><\/p>\n<p><span style=\"font-weight: 400;\">Mno\u017estvo \u013eud\u00ed posiela svoje \u017eivotopisy v n\u00e1deji, \u017ee dostan\u00fa pozit\u00edvnu odpove\u010f. <strong>Slovensk\u00e1 realita je v\u0161ak tak\u00e1, \u017ee \u010dastokr\u00e1t nedostan\u00fa \u017eiadnu odpove\u010f<\/strong>. Ka\u017ed\u00fd z n\u00e1s za\u017eil odmietnutie pri h\u013eadan\u00ed pr\u00e1ce. Nie je ni\u010d hor\u0161ie, ako nevedie\u0165 d\u00f4vody ne\u00faspechu. Preto sme priniesli novinky, ktor\u00e9 prines\u00fa v\u00e4\u010d\u0161iu mieru transparentnosti a kontaktu medzi uch\u00e1dza\u010dmi a firmami. <\/span><span style=\"font-weight: 400;\">Napr\u00edklad sa ka\u017ed\u00fd uch\u00e1dza\u010d presne dozvie, kedy bolo uzavret\u00e9 v\u00fdberov\u00e9 konanie na jeho poz\u00edciu. Rovnako <strong>dostane inform\u00e1ciu pri otvoren\u00ed jeho \u017eivotopisu<\/strong>. V\u010faka tomu vie presne, kde sa vo v\u00fdberovom procese nach\u00e1dza.<\/span><\/p>\n<p><b>Dok\u00e1\u017ee uch\u00e1dza\u010d z\u00edska\u0165 aj sp\u00e4tn\u00fa v\u00e4zbu?<\/b><\/p>\n<p><span style=\"font-weight: 400;\">Presne na tom teraz pracujeme. \u010coskoro spust\u00edme novinku, ktor\u00e1 umo\u017en\u00ed uch\u00e1dza\u010dovi z\u00edska\u0165 presn\u00e9 d\u00f4vody svojho ne\u00faspechu. \u010casto sa st\u00e1va, \u017ee ide o gramatick\u00e9 chyby a chybn\u00e9 \u00fadaje v \u017eivotopise. Uch\u00e1dza\u010d v n\u00e1deji, \u017ee uspeje, <strong>posiela st\u00e1le rovnako zl\u00fd \u017eivotopis na v\u0161etky poz\u00edcie<\/strong>. Taktie\u017e by sme chceli prinies\u0165 v\u00e4\u010d\u0161\u00ed priestor pre odprezentovanie svojich siln\u00fdch str\u00e1nok.<\/span><\/p>\n<p><b>Prezentovanie siln\u00fdch str\u00e1nok m\u00f4\u017ee by\u0165 n\u00e1ro\u010dn\u00e9. Ako to chcete docieli\u0165?<\/b><\/p>\n<p><span style=\"font-weight: 400;\">V\u00a0r\u00e1mci profilov chceme prinies\u0165 mo\u017enos\u0165 <strong>vytvorenia portf\u00f3lia<\/strong>. To umo\u017en\u00ed, aby ka\u017ed\u00fd uch\u00e1dza\u010d poskytol to v \u010dom je dobr\u00fd. Ak je to <strong>kuch\u00e1r, m\u00f4\u017ee poskytn\u00fa\u0165 fotografie svojich jed\u00e1l<\/strong> z\u00a0re\u0161taur\u00e1cie, ak je to <strong>grafik m\u00f4\u017ee zverejni\u0165 svoje dizajn\u00e9rske podklady<\/strong>, ak je to informatik, m\u00f4\u017ee zverejni\u0165 aplik\u00e1cie na ktor\u00fdch pracoval a podobne. Ka\u017ed\u00fd z n\u00e1s je v nie\u010dom dobr\u00fd. Modern\u00fd pracovn\u00fd port\u00e1l mus\u00ed na\u0161e siln\u00e9 str\u00e1nky n\u00e1js\u0165 a stava\u0165 na nich na\u0161e \u017eiadosti o pr\u00e1cu.<\/span><\/p>\n<p>&nbsp;<\/p>\n Port\u00e1l Pracuj.sk m\u00e1 v s\u00fa\u010dasnosti ponuky pr\u00e1ce od viac ako 500 zamestn\u00e1vate\u013eov\n<p><b>M\u00f4\u017eete prezradi\u0165, \u010do ste pripravili pre firmy?<\/b><\/p>\n<p><span style=\"font-weight: 400;\">Firm\u00e1m sme chceli zjednodu\u0161i\u0165 celkov\u00fd priebeh v\u00fdberov\u00e9ho konania. Okrem online pohovorov, ktor\u00e9 m\u00f4\u017eu realizova\u0165 priamo na na\u0161om webe, sme zaviedli aj nov\u00fd syst\u00e9m kategoriz\u00e1cie uch\u00e1dza\u010dov a mo\u017enos\u0165 odosielania hromadn\u00fdch spr\u00e1v. Tak sa stane komunik\u00e1cia s uch\u00e1dza\u010dmi omnoho jednoduch\u0161ia. Na\u0161i s\u00fa\u010dasn\u00ed klienti si z\u00e1rove\u0148 pochva\u013euj\u00fa aj na\u0161e soci\u00e1lne siete. Db\u00e1me o to, aby bol ka\u017ed\u00fd inzer\u00e1t zdie\u013ean\u00fd na Facebook a Instagram.<\/span><\/p>\n<p><b>Port\u00e1l spolupracuje s\u00a0mnoh\u00fdmi firmami, ktor\u00e9 pon\u00fakaj\u00fa pracovn\u00e9 poz\u00edcie. Je n\u00e1ro\u010dn\u00e9 presved\u010di\u0165 nov\u00fdch klientov o\u00a0potenci\u00e1li projektu?<\/b><\/p>\n<p><span style=\"font-weight: 400;\">Ka\u017edej novej firme pon\u00fakame jeden inzer\u00e1t zadarmo. Sama si tak m\u00f4\u017ee vysk\u00fa\u0161a\u0165 by\u0165 na\u0161im z\u00e1kazn\u00edkom. Z\u00e1rove\u0148 sme ve\u013emi radi, \u017ee \u010doraz viac firiem je otvoren\u00fdch sk\u00fa\u0161a\u0165 nov\u00e9 veci. Prem\u00fd\u0161\u013eaj\u00fa ve\u013emi kreat\u00edvne a\u00a0preto spont\u00e1nne vyu\u017e\u00edvaj\u00fa na\u0161e mo\u017enosti prid\u00e1va\u0165 si logo firmy, tituln\u00e9 obr\u00e1zky, zauj\u00edmav\u00e9 popisy do profilov a\u00a0podobne. V\u00a0priebehu mesiaca pl\u00e1nujeme spusti\u0165 aj prid\u00e1vanie fotiek a\u00a0rozhovorov s\u00a0\u013eu\u010fmi, ktor\u00ed u\u017e u\u00a0dan\u00e9ho zamestn\u00e1vate\u013ea p\u00f4sobia.\u00a0<\/span><\/p>\n<p><b>Kde vid\u00edte v\u00e1\u0161 port\u00e1l o\u00a0dva roky?\u00a0<\/b><\/p>\n<p><span style=\"font-weight: 400;\">Na\u0161im cie\u013eom je prinies\u0165 na Slovensko slu\u017ebu, ktor\u00e1 umo\u017en\u00ed \u013eu\u010fom r\u00e1s\u0165. <strong>Na\u0161a krajina je pln\u00e1 mimoriadne talentovan\u00fdch \u013eud\u00ed, ktor\u00fdch nevieme preda\u0165<\/strong>. Pr\u00e1ve preto sa mnoho z nich utek\u00e1 preda\u0165 do zahrani\u010dia. Pracuj.sk staviame pr\u00e1ve tak, aby sa v \u0148om na\u0161iel \u00faplne ka\u017ed\u00fd. Pr\u00e1ce je medzi nami dostatok, d\u00f4le\u017eit\u00e9 je na \u0148u n\u00e1js\u0165 t\u00fdch spr\u00e1vnych \u013eud\u00ed.\u00a0<\/span><\/p>\n<p>&nbsp;<\/p>\n<p><center><\/center><\/p>","protected":false},"excerpt":{"rendered":"<p>Modern\u00fd pracovn\u00fd port\u00e1l mus\u00ed na\u0161e siln\u00e9 str\u00e1nky n\u00e1js\u0165, hovor\u00ed spoluzakladate\u013e port\u00e1lu na h\u013eadanie pr\u00e1ce novej gener\u00e1cie.<\/p>","protected":false},"author":1,"featured_media":0,"comment_status":"closed","ping_status":"closed","sticky":false,"template":"","format":"standard","meta":{"footnotes":""},"categories":[51],"tags":[],"class_list":["post-7288","post","type-post","status-publish","format-standard","hentry","category-archiv","two-columns"],"_links":{"self":[{"href":"https:\/\/instrid.sk\/en\/wp-json\/wp\/v2\/posts\/7288","targetHints":{"allow":["GET"]}}],"collection":[{"href":"https:\/\/instrid.sk\/en\/wp-json\/wp\/v2\/posts"}],"about":[{"href":"https:\/\/instrid.sk\/en\/wp-json\/wp\/v2\/types\/post"}],"author":[{"embeddable":true,"href":"https:\/\/instrid.sk\/en\/wp-json\/wp\/v2\/users\/1"}],"replies":[{"embeddable":true,"href":"https:\/\/instrid.sk\/en\/wp-json\/wp\/v2\/comments?post=7288"}],"version-history":[{"count":0,"href":"https:\/\/instrid.sk\/en\/wp-json\/wp\/v2\/posts\/7288\/revisions"}],"wp:attachment":[{"href":"https:\/\/instrid.sk\/en\/wp-json\/wp\/v2\/media?parent=7288"}],"wp:term":[{"taxonomy":"category","embeddable":true,"href":"https:\/\/instrid.sk\/en\/wp-json\/wp\/v2\/categories?post=7288"},{"taxonomy":"post_tag","embeddable":true,"href":"https:\/\/instrid.sk\/en\/wp-json\/wp\/v2\/tags?post=7288"}],"curies":[{"name":"wp","href":"https:\/\/api.w.org\/{rel}","templated":true}]}}