{"id":7290,"date":"2021-11-04T00:00:00","date_gmt":"2021-11-03T23:00:00","guid":{"rendered":"https:\/\/instrid.sk\/uncategorized\/aktualne-svetovi-lidri-sa-zaviazali-zastavit-odlesnovanie-a-znizit-emisie-metanu\/"},"modified":"2021-11-04T00:00:00","modified_gmt":"2021-11-03T23:00:00","slug":"aktualne-svetovi-lidri-sa-zaviazali-zastavit-odlesnovanie-a-znizit-emisie-metanu","status":"publish","type":"post","link":"https:\/\/instrid.sk\/en\/archiv\/aktualne-svetovi-lidri-sa-zaviazali-zastavit-odlesnovanie-a-znizit-emisie-metanu\/","title":{"rendered":"Aktu\u00e1lne: Svetov\u00ed l\u00eddri sa zaviazali zastavi\u0165 odles\u0148ovanie a zn\u00ed\u017ei\u0165 emisie met\u00e1nu"},"content":{"rendered":"<p>Brit\u00e1nia priv\u00edtala <strong>z\u00e1v\u00e4zok viac ako sto kraj\u00edn sveta ukon\u010di\u0165 odles\u0148ovanie v nadch\u00e1dzaj\u00facom desa\u0165ro\u010d\u00ed<\/strong>. Iniciat\u00edvu podp\u00edsali aj predstavitelia Braz\u00edlie, kde doch\u00e1dza k\u00a0mas\u00edvnemu \u00fabytku da\u017e\u010fov\u00e9ho pralesa. Svetov\u00ed l\u00eddri sa v r\u00e1mci tejto iniciat\u00edvy na summite COP26 zaviazali k zastaveniu a zvr\u00e1teniu odles\u0148ovania a znehodnocovania p\u00f4dy.<\/p>\n Ilustra\u010dn\u00fd obr\u00e1zok. Zdroj: pexels.com\n<p>Chr\u00e1ni\u0165 chc\u00fa aj p\u00f4vodn\u00fdch obyvate\u013eov da\u017e\u010fov\u00fdch pralesov. Mnoh\u00e9 \u0161t\u00fadie toti\u017e preuk\u00e1zali, \u017ee <strong>najlep\u0161\u00edm sp\u00f4sobom, ako chr\u00e1ni\u0165 svetov\u00e9 lesy, je zveri\u0165 ich do r\u00fak p\u00f4vodn\u00e9ho miestneho obyvate\u013estva<\/strong>. Pr\u00e1ve domorodci si \u010dasto z gener\u00e1cie na gener\u00e1ciu pred\u00e1vaj\u00fa poznatky o tom, ako lesy zachov\u00e1va\u0165. Informuje port\u00e1l tvnoviny.sk.<\/p>\n<p>\u201eKlimatick\u00e9 zmeny a <strong>biodiverzita <\/strong>s\u00fa dvomi stranami jednej mince. Tak\u017ee ochrana na\u0161ich lesov nie je len spr\u00e1vnym krokom v boji proti klimatick\u00fdm zmen\u00e1m, ale aj spr\u00e1vnym smerom k prosperuj\u00facej bud\u00facnosti pre n\u00e1s v\u0161etk\u00fdch,&#8220; uviedol britsk\u00fd premi\u00e9r Boris Johnson, pre ktor\u00e9ho je t\u00e1to dohoda k\u013e\u00fa\u010dov\u00e1.<\/p>\n<h3><strong>Dodr\u017eia l\u00eddri svoje z\u00e1v\u00e4zky?<\/strong><\/h3>\n<p>\u201ePodp\u00edsanie deklar\u00e1cie je t\u00e1 jednoduch\u00e1 \u010das\u0165,&#8220; uviedol na soci\u00e1lnej sieti gener\u00e1lny tajomn\u00edk OSN Ant\u00f3nio Guterres, pri\u010dom d\u00f4le\u017eitej\u0161ie s\u00fa pod\u013ea neho \u010diny.<\/p>\n<p>Hoci Brit\u00e1nia tento krok pova\u017euje za prv\u00fd ve\u013ek\u00fd \u00faspech klimatickej konferencie, odborn\u00edci s\u00fa skeptick\u00ed. Pod\u013ea nich politici d\u00e1vali podobn\u00e9 ve\u013ekolep\u00e9 s\u013euby aj predt\u00fdm a vz\u00e1p\u00e4t\u00ed ich poru\u0161ovali. Informuje tla\u010dov\u00e1 agent\u00fara AP. Ved\u00faca v\u00fdskumn\u00e1 pracovn\u00ed\u010dka Alison Hoare pre AP podotkla, \u017ee svetov\u00fd l\u00eddri u\u017e v\u00a0roku 2014 s\u013eubovali ukon\u010di\u0165 odles\u0148ovanie do roku 2030. Napriek tomu sa <strong>tempo odles\u0148ovania v mnoh\u00fdch krajin\u00e1ch zr\u00fdchlilo.<\/strong><\/p>\n<p>D\u00f4le\u017eitos\u0165 lesn\u00fdch ekosyst\u00e9mov spo\u010d\u00edva najm\u00e4 v\u00a0<strong>absorbovan\u00ed oxidu uhli\u010dit\u00e9ho z\u00a0atmosf\u00e9ry<\/strong>. CO2 toti\u017e patr\u00ed medzi hlavn\u00e9 sklen\u00edkov\u00e9 plyny. Av\u0161ak hodnota dreva a rast\u00faci dopyt po po\u013enohospod\u00e1rskej a pastevnej p\u00f4de ved\u00fa najm\u00e4 v\u00a0rozvojov\u00fdch krajin\u00e1ch k rozsiahlemu a \u010dasto <strong>nez\u00e1konn\u00e9mu v\u00fdrubu lesov.<\/strong> Ohrozen\u00e9 s\u00fa nielen lesy, ale aj domorod\u00e9 obyvate\u013estvo.<\/p>\n<h3><strong>Zni\u017eova\u0165 chc\u00fa aj emisie met\u00e1nu<\/strong><\/h3>\n<p>Predsedn\u00ed\u010dka Eur\u00f3pskej komisie, Ursula von der Leyenov\u00e1, v utorok v Glasgowe ozn\u00e1mila, \u017ee pribli\u017ene sto kraj\u00edn podp\u00edsalo <strong>glob\u00e1lny z\u00e1v\u00e4zok zn\u00ed\u017ei\u0165 do roku 2030 emisie met\u00e1nu<\/strong> o tridsa\u0165 percent \u00farovne z roku 2020. Pod\u013ea nej <strong>zn\u00ed\u017eenie emisi\u00ed met\u00e1nu okam\u017eite spomal\u00ed zmenu kl\u00edmy<\/strong>, informuje spravodajsk\u00fd port\u00e1l CNN. Tento siln\u00fd sklen\u00edkov\u00fd plyn, bez farby a\u00a0z\u00e1pachu, je hlavnou zlo\u017ekou zemn\u00e9ho plynu a v kr\u00e1tkodobom horizonte m\u00e1 osemdesiat kr\u00e1t v\u00e4\u010d\u0161iu hrejiv\u00fa silu ako oxid uhli\u010dit\u00fd.<\/p>\n<p>Helen Mountfordov\u00e1, viceprezidentka pre kl\u00edmu a ekonomiku v environment\u00e1lnej v\u00fdskumnej organiz\u00e1cii World Resources Institute, uviedla, \u017ee <strong>zn\u00ed\u017eenie emisi\u00ed met\u00e1nu je nevyhnutn\u00e9 na to, aby sa zabr\u00e1nilo otep\u013eovaniu plan\u00e9ty nad 1,5 stup\u0148a Celzia<\/strong>.<\/p>\n<h3><strong>Pomoc Juhoafrickej republike<\/strong><\/h3>\n<p>Spojen\u00e9 \u0161t\u00e1ty americk\u00e9, Spojen\u00e9 kr\u00e1\u013eovstvo a krajiny Eur\u00f3pskej \u00fanie ozn\u00e1mili, \u017ee v <strong>Juhoafrickej republike <\/strong><strong>pom\u00f4\u017eu financova\u0165 postupn\u00fd prechod od uhlia<\/strong> k in\u00fdm udr\u017eate\u013enej\u0161\u00edm energetick\u00fdm zdrojom. Juhoafrick\u00e1 republika pritom celosvetovo patr\u00ed medzi krajiny s <strong>najv\u00e4\u010d\u0161ou z\u00e1vislos\u0165ou od uhlia.<\/strong> T\u00fdmto krokom chc\u00fa svetov\u00ed l\u00eddri uk\u00e1za\u0165 smerovanie in\u00fdm rozvojov\u00fdm krajin\u00e1m, informuje spravodajsk\u00fd port\u00e1l CNN.<\/p>\n \u0164a\u017eba uhlia, Indon\u00e9zia. Ilustra\u010dn\u00fd obr\u00e1zok, zdroj: unspash.com\n<h3><strong>Mlad\u00e1 gener\u00e1cia vie, \u017ee n\u00e1m doch\u00e1dza \u010das<\/strong><\/h3>\n<p>Na utor\u0148aj\u0161om klimatickom summite v\u00a0Glasgowe <strong>so svoj\u00edm prejavom vyst\u00fapila aj prezidentka Slovenskej republiky,<\/strong> Zuzana \u010caputov\u00e1, ktor\u00e1 upriamila pozornos\u0165 na obavy mlad\u00fdch Slov\u00e1kov.<\/p>\n<p>\u201eMlad\u00e1 gener\u00e1cia tomu rozumie. V mojej krajine, na Slovensku, sa <strong>\u0161tyridsa\u0165dva percent mlad\u00fdch \u013eud\u00ed ve\u013emi ob\u00e1va klimatickej kr\u00edzy<\/strong>. Sedemdesiattri percent si mysl\u00ed, \u017ee \u013eudstvo v starostlivosti o na\u0161u plan\u00e9tu zlyhalo. Dve tretiny pova\u017euj\u00fa opatrenia politikov na rie\u0161enie klimatickej kr\u00edzy za sklamanie. Ned\u00e1vna \u0161t\u00fadia z kraj\u00edn po celom svete uk\u00e1zala, \u017ee <strong>\u0161tyridsa\u0165 percent mlad\u00fdch \u013eud\u00ed zva\u017euje, \u010di ma\u0165 pre klimatick\u00fa kr\u00edzu deti<\/strong>. Je jasn\u00e9, \u017ee mlad\u00e1 gener\u00e1cia vie, \u017ee n\u00e1m doch\u00e1dza \u010das. A n\u00e1m politikom u\u017e doch\u00e1dzaj\u00fa v\u00fdhovorky,\u201c pouk\u00e1zala na situ\u00e1ciu.<\/p>\n<p>Prezidentka pozit\u00edvne vn\u00edma <strong>zn\u00ed\u017eenie emisi\u00ed V Eur\u00f3pskej \u00fani\u00ed, ale aj na Slovensku<\/strong>: \u201eEmisie Slovenska v porovnan\u00ed s rokom 1990 klesli o\u00a0\u0161tyridsa\u0165\u0161es\u0165 percent, emisie met\u00e1nu s\u00fa ni\u017e\u0161ie o viac ako o polovicu.\u201c Z\u00e1rove\u0148 poukazuje na <strong>zintenz\u00edvnenie glob\u00e1lneho \u00fasilia v\u00a0boji proti klimatickej kr\u00edze <\/strong>vo v\u0161etk\u00fdch krajin\u00e1ch sveta.<\/p>\n<p>&nbsp;<\/p>","protected":false},"excerpt":{"rendered":"<p>Brit\u00e1nia priv\u00edtala z\u00e1v\u00e4zok viac ako sto kraj\u00edn sveta ukon\u010di\u0165 odles\u0148ovanie v nadch\u00e1dzaj\u00facom desa\u0165ro\u010d\u00ed. Iniciat\u00edvu podp\u00edsali aj predstavitelia Braz\u00edlie, kde doch\u00e1dza k\u00a0mas\u00edvnemu \u00fabytku da\u017e\u010fov\u00e9ho pralesa. Svetov\u00ed<\/p>","protected":false},"author":1,"featured_media":0,"comment_status":"closed","ping_status":"closed","sticky":false,"template":"","format":"standard","meta":{"footnotes":""},"categories":[51],"tags":[],"class_list":["post-7290","post","type-post","status-publish","format-standard","hentry","category-archiv","two-columns"],"_links":{"self":[{"href":"https:\/\/instrid.sk\/en\/wp-json\/wp\/v2\/posts\/7290","targetHints":{"allow":["GET"]}}],"collection":[{"href":"https:\/\/instrid.sk\/en\/wp-json\/wp\/v2\/posts"}],"about":[{"href":"https:\/\/instrid.sk\/en\/wp-json\/wp\/v2\/types\/post"}],"author":[{"embeddable":true,"href":"https:\/\/instrid.sk\/en\/wp-json\/wp\/v2\/users\/1"}],"replies":[{"embeddable":true,"href":"https:\/\/instrid.sk\/en\/wp-json\/wp\/v2\/comments?post=7290"}],"version-history":[{"count":0,"href":"https:\/\/instrid.sk\/en\/wp-json\/wp\/v2\/posts\/7290\/revisions"}],"wp:attachment":[{"href":"https:\/\/instrid.sk\/en\/wp-json\/wp\/v2\/media?parent=7290"}],"wp:term":[{"taxonomy":"category","embeddable":true,"href":"https:\/\/instrid.sk\/en\/wp-json\/wp\/v2\/categories?post=7290"},{"taxonomy":"post_tag","embeddable":true,"href":"https:\/\/instrid.sk\/en\/wp-json\/wp\/v2\/tags?post=7290"}],"curies":[{"name":"wp","href":"https:\/\/api.w.org\/{rel}","templated":true}]}}