{"id":7292,"date":"2021-11-05T00:00:00","date_gmt":"2021-11-04T23:00:00","guid":{"rendered":"https:\/\/instrid.sk\/uncategorized\/facebook-uz-nebude-obsahovat-funkciu-rozpoznavania-tvari\/"},"modified":"2021-11-05T00:00:00","modified_gmt":"2021-11-04T23:00:00","slug":"facebook-uz-nebude-obsahovat-funkciu-rozpoznavania-tvari","status":"publish","type":"post","link":"https:\/\/instrid.sk\/en\/archiv\/facebook-uz-nebude-obsahovat-funkciu-rozpoznavania-tvari\/","title":{"rendered":"Facebook u\u017e nebude obsahova\u0165 funkciu rozpozn\u00e1vania tv\u00e1r\u00ed"},"content":{"rendered":"<p><strong>Spolo\u010dnos\u0165 Meta (b\u00fdval\u00fd Facebook)<\/strong> ozn\u00e1mila, \u017ee v nasleduj\u00facich t\u00fd\u017ed\u0148och <strong>ukon\u010d\u00ed svoj syst\u00e9m rozpozn\u00e1vania tv\u00e1r\u00ed<\/strong>. Odvol\u00e1va sa pri tom na <strong>rast\u00face obavy spolo\u010dnosti<\/strong> z pou\u017e\u00edvania tejto technol\u00f3gie a v\u00e4\u010d\u0161\u00ed<strong> tlak na ochranu s\u00fakromia pou\u017e\u00edvate\u013eov<\/strong>.<\/p>\n<p>Funkcia, ktor\u00fa spolo\u010dnos\u0165 Meta (vtedy Facebook) zakomponovala do svojej soci\u00e1lnej siete Facebook, umo\u017e\u0148ovala <strong>automatick\u00fa identifik\u00e1ciu pou\u017e\u00edvate\u013eov na fotografi\u00e1ch a vide\u00e1ch<\/strong>. Syst\u00e9m pou\u017e\u00edvate\u013ea upozornil, ak niekto zverejnil fotografiu, na ktorej sa nach\u00e1dzal a z\u00e1rove\u0148 umo\u017enil, aby sa na fotografii ozna\u010dil.<\/p>\n<h3>Kontroverzn\u00e1 funkcia soci\u00e1lnej siete Facebook<\/h3>\n<p>Takto <strong>skenovan\u00e9 umelou inteligenciou<\/strong> boli v\u0161etky obr\u00e1zky nahran\u00e9 na Facebook <strong>od roku 2010<\/strong>. Hne\u010f po zaveden\u00ed sa stala funkcia verejne kritizovanou, nako\u013eko ne\u017eiadala pou\u017e\u00edvate\u013eov o povolenie. Spolo\u010dnos\u0165 musela dokonca v roku 2012 funkciu rozpozn\u00e1vania tv\u00e1r\u00ed v Eur\u00f3pskej \u00fanii vypn\u00fa\u0165. Znovu ju zapla a\u017e v roku 2018.<\/p>\n<p>Spolo\u010dnos\u0165 tie\u017e uva\u017eovala o\u00a0<strong>zakomponovan\u00ed funkcie rozpozn\u00e1vania tv\u00e1r\u00ed do svojich inteligentn\u00fdch okuliarov<\/strong>. Zamestnanci spolo\u010dnosti v\u0161ak vyjadrili obavy, \u017ee by tak\u00e1to technol\u00f3gia mohla by\u0165 zneu\u017eit\u00e1. Prv\u00fd model t\u00fdchto okuliar\u00ed, Ray-Ban Stories, rozpozn\u00e1vanie tv\u00e1r\u00ed neumo\u017e\u0148uje.<\/p>\n<h3>Funkcia bola na Facebooku popul\u00e1rna<\/h3>\n<p>Spolo\u010dnos\u0165 uviedla, \u017ee si <strong>funkciu rozpozn\u00e1vania tv\u00e1r\u00ed aktivovala viac ako jedna tretina<\/strong> akt\u00edvnych <strong>pou\u017e\u00edvate\u013eov<\/strong> platformy Facebook. Obmedzenie teda postihne \u00fa\u010dty viac ako 1 miliardy \u013eud\u00ed. Spolu s vypnut\u00edm funkcie rozpoznania tv\u00e1r\u00ed sa zo soci\u00e1lnej siete Facebook <strong>vyma\u017e\u00fa aj v\u0161etky zhroma\u017eden\u00e9 biometrick\u00e9 \u00fadaje<\/strong>. Odstr\u00e1nenie funkcie sa pod\u013ea hovorcu spolo\u010dnosti Meta spust\u00ed celosvetovo a bude dokon\u010den\u00e9 do decembra.<\/p>\n<p>Jerome Pesenti, viceprezident pre umel\u00fa inteligenciu v spolo\u010dnosti Meta, vysvetlil, \u017ee <strong>zatia\u013e neexistuje jasn\u00fd s\u00fabor pravidiel<\/strong>, ktor\u00fdmi by sa pou\u017e\u00edvanie takejto slu\u017eby riadilo. Pr\u00e1ve preto obmedzuj\u00fa slu\u017ebu rozpozn\u00e1vania tv\u00e1r\u00ed, pok\u00fdm regula\u010dn\u00e9 \u00farady nestanovia jasn\u00e9 pravidl\u00e1. Funkcia bude zatia\u013e povolen\u00e1 len v \u0161pecifick\u00fdch pr\u00edpadoch.<\/p>\n Soci\u00e1lna sie\u0165 Facebook [Unsplash]\n<p>Odstr\u00e1nenie funkcie rozpozn\u00e1vania tv\u00e1r\u00ed prich\u00e1dza navy\u0161e v \u010dase, ke\u010f technologick\u00fd priemysel \u010del\u00ed kritike pre pou\u017e\u00edvanie tejto funkcie. Taktie\u017e je <strong>spolo\u010dnos\u0165 Meta<\/strong> v poslednej dobe <strong>pod intenz\u00edvnym doh\u013eadom regula\u010dn\u00fdch \u00faradov<\/strong> oh\u013eadom bezpe\u010dnosti jej pou\u017e\u00edvate\u013eov. <strong>Kritici tvrdia, \u017ee technol\u00f3gia rozpozn\u00e1vania tv\u00e1r\u00ed<\/strong>, ktor\u00e1 sa st\u00e1va \u010doraz popul\u00e1rnej\u0161ou v bezpe\u010dnostnom sektore medzi obchodn\u00edkmi, nemocnicami a firmami <strong>by mohla ohrozi\u0165 s\u00fakromie \u013eud\u00ed<\/strong> a zau\u017e\u00edva\u0165 sa ako met\u00f3da sledovania jednotlivcov alebo skup\u00edn.<\/p>\n<h3>Obmedzenia prijali aj \u010fal\u0161ie spolo\u010dnosti<\/h3>\n<p>Spolo\u010dnos\u0165 IBM napr\u00edklad natrvalo ukon\u010dila predaj zariaden\u00ed na rozpozn\u00e1vanie tv\u00e1r\u00ed. Rovnako aj spolo\u010dnosti Microsoft a Amazon pozastavili predaj svojich zariaden\u00ed s podobnou funkciou. Krok spolo\u010dnosti Meta v tomto smere teda priv\u00edtali hlavne skupiny presadzuj\u00face ochranu s\u00fakromia a digit\u00e1lne pr\u00e1va. Niektor\u00ed tvrdia, \u017ee by <strong>\u017eiadna spolo\u010dnos\u0165 nemala zhroma\u017e\u010fova\u0165 tak\u00e9 mno\u017estvo biometrick\u00fdch \u00fadajov<\/strong>. Uv\u00edtali by preto jasn\u00e9 pravidl\u00e1, ktor\u00e9 by tomu zabr\u00e1nili.<\/p>\n<p>Spolo\u010dnos\u0165 Meta ale nevyl\u00fa\u010dila pou\u017eitie technol\u00f3gie rozpozn\u00e1vania tv\u00e1r\u00ed v in\u00fdch produktoch a uviedla, \u017ee ju st\u00e1le pova\u017euje za <strong>v\u00fdkonn\u00fd n\u00e1stroj na overenie identity<\/strong>. Taktie\u017e by t\u00e1to funkcia mohla pod\u013ea spolo\u010dnosti zabr\u00e1ni\u0165 podvodom alebo odcudzeniu identity. Spolo\u010dnos\u0165 bude preto vo v\u00fdvoji tejto technol\u00f3gie pokra\u010dova\u0165 aj na\u010falej.<\/p>\n<p>&nbsp;<\/p>\n<p>&nbsp;<\/p>\n<p><span style=\"color: #999999\">Zdroje: CNET, New Scientist, Gadgets Now<\/span><\/p>","protected":false},"excerpt":{"rendered":"<p>Spolo\u010dnos\u0165 Meta (b\u00fdval\u00fd Facebook) ozn\u00e1mila, \u017ee v nasleduj\u00facich t\u00fd\u017ed\u0148och ukon\u010d\u00ed svoj syst\u00e9m rozpozn\u00e1vania tv\u00e1r\u00ed. Odvol\u00e1va sa pri tom na rast\u00face obavy spolo\u010dnosti z pou\u017e\u00edvania tejto<\/p>","protected":false},"author":1,"featured_media":0,"comment_status":"closed","ping_status":"closed","sticky":false,"template":"","format":"standard","meta":{"footnotes":""},"categories":[51],"tags":[],"class_list":["post-7292","post","type-post","status-publish","format-standard","hentry","category-archiv","two-columns"],"_links":{"self":[{"href":"https:\/\/instrid.sk\/en\/wp-json\/wp\/v2\/posts\/7292","targetHints":{"allow":["GET"]}}],"collection":[{"href":"https:\/\/instrid.sk\/en\/wp-json\/wp\/v2\/posts"}],"about":[{"href":"https:\/\/instrid.sk\/en\/wp-json\/wp\/v2\/types\/post"}],"author":[{"embeddable":true,"href":"https:\/\/instrid.sk\/en\/wp-json\/wp\/v2\/users\/1"}],"replies":[{"embeddable":true,"href":"https:\/\/instrid.sk\/en\/wp-json\/wp\/v2\/comments?post=7292"}],"version-history":[{"count":0,"href":"https:\/\/instrid.sk\/en\/wp-json\/wp\/v2\/posts\/7292\/revisions"}],"wp:attachment":[{"href":"https:\/\/instrid.sk\/en\/wp-json\/wp\/v2\/media?parent=7292"}],"wp:term":[{"taxonomy":"category","embeddable":true,"href":"https:\/\/instrid.sk\/en\/wp-json\/wp\/v2\/categories?post=7292"},{"taxonomy":"post_tag","embeddable":true,"href":"https:\/\/instrid.sk\/en\/wp-json\/wp\/v2\/tags?post=7292"}],"curies":[{"name":"wp","href":"https:\/\/api.w.org\/{rel}","templated":true}]}}