{"id":7293,"date":"2021-11-08T00:00:00","date_gmt":"2021-11-07T23:00:00","guid":{"rendered":"https:\/\/instrid.sk\/uncategorized\/aktualne-jednorazove-plasty-v-stravovacich-prevadzkach-dostali-stopku\/"},"modified":"2021-11-08T00:00:00","modified_gmt":"2021-11-07T23:00:00","slug":"aktualne-jednorazove-plasty-v-stravovacich-prevadzkach-dostali-stopku","status":"publish","type":"post","link":"https:\/\/instrid.sk\/en\/archiv\/aktualne-jednorazove-plasty-v-stravovacich-prevadzkach-dostali-stopku\/","title":{"rendered":"Aktu\u00e1lne: Jednorazov\u00e9 plasty v stravovac\u00edch prev\u00e1dzkach dostali stopku"},"content":{"rendered":"<p>V stredu 3. novembra 2021 poslanci parlamentu schv\u00e1lili nov\u00fa legislat\u00edvnu \u00fapravu, ktor\u00fa pripravilo Ministerstvo \u017eivotn\u00e9ho prostredia Slovenskej republiky.<strong>\u00a0Jednorazov\u00e9 plasty bud\u00fa v trval\u00fdch prev\u00e1dzkach verejn\u00e9ho a r\u00fdchleho stravovania zak\u00e1zan\u00e9. <\/strong><\/p>\n<p>To ist\u00e9 plat\u00ed aj pre verejn\u00e9 podujatia. Ob\u010derstveniu v jednorazov\u00fdch plastov\u00fdch v\u00fdrobkoch v tomto prostred\u00ed odzvonilo. <strong>Od za\u010diatku roka 2023 nebude tak\u00e9to plasty pou\u017e\u00edva\u0165 ani \u0161t\u00e1tna spr\u00e1va.<\/strong><\/p>\n<p>Noveliz\u00e1ciou pre\u0161iel z\u00e1kon o odpadoch a aj z\u00e1kon o z\u00e1lohovan\u00ed jednorazov\u00fdch obalov na n\u00e1poje.<\/p>\n<p>Pod\u013ea ministra \u017eivotn\u00e9ho prostredia Slovensko potrebuje <strong>efekt\u00edvne obehov\u00e9 hospod\u00e1rstvo, ktor\u00e9 bude spotrebite\u013eov motivova\u0165 k tomu, aby v\u00fdrobky pou\u017e\u00edvali op\u00e4tovne.<\/strong> J\u00e1n Budaj pova\u017euje za najlep\u0161\u00ed odpad pr\u00e1ve ten, ktor\u00fd nikdy nevznikne. \u201e<em>Dvojn\u00e1sobne to plat\u00ed pri plastoch, ktor\u00e9 s\u00fa u\u017e desa\u0165ro\u010dia ve\u013ekou z\u00e1\u0165a\u017eou pre slovensk\u00fa pr\u00edrodu. Ale ak sme u\u017e tak\u00fdto odpad vytvorili, je d\u00f4le\u017eit\u00e9 pripom\u00edna\u0165 si skuto\u010dn\u00fa hodnotu plastov\u00fdch odpadov a ich opakovan\u00fa vyu\u017eite\u013enos\u0165,\u201c<\/em> vyslovil minister Budaj.<\/p>\n<p>Novela z\u00e1kona o odpadoch tak odr\u00e1\u017ea smernicu Eur\u00f3pskej \u00fanie, ktor\u00e1 sa venuje zni\u017eovaniu vplyvu ur\u010dit\u00fdch plastov\u00fdch v\u00fdrobkov na \u017eivotn\u00e9 prostredie.<\/p>\n<h3>Jednorazov\u00e9 plasty maj\u00fa nahradi\u0165 opakovane pou\u017eite\u013en\u00e9 a biologicky rozlo\u017eite\u013en\u00e9 alternat\u00edvy<\/h3>\n<p><strong>Z\u00e1kaz pou\u017e\u00edvania jednorazov\u00fdch plastov na verejn\u00fdch podujatiach s\u00favis\u00ed s nespr\u00e1vnym trieden\u00edm.<\/strong> To sa v s\u00fa\u010dasnosti deje v 90 percent\u00e1ch pr\u00edpadov. Ak organiz\u00e1tor verejn\u00e9ho podujatia poskytne v\u00fdrobky, ktor\u00e9 s\u00fa biologicky rozlo\u017eite\u013en\u00e9, mal by zabezpe\u010di\u0165 aj ich n\u00e1sledn\u00fd trieden\u00fd zber.<\/p>\n<p>Po novom bude v\u00fdrobca jednorazov\u00e9ho plastov\u00e9ho v\u00fdrobku povinn\u00fd spotrebite\u013eovi pon\u00faknu\u0165 r\u00f4zne alternat\u00edvy. <strong>Rie\u0161en\u00edm je opakovane pou\u017eite\u013en\u00fd \u010di biologicky rozlo\u017eite\u013en\u00fd v\u00fdrobok, alebo poskytnutie v\u00fdrobku za \u00fahradu.<\/strong> &quot;<em>Ide o v\u00fdrobky, ktor\u00fdch spotreba sa m\u00e1 zn\u00ed\u017ei\u0165 za pou\u017eitia hospod\u00e1rskych n\u00e1strojov. Ide o zabezpe\u010denie toho, aby sa plastov\u00e9 v\u00fdrobky nahradili alternat\u00edvami, ktor\u00e9 s\u00fa op\u00e4tovne pou\u017eite\u013en\u00e9, ale neobsahuj\u00fa plasty,<\/em>\u201c uviedlo ministerstvo \u017eivotn\u00e9ho prostredia.<\/p>\n<p>Nov\u00e9 pravidl\u00e1 maj\u00fa tak <strong>zn\u00ed\u017ei\u0165 aj spotrebu poh\u00e1rov na n\u00e1poje vr\u00e1tane ich uz\u00e1verov a vie\u010dok.<\/strong> To ist\u00e9 plat\u00ed aj pre potravinov\u00e9 n\u00e1doby, ktor\u00e9 s\u00fa ur\u010den\u00e9 na priamu konzum\u00e1ciu alebo, z ktor\u00fdch sa je priamo, alebo aj pre tie n\u00e1doby, v ktor\u00fdch s\u00fa potraviny pripraven\u00e9 na konzum\u00e1ciu bez \u010fal\u0161ej pr\u00edpravy.<\/p>\n<p>Novela z\u00e1kona zah\u0155\u0148a aj v\u00fdrobcov tabakov\u00fdch v\u00fdrobkov. <strong>T\u00ed by sa po novom mali podie\u013ea\u0165 na n\u00e1kladoch, ktor\u00e9 sa sp\u00e1jaj\u00fa s vy\u010disten\u00edm prostredia od filtrov<\/strong>, ktor\u00e9 neskon\u010dili v odpadovej n\u00e1dobe.<\/p>\n Z\u00e1kaz pou\u017e\u00edvania jednorazov\u00fdch plastov na verejn\u00fdch podujatiach od\u00f4vod\u0148uje envirorezort smutn\u00fdm faktom- a\u017e v 90 percent\u00e1ch pr\u00edpadov doch\u00e1dza k ich nespr\u00e1vnemu triedeniu, Zdroj: Unsplash\/Jonathan Chng\n<h3>Preh\u013eadnej\u0161ie ozna\u010dovanie v\u00fdrobkov a lep\u0161ia informovanos\u0165 spotrebite\u013ea<\/h3>\n<p>Preh\u013eadnej\u0161ie ozna\u010dovanie v\u00fdrobkov a informovanie spotrebite\u013ea o tom, ako s nimi naklada\u0165 \u010do najvhodnej\u0161ie, s\u00fa tie\u017e novinkami, ktor\u00e9 sa maj\u00fa zavies\u0165. Plat\u00ed to pre hygienick\u00e9 potreby, vlh\u010den\u00e9 utierky, tabakov\u00e9 v\u00fdrobky s filtrami, ale aj pre poh\u00e1re na n\u00e1poje. <strong>Na v\u00fdrobkoch pribudn\u00fa inform\u00e1cie o pr\u00edtomnosti plastov a ich negat\u00edvnych vplyvoch na \u017eivotn\u00e9 prostredie.<\/strong> Povinn\u00fdm bude aj informovanie a motivovanie spotrebite\u013ea o alternat\u00edvach, ktor\u00e9 s\u00fa dostupn\u00e9 a op\u00e4tovne pou\u017eite\u013en\u00e9.<\/p>\n<p>Novela m\u00e1 by\u0165 \u00fa\u010dinn\u00e1 od 1. decembra. Obsahuje v\u0161ak viacer\u00e9 ustanovenia, ktor\u00e9 maj\u00fa neskor\u0161ie term\u00edny \u00fa\u010dinnosti.<\/p>\n<h3>Problematika plastov\u00fdch obalov<\/h3>\n<p>Vedeli ste o tom, \u017ee najv\u00e4\u010d\u0161\u00edm producentov plastov v Eur\u00f3pe je pr\u00e1ve obalov\u00fd priemysel? \u201e<strong>A\u017e 40 % produkcie plastov na eur\u00f3pskom trhu kon\u010d\u00ed v obaloch,\u201c\u00a0<\/strong>p\u00ed\u0161e sa na webov\u00fdch str\u00e1nkach spolo\u010dnosti NATUR-PACK, a.s. , ktor\u00e1 je Organiz\u00e1ciou zodpovednosti v\u00fdrobcov pre obaly.<\/p>\n<p>Netreba v\u0161ak zab\u00fada\u0165 na to, \u017ee <strong>plastov\u00e9 obaly m\u00f4\u017eu by\u0165 pre \u017eivote prostredie v ur\u010dit\u00fdch smeroch aj pr\u00ednosom.<\/strong> Potraviny s\u00fa v\u010faka nim dlh\u0161ie \u010derstv\u00e9, \u010do m\u00e1 za n\u00e1sledok menej potravinov\u00e9ho odpadu. Okrem toho je v\u00fdhodou aj ich n\u00edzka hmotnos\u0165, ktor\u00e1 zni\u017euje n\u00e1klady na prepravu v\u010faku ni\u017e\u0161ej spotrebe paliva. Nahradenie t\u00fdchto obalov in\u00fdmi materi\u00e1lmi, ako napr\u00edklad sklo, drevo alebo kov, by zv\u00fd\u0161ilo hmotnos\u0165 obalov na \u0161tvorn\u00e1sobok. Cena dopravy, spotreba energi\u00ed a z\u00e1rove\u0148 aj objem odpadu z obalov by sa zdvojn\u00e1sobil.<\/p>\n<p><strong>Pou\u017e\u00edvanie plastov sa za posledn\u00fdch 50 rokov zv\u00fd\u0161ilo a\u017e dvojn\u00e1sobne.<\/strong> V \u010fal\u0161\u00edch 20rokoch sa odhaduje jeho zdvojn\u00e1sobenie. Pr\u00e1ve preto je d\u00f4le\u017eit\u00e9 p\u00e1tranie po r\u00f4znych alternat\u00edvach, op\u00e4tovn\u00e9 pou\u017e\u00edvanie a recykl\u00e1cia u\u017e vyprodukovan\u00fdch plastov\u00fdch v\u00fdrobkov, a z\u00e1rove\u0148 aj obmedzenie ich pou\u017e\u00edvania.<\/p>\n<p><strong>Sources:<\/strong> MINZP, Aktuality, Denn\u00edk N, NATUR-PACK<\/p>\n<p><strong>Zdroj titulnej fotografie:\u00a0<\/strong>Unsplash\/Volodymyr Hryshchenko<\/p>","protected":false},"excerpt":{"rendered":"<p>V stredu 3. novembra 2021 poslanci parlamentu schv\u00e1lili nov\u00fa legislat\u00edvnu \u00fapravu, ktor\u00fa pripravilo Ministerstvo \u017eivotn\u00e9ho prostredia Slovenskej republiky.\u00a0Jednorazov\u00e9 plasty bud\u00fa v trval\u00fdch prev\u00e1dzkach verejn\u00e9ho a<\/p>","protected":false},"author":1,"featured_media":0,"comment_status":"closed","ping_status":"closed","sticky":false,"template":"","format":"standard","meta":{"footnotes":""},"categories":[51],"tags":[],"class_list":["post-7293","post","type-post","status-publish","format-standard","hentry","category-archiv","two-columns"],"_links":{"self":[{"href":"https:\/\/instrid.sk\/en\/wp-json\/wp\/v2\/posts\/7293","targetHints":{"allow":["GET"]}}],"collection":[{"href":"https:\/\/instrid.sk\/en\/wp-json\/wp\/v2\/posts"}],"about":[{"href":"https:\/\/instrid.sk\/en\/wp-json\/wp\/v2\/types\/post"}],"author":[{"embeddable":true,"href":"https:\/\/instrid.sk\/en\/wp-json\/wp\/v2\/users\/1"}],"replies":[{"embeddable":true,"href":"https:\/\/instrid.sk\/en\/wp-json\/wp\/v2\/comments?post=7293"}],"version-history":[{"count":0,"href":"https:\/\/instrid.sk\/en\/wp-json\/wp\/v2\/posts\/7293\/revisions"}],"wp:attachment":[{"href":"https:\/\/instrid.sk\/en\/wp-json\/wp\/v2\/media?parent=7293"}],"wp:term":[{"taxonomy":"category","embeddable":true,"href":"https:\/\/instrid.sk\/en\/wp-json\/wp\/v2\/categories?post=7293"},{"taxonomy":"post_tag","embeddable":true,"href":"https:\/\/instrid.sk\/en\/wp-json\/wp\/v2\/tags?post=7293"}],"curies":[{"name":"wp","href":"https:\/\/api.w.org\/{rel}","templated":true}]}}