{"id":7408,"date":"2021-12-20T00:00:00","date_gmt":"2021-12-19T23:00:00","guid":{"rendered":"https:\/\/instrid.sk\/uncategorized\/ako-si-vianoce-uzit-no-neohrozit-seba-a-blizkych-odporucania-odbornikov\/"},"modified":"2021-12-20T00:00:00","modified_gmt":"2021-12-19T23:00:00","slug":"ako-si-vianoce-uzit-no-neohrozit-seba-a-blizkych-odporucania-odbornikov","status":"publish","type":"post","link":"https:\/\/instrid.sk\/en\/archiv\/ako-si-vianoce-uzit-no-neohrozit-seba-a-blizkych-odporucania-odbornikov\/","title":{"rendered":"Ako si Vianoce u\u017ei\u0165, no neohrozi\u0165 seba a bl\u00edzkych? Toto odpor\u00fa\u010daj\u00fa odborn\u00edci"},"content":{"rendered":"<p>Znechutenie, strach, z\u00fafalstvo. Aj vy sa p\u00fdtate, kedy <strong>u\u017e skon\u010d\u00ed \u00e9ra koronav\u00edrusu<\/strong>? D\u00fafali ste, \u017ee tento rok bude v\u0161etko inak? Situ\u00e1cia je in\u00e1 akur\u00e1t v tom, \u017ee sa zmenili p\u00edsmenk\u00e1 gr\u00e9ckej abecedy a pribudol <strong>nov\u00fd variant Omicron.<\/strong><\/p>\n<p>Ten sa \u0161\u00edri r\u00fdchlej\u0161ie ne\u017e predch\u00e1dzaj\u00face a objavil sa v tom najhor\u0161om \u010dase, kr\u00e1tko pred <strong>Vianocami<\/strong>. Predstavuje nov\u00fa hrozbu, o ktorej nevieme ve\u013ea, a preto sme mnoh\u00ed v pomykove. P\u00f4jdeme na dovolenku alebo nie? Nav\u0161t\u00edvime rodinu, odd\u00fdchneme si s priate\u013emi na chate, vychutn\u00e1me si <strong>ly\u017eova\u010dku<\/strong> or <strong>zostaneme doma<\/strong>?<\/p>\n<p>Probl\u00e9mom je, \u017ee sa v<strong> mnoh\u00fdch ot\u00e1zkach nezhodn\u00fa ani politici s odborn\u00edkmi<\/strong>, tak\u017ee namiesto zrozumite\u013en\u00fdch a jasn\u00fdch odpor\u00fa\u010dan\u00ed, \u010di neodpor\u00fa\u010dan\u00ed, m\u00e1me chaotick\u00e9 vyhl\u00e1\u0161ky meniace sa zo d\u0148a na de\u0148. Z\u00e1kaz vych\u00e1dzania st\u00e1le plat\u00ed. V\u00fdnimkou s\u00fa zao\u010dkovan\u00ed, ktor\u00ed m\u00f4\u017eu \u00eds\u0165 na ly\u017eova\u010dku alebo predviano\u010dn\u00e9 n\u00e1kupy, zatia\u013e \u010do nav\u0161t\u00edvi\u0165 rodi\u010dov nem\u00f4\u017ee nik. To, \u017ee toto nariadenie ned\u00e1va zmysel, si nesk\u00f4r uvedomili aj politici, ktor\u00ed pl\u00e1nuj\u00fa o zmen\u00e1ch e\u0161te rokova\u0165.<\/p>\n<h3><strong>Najlep\u0161ou ochranou je o\u010dkovanie <\/strong><\/h3>\n<p>Slovensk\u00ed i svetov\u00ed odborn\u00edci vedia, \u017ee <strong>viano\u010dn\u00fdm n\u00e1v\u0161tev\u00e1m nezabr\u00e1nia<\/strong>. Asi preto sa o to ani nesna\u017eia. Za najlep\u0161iu ochranu pova\u017euj\u00fa <strong>vakcin\u00e1ciu<\/strong>. Anthony Fauci, popredn\u00fd odborn\u00edk na infek\u010dn\u00e9 choroby v USA, sa po\u010das minul\u00fdch sviatkov kv\u00f4li \u0161\u00edreniu koronav\u00edrusu nestretol so svojimi tromi dospel\u00fdmi dc\u00e9rami.<\/p>\n<p>Ale tento rok s\u00fa<strong> Fauci<\/strong>, jeho man\u017eelka a jeho dc\u00e9ry plne zao\u010dkovan\u00ed a pl\u00e1nuj\u00fa str\u00e1vi\u0165 pr\u00e1zdniny spolu. Rovnako sa chc\u00fa sa stretn\u00fa\u0165 aj s nieko\u013ek\u00fdmi zao\u010dkovan\u00fdmi priate\u013emi. Informuje spravodajsk\u00fd port\u00e1l apnews.com. \u201eM\u00f4\u017eeme sa c\u00edti\u0165 bezpe\u010dne. Ni\u010d nie je sto percent bez rizika,\u201c vyjadril sa Fauci v rel\u00e1cii <em>Nightly News<\/em> telev\u00edzie NBC.<\/p>\n Svetov\u00ed i slovensk\u00ed odborn\u00edci najm\u00e4 v predviano\u010dnom \u010dase odpor\u00fa\u010daj\u00fa vakcin\u00e1ciu proti koronav\u00edrusu. Zdroj ilustra\u010dn\u00e9ho obr\u00e1zku: pecxels.com\n<p>K <strong>o\u010dkovaniu<\/strong> na tla\u010dovej konferencii vyz\u00fdval \u013eud\u00ed aj slovensk\u00fd minister zdravotn\u00edctva Vladim\u00edr Lengvarsk\u00fd. Pripom\u00ednal <strong>Slov\u00e1kom<\/strong>, \u017ee tak\u00fdmto sp\u00f4sobom <strong>ochr\u00e1nia seba, svojich bl\u00edzkych aj zdravotn\u00fd syst\u00e9m<\/strong>. Pr\u00e1ve posledn\u00fd t\u00fd\u017ede\u0148 pred Vianocami, od 12. do 17. decembra, v slovensk\u00fdch mest\u00e1ch prebiehala kampa\u0148 <em>Darujme si Vianoce<\/em>. Jej cie\u013eom bolo nielen zv\u00fd\u0161i\u0165 zao\u010dkovanos\u0165, ale aj informovanos\u0165 o\u00a0d\u00f4le\u017eitosti o\u010dkovania.<\/p>\n<p>\u201eOb\u010danom nad 50 rokov, ktor\u00ed u\u017e maj\u00fa dve d\u00e1vky, odpor\u00fa\u010dam ur\u010dite prija\u0165 do Vianoc aj tretiu, ak s\u00fa v \u010dasovom okne. Mus\u00edme si uvedomi\u0165, \u017ee n\u00e1s pravdepodobne \u010dak\u00e1 <strong>omikronov\u00e1 vlna<\/strong>, pre ktorej \u0161\u00edrenie bude pr\u00e1ve sviato\u010dn\u00e9 obdobie ide\u00e1lne,\u201c pre tvnoviny.sk sa vyjadril lek\u00e1r a prim\u00e1r intern\u00e9ho oddelenia nemocnice v Pova\u017eskej Bystrici Milan Kulkovsk\u00fd. Ak s\u00fa v\u0161etci \u010dlenovia rodiny zao\u010dkovan\u00ed, stret\u00e1vanie sa je bezpe\u010dnej\u0161ie, no ani to nie je stopercentn\u00e1 ochrana pred infikovan\u00edm.\u00a0 Av\u0161ak <strong>o\u010dkovanie zmier\u0148uje priebeh ochorenia.<\/strong><\/p>\n<h3><strong>Na ve\u013ek\u00e9 oslavy v interi\u00e9ri tento rok zabudnite<\/strong><\/h3>\n<p><strong>Najv\u00e4\u010d\u0161ou hrozbo<\/strong>u s\u00fa pod\u013ea viacer\u00fdch odborn\u00edkov <strong>predviano\u010dn\u00e9, viano\u010dn\u00e9 alebo novoro\u010dn\u00e9 p\u00e1rty a oslavy v interi\u00e9ri<\/strong>, kde sa stret\u00e1va mno\u017estvo \u013eud\u00ed. Na oslav\u00e1ch sa prirodzene je, pije a tancuje, tak\u017ee r\u00fa\u0161ka a respir\u00e1tory pravdepodobne zostan\u00fa v kabelke a pred v\u00edrusom neochr\u00e1nia.<\/p>\n<p>\u201eNa ve\u013ekej p\u00e1rty v interi\u00e9ri m\u00f4\u017ee j<strong>edna osoba bez masky sp\u00f4sobi\u0165 infekciu mnoh\u00fdch \u013eud\u00ed<\/strong>,\u201c pre AP vysvetlila Dr. Celine Gounderov\u00e1 z NYU Grossman School of Medicine. Pripom\u00edna, \u017ee ani vakc\u00edna nie je z\u00e1rukou. Nemali by sme sa spolieha\u0165 ani na to, \u017ee nakazen\u00e9ho prezradia pr\u00edznaky. V\u00edrus sa m\u00f4\u017ee \u0161\u00edri\u0165 ove\u013ea sk\u00f4r, ne\u017e sa ak\u00e9ko\u013evek pr\u00edznaky prejavia.<\/p>\n<p>Na predviano\u010dn\u00e9 oslavy upozor\u0148uje aj Kulkovsk\u00fd: \u201ePova\u017eujem za automatick\u00e9, \u017ee pracovn\u00e9 kolekt\u00edvy nebud\u00fa pred odchodom na dovolenky riskova\u0165 na tajn\u00fdch viano\u010dn\u00fdch ve\u010dierkoch. Aspo\u0148 to\u013eko rozumu by sme mali ma\u0165.\u201c<\/p>\n<p>\u010co pod\u013ea odborn\u00edkov spravi\u0165, aby na\u0161e n\u00e1v\u0161tevy boli \u010do najbezpe\u010dnej\u0161ie? <strong>Stret\u00e1vajme sa len s najbli\u017e\u0161\u00edmi,<\/strong> najlep\u0161ie <strong>plne zao\u010dkovan\u00fdmi \u013eu\u010fmi<\/strong>. Taktie\u017e<strong> nosme r\u00fa\u0161ka \u010di respir\u00e1tory<\/strong>, \u010dastej\u0161ie <strong>vetrajme<\/strong> or <strong>spustime \u010disti\u010dku vzduchu s HEPA filtrom<\/strong>. Ak sa d\u00e1, vyh\u00fdbajme sa preplnen\u00fdm uzavret\u00fdm priestorom.<\/p>\n<h3><strong>Pri cestovan\u00ed nezab\u00fadajte nosi\u0165 respir\u00e1tor<\/strong><\/h3>\n<p>Ak pl\u00e1nujete <strong>cestova\u0165 po\u010das Vianoc do zahrani\u010dia<\/strong>, skontrolujte si predov\u0161etk\u00fdm pandemick\u00fa situ\u00e1ciu vo va\u0161ej cie\u013eovej destin\u00e1cii, ako aj aktu\u00e1lne pravidl\u00e1 v s\u00favislosti so \u0161\u00edren\u00edm variantu Omicron. Najm\u00e4 <strong>na preplnen\u00fdch letisk\u00e1ch bu\u010fte obzvl\u00e1\u0161\u0165 opatrn\u00ed pri nosen\u00ed respir\u00e1torov<\/strong>, vysvet\u013euje Fauci.<\/p>\n<p>\u201eNoste svoju masku st\u00e1le,\u201c povedal Fauci pre podcast <em>Wall Street Journal<\/em>. Vysvet\u013euje, \u017ee hoci v lietadle si ju da\u0165 dole nesmieme, na letisku n\u00e1m to za\u010dne by\u0165 jedno a r\u00fa\u0161ko si zlo\u017e\u00edme. Zab\u00fadame, \u017ee sme v preplnenom prostred\u00ed, kde sa v\u00edrus r\u00fdchlo \u0161\u00edri\u0165 a to je chyba.<\/p>\n Ilustra\u010dn\u00fd obr\u00e1zok. Zdroj: pexels.com","protected":false},"excerpt":{"rendered":"<p>Znechutenie, strach, z\u00fafalstvo. Aj vy sa p\u00fdtate, kedy u\u017e skon\u010d\u00ed \u00e9ra koronav\u00edrusu? D\u00fafali ste, \u017ee tento rok bude v\u0161etko inak? Situ\u00e1cia je in\u00e1 akur\u00e1t v<\/p>","protected":false},"author":1,"featured_media":0,"comment_status":"closed","ping_status":"closed","sticky":false,"template":"","format":"standard","meta":{"footnotes":""},"categories":[51],"tags":[],"class_list":["post-7408","post","type-post","status-publish","format-standard","hentry","category-archiv","two-columns"],"_links":{"self":[{"href":"https:\/\/instrid.sk\/en\/wp-json\/wp\/v2\/posts\/7408","targetHints":{"allow":["GET"]}}],"collection":[{"href":"https:\/\/instrid.sk\/en\/wp-json\/wp\/v2\/posts"}],"about":[{"href":"https:\/\/instrid.sk\/en\/wp-json\/wp\/v2\/types\/post"}],"author":[{"embeddable":true,"href":"https:\/\/instrid.sk\/en\/wp-json\/wp\/v2\/users\/1"}],"replies":[{"embeddable":true,"href":"https:\/\/instrid.sk\/en\/wp-json\/wp\/v2\/comments?post=7408"}],"version-history":[{"count":0,"href":"https:\/\/instrid.sk\/en\/wp-json\/wp\/v2\/posts\/7408\/revisions"}],"wp:attachment":[{"href":"https:\/\/instrid.sk\/en\/wp-json\/wp\/v2\/media?parent=7408"}],"wp:term":[{"taxonomy":"category","embeddable":true,"href":"https:\/\/instrid.sk\/en\/wp-json\/wp\/v2\/categories?post=7408"},{"taxonomy":"post_tag","embeddable":true,"href":"https:\/\/instrid.sk\/en\/wp-json\/wp\/v2\/tags?post=7408"}],"curies":[{"name":"wp","href":"https:\/\/api.w.org\/{rel}","templated":true}]}}