{"id":7420,"date":"2021-12-28T00:00:00","date_gmt":"2021-12-27T23:00:00","guid":{"rendered":"https:\/\/instrid.sk\/uncategorized\/to-by-ste-na-neho-nepovedali-sylvester-stallone-vymenil-kameru-za-stetec\/"},"modified":"2021-12-28T00:00:00","modified_gmt":"2021-12-27T23:00:00","slug":"to-by-ste-na-neho-nepovedali-sylvester-stallone-vymenil-kameru-za-stetec","status":"publish","type":"post","link":"https:\/\/instrid.sk\/en\/archiv\/to-by-ste-na-neho-nepovedali-sylvester-stallone-vymenil-kameru-za-stetec\/","title":{"rendered":"To by ste na neho nepovedali: Sylvester Stallone vymenil kameru za \u0161tetec"},"content":{"rendered":"Sylvester Stallone p\u00f3zuje so svojim obrazom (Facebook Sylvester Stallone&#8217;s Artwork)\n<p>Stalloneho poves\u0165 <strong>hollywoodskej ak\u010dnej hviezdy<\/strong> bola spe\u010daten\u00e1 po vydan\u00ed filmu <strong><em>Prv\u00e1 krv<\/em> <\/strong>a r\u00fdchlo zatienila hercovu \u010fal\u0161iu v\u00e1\u0161e\u0148: <strong>ma\u013eovanie<\/strong>. Po\u010fme sa teraz spolu pozrie\u0165 na pr\u00edbeh Stalloneho kari\u00e9ry a \u017eivota Rockyho.<\/p>\n<h3>Rocky prv\u00fd kr\u00e1t na pl\u00e1tne<\/h3>\n<p>Za\u010diatkom 70. rokov minul\u00e9ho storo\u010dia Sylvestrovi Stallonemu skrsol v hlave n\u00e1pad na pr\u00edbeh o <strong>hrdinovi, ktor\u00fd nikdy nezomrie<\/strong>. Rozhodol sa t\u00fato postavu najprv vizualizova\u0165 na pl\u00e1tno a a\u017e potom nap\u00edsa\u0165 o nej scen\u00e1r. Hlavn\u00e9ho hrdinu videl ako <strong>mu\u017ea, ktor\u00e9ho formovali \u017eivotn\u00e9 \u00fatrapy<\/strong>. Nechcel pou\u017ei\u0165 \u0161tetec a namiesto neho <strong>vyryl obraz na pl\u00e1tno pomocou skrutkova\u010da<\/strong>.<\/p>\n<p>Herec potom sl\u00e1vne dokon\u010dil <strong>90-stranov\u00fd scen\u00e1r<\/strong> o chudobnom taliansko-americkom boxerovi Rockym Balboovi, ktor\u00fd dostane \u0161ancu sta\u0165 sa majstrom sveta v \u0165a\u017ekej v\u00e1he. Trvalo mu to len <strong>tri a pol d\u0148a<\/strong>.<\/p>\n<p><em>\u201eAk by vyzeral zauj\u00edmavo vizu\u00e1lne, myslel som si, \u017ee by sa to prenieslo aj do literat\u00fary a potom aj do filmu. Viem, \u017ee to znie ambici\u00f3zne, ale tak\u00e1to bola gen\u00e9za Rockyho.\u201c<\/em> Sylvester Stallone<\/p>\n<p>Tento n\u00edzkorozpo\u010dtov\u00fd film vy\u0161iel v roku 1976 a katapultoval Stalloneho medzi hviezdy. V neposlednej rade sa do\u010dkal aj mno\u017estva pokra\u010dovan\u00ed. Na svoj \u00faspech r\u00fdchlo nadviazal \u010fal\u0161\u00edm filmom takisto s viacer\u00fdmi pokra\u010dovaniami. <em>Prv\u00e1 krv <\/em>vy\u0161la v roku 1982 a rozpr\u00e1va pr\u00edbeh <strong>Johna Ramba<\/strong>, veter\u00e1na vietnamskej vojny, ktor\u00fd sa kv\u00f4li <strong>posttraumatickej stresovej poruche<\/strong> \u0165a\u017eko prisp\u00f4sobuje be\u017en\u00e9mu \u017eivotu.<\/p>\n<blockquote class=\"twitter-tweet\" data-width=\"550\" data-dnt=\"true\">\n<p lang=\"en\" dir=\"ltr\">Looking forward to showing my art at the <a href=\"https:\/\/twitter.com\/hashtag\/BergesGallery?src=hash&amp;ref_src=twsrc%5Etfw\" rel=\"nofollow noopener\" target=\"_blank\">#BergesGallery<\/a> in the new year. Nothing quite like putting your feelings onto a canvas. <a href=\"https:\/\/t.co\/Dwr6xEkjsX\" rel=\"nofollow\">pic.twitter.com\/Dwr6xEkjsX<\/a><\/p>\n<p>&mdash; Sylvester Stallone (@TheSlyStallone) <a href=\"https:\/\/twitter.com\/TheSlyStallone\/status\/1192195610130014208?ref_src=twsrc%5Etfw\" rel=\"nofollow noopener\" target=\"_blank\">November 6, 2019<\/a><\/p><\/blockquote>\n<p><script async src=\"https:\/\/platform.twitter.com\/widgets.js\" charset=\"utf-8\"><\/script><\/p>\n<h3>Sylvester Stallone a jeho ve\u010dn\u00e1 l\u00e1ska<\/h3>\n<p>Svoju l\u00e1sku k ma\u013eovaniu objavil u\u017e v mladom veku. Svoje prv\u00e9 diela podpisoval menom <strong>\u201eMike Stallone\u201c<\/strong>. Ma\u013euje u\u017e<strong> viac ako 50 rokov<\/strong>, av\u0161ak tento svet zost\u00e1va pre neho st\u00e1le nov\u00fd.<\/p>\n<p>Po\u010das 70. rokov a a\u017e do konca 80. rokov vytv\u00e1ral Sylvester <strong>temn\u00e9, expres\u00edvne diela<\/strong>. V mnoh\u00fdch z nich sa vyrovn\u00e1val so smr\u0165ou svojho mana\u017e\u00e9ra. Vtedy pracoval najm\u00e4 s <strong>ilustrat\u00edvnymi grafick\u00fdmi l\u00edniami<\/strong> and <strong>v\u00fdrazn\u00fdmi farbami<\/strong>. Okolo roku 1990 sa jeho \u0161t\u00fdl n\u00e1padne zmenil. Zapr\u00ed\u010dinila to nov\u00e1 v\u00e1\u0161e\u0148:<strong> zberate\u013estvo umenia<\/strong>. V\u00e1\u0161niv\u00fd zberate\u013e sa ponoril do sveta s\u00fa\u010dasn\u00e9ho umenia a za\u010dal \u0161tudova\u0165 zn\u00e1mych umelcov.<\/p>\n<p><em>\u201eStrach a \u00fazkos\u0165 v\u00e1s tla\u010dia dopredu, pos\u00favaj\u00fa v\u00e1s na \u010fal\u0161iu \u00farove\u0148.\u201c<\/em> Stallone<\/p>\n<blockquote class=\"twitter-tweet\" data-width=\"550\" data-dnt=\"true\">\n<p lang=\"en\" dir=\"ltr\">Back to peace and quiet and my paintings&#8230; <a href=\"https:\/\/t.co\/Y6K085wWjH\" rel=\"nofollow\">pic.twitter.com\/Y6K085wWjH<\/a><\/p>\n<p>&mdash; Sylvester Stallone (@TheSlyStallone) <a href=\"https:\/\/twitter.com\/TheSlyStallone\/status\/1184620465983123456?ref_src=twsrc%5Etfw\" rel=\"nofollow noopener\" target=\"_blank\">October 17, 2019<\/a><\/p><\/blockquote>\n<p><script async src=\"https:\/\/platform.twitter.com\/widgets.js\" charset=\"utf-8\"><\/script><\/p>\n<h3>Zvykol pred\u00e1va\u0165 svoje diela za 5$<\/h3>\n<p>Herec a re\u017eis\u00e9r Sylvester Stallone koncom tohto roka predstavil <strong>s\u00e9riu obrazov, ktor\u00e9 vytvoril pred takmer 60 rokmi<\/strong>. Vtedy ich pred\u00e1val len za 5 dol\u00e1rov, aby si mohol zaplati\u0165 cestovn\u00e9 do \u0161koly a sp\u00e4\u0165. Diela, ktor\u00e9 boli s\u00fa\u010das\u0165ou v\u00fdstavy v nemeckom Hagene, boli dlh\u00e9 roky <strong>ukryt\u00e9 v Staloneho \u0161atn\u00edku<\/strong>.<\/p>\n<p><em>\u201eTak trochu sa za ne hanb\u00edm, preto\u017ee m\u00f4j \u0161t\u00fdl bol \u00faplne in\u00fd, tak\u017ee som ich mal v skrini. Nebola v nich \u017eiadna z\u00e1mienka ani umeleck\u00e1 \u0161kola, bola to len farba te\u010d\u00faca po pl\u00e1tne s mno\u017estvom em\u00f3ci\u00ed, a neboli viden\u00e9 takmer 60 rokov. Boli v mojej skrini, tak\u017ee je skvel\u00e9 vytiahnu\u0165 ich von,\u201c <\/em>povedal zn\u00e1my herec na tla\u010dovej konferencii.<em><br \/>\n<\/em><\/p>\n<p>Tieto diela sa na aukcii dra\u017eili za <strong>1500 a\u017e 3500 dol\u00e1rov<\/strong>, hoci sa predpoklad\u00e1, \u017ee ich hodnota bude prudko r\u00e1s\u0165.<\/p>\n<p><iframe title=\"Actionheld SYLVESTER STALLONE er\u00f6ffnet eigene Bildergalerie in Hagen\" width=\"640\" height=\"360\" src=\"https:\/\/www.youtube.com\/embed\/yz-COL5w0b8?feature=oembed\" frameborder=\"0\" allow=\"accelerometer; autoplay; clipboard-write; encrypted-media; gyroscope; picture-in-picture; web-share\" referrerpolicy=\"strict-origin-when-cross-origin\" allowfullscreen><\/iframe><\/p>\n<h3>V\u00fdstava sa neobi\u0161la bez kritiky<\/h3>\n<p><em>\u201ePre\u010do ukazova\u0165 umenie celebr\u00edt? Je to o umen\u00ed alebo o celebrite?\u201c<\/em> Mathias Rastorfer<\/p>\n<p>Rastorfer, ktor\u00fd pom\u00e1hal zorganizova\u0165 v\u00fdstavu v Haagu, si pam\u00e4t\u00e1, \u017ee sa \u013eudia p\u00fdtali tieto ist\u00e9 ot\u00e1zky u\u017e d\u00e1vno. Publikum malo rovnak\u00e9 obavy aj z vystavovanie prv\u00fdch umeleck\u00fdch diel od <strong>Karla Lagerfelda<\/strong>. No teraz chce ka\u017ed\u00e9 m\u00fazeum umenia na svete uk\u00e1za\u0165 Largerfeldove diela. Mathias si mysl\u00ed, \u017ee <strong>rovnako to bude aj so Stallonem<\/strong>.<\/p>\n<p>Napriek oneskoren\u00e9mu uznaniu jeho maliarskeho talentu sa Stallone nepl\u00e1nuje vzda\u0165 svojej ka\u017edodennej pr\u00e1ce: <strong>filmu<\/strong>. Ned\u00e1vno vydal <strong>re\u017eis\u00e9rsky zostrih filmu Rocky IV<\/strong> a v s\u00fa\u010dasnosti nakr\u00faca <strong>\u0161tvrt\u00fd diel Expendables<\/strong>.<\/p>\n<p>&nbsp;<\/p>\n<p>&nbsp;<\/p>\n<p>&nbsp;<\/p>","protected":false},"excerpt":{"rendered":"<p>Stalloneho poves\u0165 hollywoodskej ak\u010dnej hviezdy bola spe\u010daten\u00e1 po vydan\u00ed filmu Prv\u00e1 krv a r\u00fdchlo zatienila hercovu \u010fal\u0161iu v\u00e1\u0161e\u0148: ma\u013eovanie. Po\u010fme sa teraz spolu pozrie\u0165 na<\/p>","protected":false},"author":1,"featured_media":0,"comment_status":"closed","ping_status":"closed","sticky":false,"template":"","format":"standard","meta":{"footnotes":""},"categories":[51],"tags":[],"class_list":["post-7420","post","type-post","status-publish","format-standard","hentry","category-archiv","two-columns"],"_links":{"self":[{"href":"https:\/\/instrid.sk\/en\/wp-json\/wp\/v2\/posts\/7420","targetHints":{"allow":["GET"]}}],"collection":[{"href":"https:\/\/instrid.sk\/en\/wp-json\/wp\/v2\/posts"}],"about":[{"href":"https:\/\/instrid.sk\/en\/wp-json\/wp\/v2\/types\/post"}],"author":[{"embeddable":true,"href":"https:\/\/instrid.sk\/en\/wp-json\/wp\/v2\/users\/1"}],"replies":[{"embeddable":true,"href":"https:\/\/instrid.sk\/en\/wp-json\/wp\/v2\/comments?post=7420"}],"version-history":[{"count":0,"href":"https:\/\/instrid.sk\/en\/wp-json\/wp\/v2\/posts\/7420\/revisions"}],"wp:attachment":[{"href":"https:\/\/instrid.sk\/en\/wp-json\/wp\/v2\/media?parent=7420"}],"wp:term":[{"taxonomy":"category","embeddable":true,"href":"https:\/\/instrid.sk\/en\/wp-json\/wp\/v2\/categories?post=7420"},{"taxonomy":"post_tag","embeddable":true,"href":"https:\/\/instrid.sk\/en\/wp-json\/wp\/v2\/tags?post=7420"}],"curies":[{"name":"wp","href":"https:\/\/api.w.org\/{rel}","templated":true}]}}