{"id":7425,"date":"2021-12-26T00:00:00","date_gmt":"2021-12-25T23:00:00","guid":{"rendered":"https:\/\/instrid.sk\/uncategorized\/hrozy-a-ideologia-ku-klux-klanu\/"},"modified":"2021-12-26T00:00:00","modified_gmt":"2021-12-25T23:00:00","slug":"hrozy-a-ideologia-ku-klux-klanu","status":"publish","type":"post","link":"https:\/\/instrid.sk\/en\/archiv\/hrozy-a-ideologia-ku-klux-klanu\/","title":{"rendered":"Ku Klux Klanu pomohla chudoba, ale aj lek\u00e1ri a politici. Hr\u00f4zy a ideol\u00f3gia KKK"},"content":{"rendered":"<p>Ku Klux Klan (KKK), zalo\u017een\u00fd v roku 1865, sa do roku 1870 roz\u0161\u00edril takmer do v\u0161etk\u00fdch ju\u017en\u00fdch \u0161t\u00e1tov a stal sa <strong>prostriedkom bieleho ju\u017eansk\u00e9ho odporu vo\u010di politik\u00e1m Republik\u00e1nskej strany zameran\u00fdch na vytvorenie politickej a ekonomickej rovnosti pre \u010diernych Ameri\u010danov<\/strong>.<\/p>\n<p>Jeho \u010dlenovia viedli<strong> kampa\u0148 zastra\u0161ovania a n\u00e1silia namieren\u00fa proti vodcom bielych a \u010diernych republik\u00e1nov<\/strong>.<\/p>\n<p>&nbsp;<\/p>\n<ol>\n<li><strong>Zalo\u017eenie Ku Klux Klanu<\/strong><\/li>\n<li><strong>N\u00e1silie na juhu<\/strong><\/li>\n<li><strong>Koniec rekon\u0161trukcie<\/strong><\/li>\n<li><strong>Z\u00e1kon Ku-Klux-Klan<\/strong><\/li>\n<li><strong>O\u017eivenie Ku Klux Klanu<\/strong><\/li>\n<li><strong>Ve\u013ek\u00e1 hospod\u00e1rska kr\u00edza zmen\u0161uje Klan<\/strong><\/li>\n<\/ol>\n<p>&nbsp;<\/p>\n<h3><\/h3>\n<h3>1. Zalo\u017eenie Ku Klux Klanu<\/h3>\n<p>Prv\u00e9 dve slov\u00e1 n\u00e1zvu organiz\u00e1cie \u00fadajne poch\u00e1dzaj\u00fa z gr\u00e9ckeho slova \u201ekyklos\u201c, \u010do znamen\u00e1 kruh.<\/p>\n<p>Skupina,<strong> vr\u00e1tane mnoh\u00fdch b\u00fdval\u00fdch veter\u00e1nov Konfeder\u00e1cie<\/strong> zalo\u017eila prv\u00fa pobo\u010dku Ku Klux Klanu ako spolo\u010densk\u00fd klub v Pulaski, v \u0161t\u00e1te <strong>Tennessee v roku 1865<\/strong>.<\/p>\n<p>V lete roku 1867 sa miestne pobo\u010dky Klanu stretli na v\u0161eobecnom organiza\u010dnom zjazde a zalo\u017eili to, \u010do naz\u00fdvali <strong>\u201eNevidite\u013en\u00e1 r\u00ed\u0161a juhu\u201c<\/strong>.<\/p>\n<p>Organiz\u00e1cia Ku Klux Klanu sa zhodovala so za\u010diatkom druhej f\u00e1zy rekon\u0161trukcie po ob\u010dianskej vojne, ktor\u00fa zaviedli radik\u00e1lnej\u0161\u00ed \u010dlenovia Republik\u00e1nskej strany v Kongrese. Po odmietnut\u00ed relat\u00edvne zhovievavej politiky rekon\u0161trukcie prezidenta Andrewa Johnsona, ktor\u00e1 platila v rokoch 1865 a\u017e 1866, Kongres schv\u00e1lil z\u00e1kon o rekon\u0161trukcii cez prezidentsk\u00e9 veto. Pod\u013ea jej ustanoven\u00ed bol Juh rozdelen\u00fd do piatich vojensk\u00fdch obvodov a ka\u017ed\u00fd \u0161t\u00e1t musel schv\u00e1li\u0165 14. dodatok, ktor\u00fd <strong>zaru\u010doval \u201erovnak\u00fa ochranu\u201c \u00fastavy b\u00fdval\u00fdm zotro\u010den\u00fdm \u013eu\u010fom a uz\u00e1konil v\u0161eobecn\u00e9 mu\u017esk\u00e9 volebn\u00e9 pr\u00e1vo<\/strong>.<\/p>\n<p>&nbsp;<\/p>\n<h3>2. N\u00e1silie na juhu<\/h3>\n<p>Od roku 1867 sa<strong> \u00fa\u010das\u0165 \u010dernochov na verejnom \u017eivote<\/strong> na juhu stala jedn\u00fdm z najradik\u00e1lnej\u0161\u00edch aspektov rekon\u0161trukcie, ke\u010f\u017ee <strong>\u010dernosi vyhrali vo\u013eby do vl\u00e1d ju\u017en\u00fdch \u0161t\u00e1tov a dokonca aj do Kongresu USA<\/strong>.<\/p>\n<p>Ku Klux Klan sa zasa venoval kampani n\u00e1silia proti republik\u00e1nskym vodcom a voli\u010dom (\u010diernym aj bielym) <strong>v snahe zvr\u00e1ti\u0165 politiku radik\u00e1lnej rekon\u0161trukcie a obnovi\u0165 nadvl\u00e1du bielych na juhu<\/strong>. V tomto boji sa k nim pripojili podobn\u00e9 organiz\u00e1cie ako Rytieri bielej kam\u00e9lie a Biele bratstvo.<\/p>\n<p><strong>Najmenej 10 percent \u010derno\u0161sk\u00fdch z\u00e1konodarcov<\/strong> zvolen\u00fdch v rokoch 1867-1868 sa stalo obe\u0165ami n\u00e1silia po\u010das rekon\u0161trukcie, <strong>vr\u00e1tane siedmich, ktor\u00ed boli zabit\u00ed<\/strong>. Cie\u013eom \u00fatokov Klanu boli aj bieli republik\u00e1ni a \u010derno\u0161sk\u00e9 in\u0161tit\u00facie ako \u0161koly a kostoly \u2013 symboly \u010derno\u0161skej auton\u00f3mie.<\/p>\n \u010clenovia Ku Klux Klanu. Zdroj: dw.com\n<p>&nbsp;<\/p>\n<p>V roku 1870 mal Ku Klux Klan pobo\u010dky<strong> takmer v ka\u017edom ju\u017enom \u0161t\u00e1te<\/strong>. Ani na vrchole sa Klan nechv\u00e1lil dobre organizovanou \u0161trukt\u00farou, ani jasn\u00fdm veden\u00edm. Miestni \u010dlenovia Klanu \u2013 <strong>\u010dasto v mask\u00e1ch a oble\u010den\u00ed v charakteristick\u00fdch dlh\u00fdch bielych r\u00fachach a kapucniach organiz\u00e1cie<\/strong> \u2013 zvy\u010dajne<strong> podnikali svoje \u00fatoky v noci, konaj\u00fac na vlastn\u00fa p\u00e4s\u0165<\/strong>, ale <strong>na podporu spolo\u010dn\u00fdch cie\u013eov porazi\u0165 radik\u00e1lnu rekon\u0161trukciu a obnovi\u0165 nadvl\u00e1du bielej rasy na juhu<\/strong>.<\/p>\n<p>Aktivita Klanu prekvitala najm\u00e4 v regi\u00f3noch na juhu, kde \u010dernosi tvorili men\u0161inu alebo mal\u00fa v\u00e4\u010d\u0161inu obyvate\u013estva, a v in\u00fdch bola relat\u00edvne obmedzen\u00e1. <strong>Medzi najzn\u00e1mej\u0161ie oblasti aktivity Klanu patrila Ju\u017en\u00e1 Karol\u00edna, kde v janu\u00e1ri 1871 500 maskovan\u00fdch mu\u017eov za\u00fato\u010dilo na v\u00e4zenie v okrese Union a zlyn\u010dovalo osem \u010derno\u0161sk\u00fdch v\u00e4z\u0148ov<\/strong>.<\/p>\n<p>&nbsp;<\/p>\n<h3>3. Koniec rekon\u0161trukcie<\/h3>\n<p>Hoci demokratick\u00ed l\u00eddri nesk\u00f4r prip\u00edsali n\u00e1silie Ku Klux Klan chudobnej\u0161\u00edm ju\u017en\u00fdm belochom, <strong>\u010dlenstvo v organiz\u00e1cii prekro\u010dilo triedne hranice, od mal\u00fdch farm\u00e1rov a robotn\u00edkov po pestovate\u013eov, pr\u00e1vnikov, obchodn\u00edkov, lek\u00e1rov a ministrov<\/strong>. V regi\u00f3noch, kde prebiehala v\u00e4\u010d\u0161ina aktiv\u00edt Klanu, miestni <strong>\u00faradn\u00edci \u010dinn\u00ed v trestnom konan\u00ed bu\u010f patrili ku Klanu, alebo odmietli proti nemu zakro\u010di\u0165<\/strong>, a dokonca aj t\u00ed, ktor\u00ed obvinen\u00fdch zatkli, len \u0165a\u017eko na\u0161li svedkov ochotn\u00fdch proti nim sved\u010di\u0165.<\/p>\n<p>&nbsp;<\/p>\n<p>\u010eal\u0161\u00ed <strong>popredn\u00ed bieli ob\u010dania na juhu odmietli hovori\u0165 proti \u010dinom skupiny a dali im tich\u00fd s\u00fahlas<\/strong>. Po roku 1870 sa republik\u00e1nske vl\u00e1dy na juhu obr\u00e1tili so \u017eiados\u0165ou o pomoc na Kongres, \u010do viedlo k schv\u00e1leniu troch z\u00e1konov o presadzovan\u00ed pr\u00e1va, z ktor\u00fdch najsilnej\u0161\u00edm bol z\u00e1kon Ku Klux Klan z roku 1871.<\/p>\n Ku Klux Klan boli zbehl\u00ed v terorizovan\u00ed v\u0161etk\u00fdch sektorov komunity a potl\u00e1\u010dan\u00ed opoz\u00edcie. Zdroj: news.com.au\n<h3><\/h3>\n<h3><strong>4. Z\u00e1kon Ku-Klux-Klan<\/strong><\/h3>\n<p><strong>Z\u00e1kon Ku-klux-klanu po prv\u00fdkr\u00e1t ozna\u010dil ur\u010dit\u00e9 zlo\u010diny sp\u00e1chan\u00e9 jednotlivcami za feder\u00e1lne trestn\u00e9 \u010diny vr\u00e1tane sprisahan\u00ed s cie\u013eom zbavi\u0165 ob\u010danov pr\u00e1va zast\u00e1va\u0165 \u00farad, p\u00f4sobi\u0165 v porot\u00e1ch a po\u017e\u00edva\u0165 rovnak\u00fa ochranu z\u00e1kona<\/strong>. Z\u00e1kon opr\u00e1vnil prezidenta zatkn\u00fa\u0165 \u00a0jednotlivcov bez obvinenia a posla\u0165 feder\u00e1lne sily na potla\u010denie n\u00e1silia Klanu.<\/p>\n<p>Toto roz\u0161\u00edrenie feder\u00e1lnej autority \u2013 ktor\u00e9 Ulysses S. Grant v roku 1871 okam\u017eite vyu\u017eil na potla\u010denie aktivity Klanu v Ju\u017enej Karol\u00edne a in\u00fdch oblastiach Juhu \u2013 <strong>pob\u00farilo demokratov a dokonca znepokojilo mnoh\u00fdch republik\u00e1nov<\/strong>.<\/p>\n<p>Od za\u010diatku 70. rokov 19. storo\u010dia <strong>nadvl\u00e1da belochov postupne znovu presadzovala svoju kontrolu nad Juhom<\/strong>, ke\u010f\u017ee podpora pre rekon\u0161trukciu klesala. Koncom roku 1876 bol <strong>cel\u00fd juh op\u00e4\u0165 pod kontrolou demokratov<\/strong>.<\/p>\n<p>&nbsp;<\/p>\n<h3>5. O\u017eivenie Ku Klux Klanu<\/h3>\n<p>V roku <strong>1915 bieli protestantsk\u00ed aktivisti zorganizovali o\u017eivenie Ku Klux Klanu<\/strong> ne\u010faleko Atlanty v \u0161t\u00e1te Georgia, in\u0161pirovan\u00ed ich poh\u013eadom na star\u00fd juh, ako aj knihou Thomasa Dixona z roku 1905 \u201eThe Clansman\u201c a D.W. Griffithov\u00fdm filmom z roku 1915 \u201eNarodenie n\u00e1roda\u201c.<\/p>\n<p>T\u00e1to <strong>druh\u00e1 gener\u00e1cia Klanu bola nielen proti \u010dernochom, ale postavila sa aj proti r\u00edmskym katol\u00edkom, \u017didom, cudzincom a organizovanej robote<\/strong>. Podporilo to rast\u00face nepriate\u013estvo vo\u010di vlne pris\u0165ahovalectva, ktor\u00e9 Amerika za\u017eila na za\u010diatku 20. storo\u010dia, spolu s <strong>obavami z komunistickej revol\u00facie podobnej bo\u013e\u0161evick\u00e9mu triumfu v Rusku<\/strong> v roku 1917.<\/p>\n<p>Organiz\u00e1cia si vzala za svoj <strong>symbol horiaci kr\u00ed\u017e a organizovala zhroma\u017edenia, prehliadky a pochody po krajine<\/strong>.<\/p>\n 6. marec 1922: \u010clenovia Ku Klux Klanu na pohrebn\u00fdch obradoch. Zdroj: Los Angeles Times\n<h3><\/h3>\n<h3>6. Ve\u013ek\u00e1 hospod\u00e1rska kr\u00edza zmen\u0161uje Klan<\/h3>\n<p><strong>Ve\u013ek\u00e1 hospod\u00e1rska kr\u00edza v tridsiatych rokoch<\/strong> minul\u00e9ho storo\u010dia vy\u010derpala po\u010det \u010dlenov Klanu a <strong>organiz\u00e1cia sa v roku 1944 do\u010dasne rozpadla<\/strong>.<\/p>\n<p>Hnutie za ob\u010dianske pr\u00e1va v 60. rokoch tie\u017e zaznamenalo prudk\u00fd n\u00e1rast aktiv\u00edt Ku-klux-klanu, vr\u00e1tane <strong>bombov\u00fdch \u00fatokov na \u010derno\u0161sk\u00e9 \u0161koly a kostoly<\/strong> a n\u00e1silia proti aktivistom na juhu.<\/p>\n<p>V roku 1965 <strong>prezident Lyndon Johnson predniesol prejav, v ktorom verejne ods\u00fadil Klan a ozn\u00e1mil zatknutie \u0161tyroch Klansmanov v s\u00favislosti s vra\u017edou bielej pracovn\u00ed\u010dky za ob\u010dianske pr\u00e1va v Alabame<\/strong>.<\/p>\n<p>Pr\u00edpady n\u00e1silia s\u00favisiaceho s Klanom sa v nasleduj\u00facich desa\u0165ro\u010diach stali izolovanej\u0161\u00edmi, hoci od 70. rokov sa fragmentovan\u00e9 skupiny spojili s neonacistick\u00fdmi alebo in\u00fdmi pravicovo-extr\u00e9mistick\u00fdmi organiz\u00e1ciami.<\/p>\n<p>Aktu\u00e1lne sa odhaduje ve\u013ekos\u0165 Klanu na pribli\u017ene 10 000 \u010dlenov.<\/p>\n<p>&nbsp;<\/p>","protected":false},"excerpt":{"rendered":"<p>Ku Klux Klan (KKK), zalo\u017een\u00fd v roku 1865, sa do roku 1870 roz\u0161\u00edril takmer do v\u0161etk\u00fdch ju\u017en\u00fdch \u0161t\u00e1tov a stal sa prostriedkom bieleho ju\u017eansk\u00e9ho odporu<\/p>","protected":false},"author":1,"featured_media":0,"comment_status":"closed","ping_status":"closed","sticky":false,"template":"","format":"standard","meta":{"footnotes":""},"categories":[51],"tags":[],"class_list":["post-7425","post","type-post","status-publish","format-standard","hentry","category-archiv","two-columns"],"_links":{"self":[{"href":"https:\/\/instrid.sk\/en\/wp-json\/wp\/v2\/posts\/7425","targetHints":{"allow":["GET"]}}],"collection":[{"href":"https:\/\/instrid.sk\/en\/wp-json\/wp\/v2\/posts"}],"about":[{"href":"https:\/\/instrid.sk\/en\/wp-json\/wp\/v2\/types\/post"}],"author":[{"embeddable":true,"href":"https:\/\/instrid.sk\/en\/wp-json\/wp\/v2\/users\/1"}],"replies":[{"embeddable":true,"href":"https:\/\/instrid.sk\/en\/wp-json\/wp\/v2\/comments?post=7425"}],"version-history":[{"count":0,"href":"https:\/\/instrid.sk\/en\/wp-json\/wp\/v2\/posts\/7425\/revisions"}],"wp:attachment":[{"href":"https:\/\/instrid.sk\/en\/wp-json\/wp\/v2\/media?parent=7425"}],"wp:term":[{"taxonomy":"category","embeddable":true,"href":"https:\/\/instrid.sk\/en\/wp-json\/wp\/v2\/categories?post=7425"},{"taxonomy":"post_tag","embeddable":true,"href":"https:\/\/instrid.sk\/en\/wp-json\/wp\/v2\/tags?post=7425"}],"curies":[{"name":"wp","href":"https:\/\/api.w.org\/{rel}","templated":true}]}}