{"id":7471,"date":"2022-01-17T00:00:00","date_gmt":"2022-01-16T23:00:00","guid":{"rendered":"https:\/\/instrid.sk\/uncategorized\/ustavny-sud-svojim-rozhodnutim-nezrusil-ruska-karanteny-covid-pasy-a-ani-rezim-op-otp\/"},"modified":"2022-01-17T00:00:00","modified_gmt":"2022-01-16T23:00:00","slug":"ustavny-sud-svojim-rozhodnutim-nezrusil-ruska-karanteny-covid-pasy-a-ani-rezim-op-otp","status":"publish","type":"post","link":"https:\/\/instrid.sk\/en\/archiv\/ustavny-sud-svojim-rozhodnutim-nezrusil-ruska-karanteny-covid-pasy-a-ani-rezim-op-otp\/","title":{"rendered":"\u00dastavn\u00fd s\u00fad svoj\u00edm rozhodnut\u00edm nezru\u0161il r\u00fa\u0161ka, karant\u00e9ny, covid pasy a ani re\u017eim OP\/OTP"},"content":{"rendered":"<p>Rozhodnutie \u00dastavn\u00e9ho s\u00fadu z decembra 2021 e\u0161te st\u00e1le otriasa internetom a soci\u00e1lnymi sie\u0165ami sa \u0161\u00edri jeho nebezpe\u010dn\u00e1 dezinterpret\u00e1cia. \u00dastavn\u00fd s\u00fad v rozhodnut\u00ed\u00a0 vo veci vedenej pod sp. zn. PL. \u00daS 4\/2021 <strong>ozna\u010dil za proti\u00fastavn\u00e9 len \u0161pecifick\u00e9 \u010dasti z\u00e1kona t\u00fdkaj\u00face sa ochrany verejn\u00e9ho zdravia.<\/strong> Niektor\u00e9 chyby, na ktor\u00e9 upozornil \u00dastavn\u00fd s\u00fad, u\u017e boli napraven\u00e9 v\u010faka novele z\u00e1kona.<\/p>\n<p><strong>Protipandemick\u00e9 opatrenia zahr\u0148uj\u00face r\u00fa\u0161ka, karant\u00e9nu, covid pasy \u010di OP\/ OTP re\u017eim s\u00fa aj na\u010falej v platnosti.<\/strong> Rozhodnut\u00edm \u00dastavn\u00e9ho s\u00fadu sa ni\u010d z uveden\u00e9ho neru\u0161\u00ed. O tomto rozhodnut\u00ed klasick\u00e9 m\u00e9dia informovali u\u017e na za\u010diatku decembra. Konkr\u00e9tne sa jednalo o Teraz.sk, Hospod\u00e1rske noviny a Spr\u00e1vy RTVS.<\/p>\n<p>O mesiac nesk\u00f4r sa v\u0161ak na soci\u00e1lnych sie\u0165ach za\u010dali vo ve\u013ekom \u0161\u00edri\u0165 dezinterpret\u00e1cie star\u0161ieho rozhodnutia \u00dastavn\u00e9ho s\u00fadu. Za\u010dalo sa to blogom na Postoji a pokra\u010dovalo \u010dl\u00e1nkom na B\u00e1date\u013eovi.<\/p>\n<p>Ministerstvo zdravotn\u00edctva Slovenskej republiky v tejto s\u00favislosti op\u00e4\u0165 upozor\u0148uje na d\u00f4le\u017eitos\u0165 zdrojov, z ktor\u00fdch \u010derp\u00e1me inform\u00e1cie. \u201e<em>Chceme v\u00e1s op\u00e4tovne po\u017eiada\u0165, d\u00e1vajte si pozor na zdroje a na kvalitu inform\u00e1cii, s ktor\u00fdmi sa stret\u00e1vate na internete a soci\u00e1lnych sie\u0165ach,<\/em>\u201c p\u00ed\u0161e sa v pr\u00edspevku na ofici\u00e1lnej Facebookovej str\u00e1nke MZSR.<\/p>\n Ministerstvo zdravotn\u00edctva Slovenskej republiky upozor\u0148uje na hoax o dezinterpret\u00e1ci\u00ed rozhodnutia \u00dastavn\u00e9ho s\u00fadu SR, ktor\u00fd koluje soci\u00e1lnymi sie\u0165ami, Zdroj fotografie: Facebook\/ Ministerstvo zdravotn\u00edctva Slovenskej republiky\n<h3>Na dezinterpret\u00e1ciu rozhodnutia \u00dastavn\u00e9ho s\u00fadu upozor\u0148uj\u00fa aj \u010fal\u0161\u00ed<\/h3>\n<p>Na dezinterpret\u00e1ciu rozhodnutia \u00dastavn\u00e9ho s\u00fadu upozornila aj pr\u00e1vni\u010dka Slavom\u00edra Hen\u010dekov\u00e1, ktor\u00e1 vo svojom Facebookovom pr\u00edspevku vyvr\u00e1tila hoax, ktor\u00fd sa \u0161\u00edri soci\u00e1lnymi sie\u0165ami. \u201e<em>\u00daVZ m\u00f4\u017ee na\u010falej naria\u010fova\u0165 karant\u00e9nu pri pr\u00edchode zo zahrani\u010dia \u010di po kontakte s pozit\u00edvnym, a to preto, \u017ee bola e\u0161te pred zverejnen\u00edm n\u00e1lezu \u00dastavn\u00e9ho s\u00fadu prijat\u00e1 novela \u010d. 533\/2021 Z. z., ktor\u00e1 &#8222;opravila&#8220; chyby v z\u00e1kone, ktor\u00e9 vytkol \u00dastavn\u00fd s\u00fad,<\/em>\u201c upozor\u0148uje na n\u00e1pravu ch\u00fdb novelou z\u00e1kona.<\/p>\n<p>&quot;<em>Vyhl\u00e1\u0161ky \u00daVZ platia na\u010falej, preto\u017ee \u00daVZ naria\u010fuje opatrenia prim\u00e1rne pod\u013ea in\u00fdch, konkr\u00e9tnych ustanoven\u00ed z\u00e1kona \u010d. 355\/2007 Z. z. a neur\u010dit\u00e9 v\u0161eobecn\u00e9 proti\u00fastavn\u00e9 ustanovenia ani nikdy na vyd\u00e1vanie vyhl\u00e1\u0161ok nepotreboval &#8211; a s nimi platia aj v\u0161etky opatrenia, covid pasy, r\u00fa\u0161ka, v\u0161etko,<\/em>\u201c pokra\u010duje.<\/p>\n<div class=\"cxmmr5t8 oygrvhab hcukyx3x c1et5uql o9v6fnle ii04i59q\">\n<div dir=\"auto\">&quot;<em>Internetom sa \u0161\u00edri hoax, \u017ee \u00dastavn\u00fd s\u00fad Slovenskej republiky v rozhodnut\u00ed o na\u0161om podan\u00ed zru\u0161il povinn\u00e9 nosenie r\u00fa\u0161ok\/respir\u00e1torov \u010di re\u017eim OP\/OTP,\u201c <\/em>upozornila vo svojom pr\u00edspevku aj verejn\u00e1 ochranky\u0148a pr\u00e1v M\u00e1ria Patakyov\u00e1.<\/div>\n<\/div>\n<h3>O \u010dom teda \u00dastavn\u00fd\u00a0s\u00fad rozhodol?<\/h3>\n<p>\u00darad verejn\u00e9ho zdravotn\u00edctva Slovenskej republiky vo svojom Facebookovom pr\u00edspevku vysvetlil, o \u010dom v\u0161etkom \u00dastavn\u00fd s\u00fad rozhodol.<\/p>\n<ol>\n<li><strong>Ustanovenie \u00a7 4 ods. 1 p\u00edsm. g) z\u00e1kona \u010d. 355\/2007 Z. z. o ochrane, podpore a rozvoji verejn\u00e9ho zdravia je proti\u00fastavn\u00e9.<\/strong> Toto ustanovenie obsahovalo mo\u017enos\u0165 naria\u010fova\u0165 aj \u010fal\u0161ie opatrenia po\u010das kr\u00edzovej situ\u00e1cie, ako tie, ktor\u00e9 s\u00fa priamo vymenovan\u00e9 vo zvy\u0161nej \u010dasti z\u00e1kona. Za kr\u00edzov\u00fa situ\u00e1ciu sa pova\u017euje aj pand\u00e9mia nebezpe\u010dn\u00e9ho ochorenia. \u00dastavn\u00fd s\u00fad toto ustanovenie zru\u0161il, preto\u017ee bolo pr\u00edli\u0161 neur\u010dit\u00e9 a nejasne formulovan\u00e9.<\/li>\n<li><strong>Proti\u00fastavn\u00e9 je aj ustanovenie \u00a7 48 ods. 4 p\u00edsm. aa).<\/strong> V\u010faka tomuto ustanoveniu mohol \u00daVZ SK naria\u010fova\u0165 aj \u201e\u010fal\u0161ie nevyhnutn\u00e9 opatrenia na ochranu verejn\u00e9ho zdravia\u201c. Aj toto ustanovenie bolo neur\u010dit\u00e9 a slabo vymedzen\u00e9.<\/li>\n<li><strong>Proti\u00fastavn\u00e9 s\u00fa aj ustanovenia \u00a7 12 ods. 2 p\u00edsm. f), \u00a7 48 ods. 4 p\u00edsm. n) a u) a tie\u017e \u00a7 51 ods. 1 p\u00edsm. d).<\/strong> Izol\u00e1cia mimo domova je pod\u013ea rozhodnutia \u00dastavn\u00e9ho s\u00fadu proti\u00fastavn\u00fdm z\u00e1sahom do osobnej slobody jedinca. Nariaden\u00e1 izol\u00e1cia v \u0161t\u00e1tnom karant\u00e9nnom zariaden\u00ed je teda tie\u017e proti\u00fastavnou. Izol\u00e1cia v dom\u00e1com prostred\u00ed po n\u00e1vrate zo zahrani\u010dia \u010di po kontakte s pozit\u00edvnou osobou je st\u00e1le v platnosti.<\/li>\n<\/ol>\n<p>\u00daZV SR teda m\u00f4\u017ee aj na\u010falej vyd\u00e1va\u0165 vyhl\u00e1\u0161ky \u010di naria\u010fova\u0165 opatrenia, ktor\u00e9 m\u00e1 vo svojej pr\u00e1vomoci. Vyhl\u00e1\u0161ky s\u00fa vyd\u00e1van\u00e9 v s\u00falade s \u00dastavou SR. \u201e<em>\u00dastava neustanovuje explicitne, \u017ee vyhl\u00e1\u0161ky alebo tak\u00e9to v\u0161eobecne z\u00e1v\u00e4zn\u00e9 pr\u00e1vne predpisy sa maj\u00fa vyhlasova\u0165 v zbierke z\u00e1konov. M\u00f4\u017eu by\u0165 zverej\u0148ovan\u00e9 aj vo Vestn\u00edku vl\u00e1dy SR,<\/em>\u201c p\u00ed\u0161e sa \u010falej v pr\u00edspevku.<\/p>\n<p><strong>Vyhl\u00e1\u0161ky \u00daZV teda platia. V platnosti s\u00fa aj v\u0161etky opatrenia s\u00fa\u010dasnosti- \u010di sa u\u017e jedn\u00e1 o obmedzenia prev\u00e1dzok alebo hromadn\u00fdm podujat\u00ed, OTP\/ OP re\u017eim, alebo povinn\u00e9 prekrytie d\u00fdchac\u00edch ciest r\u00fa\u0161kom\/ respir\u00e1torom.<\/strong><\/p>\n<p><strong>\u010eal\u0161ie zdroje:<\/strong> \u00dastavn\u00fd s\u00fad<\/p>\n<p><strong>Zdroj titulnej fotografie:<\/strong> Printscreen\/ B\u00e1date\u013e<\/p>\n<div>\n<div class=\"\" dir=\"auto\">\n<div id=\"jsc_c_8q\" class=\"ecm0bbzt hv4rvrfc ihqw7lf3 dati1w0a\" data-ad-comet-preview=\"message\" data-ad-preview=\"message\">\n<div class=\"j83agx80 cbu4d94t ew0dbk1b irj2b8pg\">\n<div class=\"qzhwtbm6 knvmm38d\">\n<div class=\"cxmmr5t8 oygrvhab hcukyx3x c1et5uql o9v6fnle ii04i59q\">\n<div dir=\"auto\"><\/div>\n<\/div>\n<\/div>\n<\/div>\n<\/div>\n<\/div>\n<\/div>","protected":false},"excerpt":{"rendered":"<p>Rozhodnutie \u00dastavn\u00e9ho s\u00fadu z decembra 2021 e\u0161te st\u00e1le otriasa internetom a soci\u00e1lnymi sie\u0165ami sa \u0161\u00edri jeho nebezpe\u010dn\u00e1 dezinterpret\u00e1cia. \u00dastavn\u00fd s\u00fad v rozhodnut\u00ed\u00a0 vo veci vedenej<\/p>","protected":false},"author":1,"featured_media":0,"comment_status":"closed","ping_status":"closed","sticky":false,"template":"","format":"standard","meta":{"footnotes":""},"categories":[51],"tags":[],"class_list":["post-7471","post","type-post","status-publish","format-standard","hentry","category-archiv","two-columns"],"_links":{"self":[{"href":"https:\/\/instrid.sk\/en\/wp-json\/wp\/v2\/posts\/7471","targetHints":{"allow":["GET"]}}],"collection":[{"href":"https:\/\/instrid.sk\/en\/wp-json\/wp\/v2\/posts"}],"about":[{"href":"https:\/\/instrid.sk\/en\/wp-json\/wp\/v2\/types\/post"}],"author":[{"embeddable":true,"href":"https:\/\/instrid.sk\/en\/wp-json\/wp\/v2\/users\/1"}],"replies":[{"embeddable":true,"href":"https:\/\/instrid.sk\/en\/wp-json\/wp\/v2\/comments?post=7471"}],"version-history":[{"count":0,"href":"https:\/\/instrid.sk\/en\/wp-json\/wp\/v2\/posts\/7471\/revisions"}],"wp:attachment":[{"href":"https:\/\/instrid.sk\/en\/wp-json\/wp\/v2\/media?parent=7471"}],"wp:term":[{"taxonomy":"category","embeddable":true,"href":"https:\/\/instrid.sk\/en\/wp-json\/wp\/v2\/categories?post=7471"},{"taxonomy":"post_tag","embeddable":true,"href":"https:\/\/instrid.sk\/en\/wp-json\/wp\/v2\/tags?post=7471"}],"curies":[{"name":"wp","href":"https:\/\/api.w.org\/{rel}","templated":true}]}}