{"id":7534,"date":"2022-02-10T00:00:00","date_gmt":"2022-02-09T23:00:00","guid":{"rendered":"https:\/\/instrid.sk\/uncategorized\/tag-heuer-prave-predstavil-nove-smarthodinky-connected-calibre-e4\/"},"modified":"2022-02-10T00:00:00","modified_gmt":"2022-02-09T23:00:00","slug":"tag-heuer-prave-predstavil-nove-smarthodinky-connected-calibre-e4","status":"publish","type":"post","link":"https:\/\/instrid.sk\/en\/archiv\/tag-heuer-prave-predstavil-nove-smarthodinky-connected-calibre-e4\/","title":{"rendered":"TAG Heuer pr\u00e1ve predstavil nov\u00e9 smarthodinky Connected Calibre E4"},"content":{"rendered":"<p><iframe title=\"TAG Heuer | TAG Heuer Connected Calibre E4\" width=\"640\" height=\"360\" src=\"https:\/\/www.youtube.com\/embed\/pKIv-kucfcw?feature=oembed\" frameborder=\"0\" allow=\"accelerometer; autoplay; clipboard-write; encrypted-media; gyroscope; picture-in-picture; web-share\" referrerpolicy=\"strict-origin-when-cross-origin\" allowfullscreen><\/iframe><\/p>\n<p>&nbsp;<\/p>\n<p>\u0160vaj\u010diarska hodin\u00e1rska spolo\u010dnos\u0165 TAG Heuer dnes predstavila svoju o\u010dak\u00e1van\u00fa novinku v portf\u00f3liu, <strong>inteligentn\u00e9 hodinky Connected Calibre E4<\/strong>. Fan\u00fa\u0161ikov zna\u010dky ur\u010dite pote\u0161\u00ed, \u017ee sa v\u00fdrobca vr\u00e1til aj k men\u0161iemu puzdru s priemerom 42 mm a nezanevrel na technologick\u00e9 inov\u00e1cie. By\u0165 pr\u00e9miov\u00fd brand toti\u017e dnes nesta\u010d\u00ed, preto\u017ee na trhu s nosite\u013enou elektronikou je siln\u00fd konkuren\u010dn\u00fd tlak.<\/p>\n<p><strong>TAG Heuer Connected Calibre<\/strong> <strong>E4<\/strong> pon\u00fakne dve hlavn\u00e9 prevedenia: 42 a 45 mm priemer. Ten men\u0161\u00ed zaujme elegantn\u00fdm \u010dist\u00fdm dizajnom s okr\u00fahlym displejom bez v\u00fdrezov, zatia\u013e \u010do v\u00e4\u010d\u0161\u00ed 45 mm model pon\u00fakne tradi\u010dn\u00fa obr\u00fa\u010d a celkovo <strong>robustnej\u0161ie vyhotovenie<\/strong>.<\/p>\n TAG Heuer Connected Calibre E4: v\u013eavo 42 mm, vpravo 45 mm verzia\n<p>Displej vyu\u017e\u00edva obrazov\u00fa technol\u00f3giu OLED, je dotykov\u00fd a <strong>kryt\u00fd odoln\u00fdm zaf\u00edrom<\/strong>.<\/p>\n<p>Bat\u00e9ria v oboch modeloch vydr\u017e\u00ed cel\u00fd de\u0148 aj akt\u00edvnej prev\u00e1dzky. R\u00fdchle nab\u00edjanie je potom zabezpe\u010den\u00e9 pomocou elegantn\u00e9ho <strong>magnetick\u00e9ho nab\u00edjacieho stojana<\/strong>, ktor\u00fd m\u00e1 ma\u0165 majite\u013e ide\u00e1lne na no\u010dnom stol\u00edku ved\u013ea nab\u00edja\u010dky smartf\u00f3nu. Bat\u00e9ria vo v\u00e4\u010d\u0161om modeli je v\u0161ak o nie\u010do v\u00fdkonnej\u0161ia, \u010do sa prejavuje v dlh\u0161om \u010dase monitoringu \u0161portov\u00fdch aktiv\u00edt.<\/p>\n Nov\u00e1 gener\u00e1cia hodiniek prin\u00e1\u0161a podporu viacer\u00fdch \u0161portov a s ve\u013emi podrobn\u00fdmi a presn\u00fdmi \u0161tatistikami.\n<p>Z technick\u00e9ho h\u013eadiska s\u00fa obidve novinky poh\u00e1\u0148an\u00e9 procesorom <strong>Qualcomm\u2019s Snapdragon 4100 Plus<\/strong>, pracuj\u00fa s otvoren\u00fdm opera\u010dn\u00fdm syst\u00e9mom Wear OS 2. Podpora tretej gener\u00e1cie tohto syst\u00e9mu u\u017e bola ohl\u00e1sen\u00e1 ako bud\u00faci bezplatn\u00fd update.<\/p>\n<p>V\u00fdrobca zna\u010dne <strong>zapracoval na softv\u00e9ri<\/strong> svojich hodiniek, v porovnan\u00ed s predchodcom maj\u00fa by\u0165 podstatne vybavenej\u0161ie s podporou viacer\u00fdch \u0161portov\u00fdch aktiv\u00edt. S technol\u00f3giou Bluetooth 5.0 m\u00e1 by\u0165 synchroniz\u00e1cia so smartf\u00f3nmi n\u00e1sobne r\u00fdchlej\u0161ia ako doteraz a v ponuke bude <strong>pestr\u00e1 paleta unik\u00e1tnych digit\u00e1lnych cifern\u00edkov<\/strong>, medzi t\u00fdmi modern\u00fdmi n\u00e1jdete aj klasiku.<\/p>\n Rozmanit\u00e9 dizajny cifern\u00edkov pon\u00fakaj\u00fa v\u0161etko od klasiky po v\u00fdrazne modern\u00e9 vzh\u013eady.\n<h3>Ceny<\/h3>\n<p>Ceny bud\u00fa s oh\u013eadom na ceny zvy\u0161ku modelov\u00e9ho portf\u00f3lia rozhodne primeran\u00e9 a je na mieste domnieva\u0165 sa, \u017ee pr\u00e1ve Connected Calibre E4 sa pre nov\u00fdch z\u00e1kazn\u00edkov stane vstupenkou do sofistikovan\u00e9ho sveta tejto legend\u00e1rnej \u0161vaj\u010diarskej firmy.<\/p>\n<p><strong>Cena za 42 mm model<\/strong> bola stanoven\u00e1 na 1 700 eur za verziu s gumen\u00fdm reme\u0148om, 1 800 eur s ko\u017eou a 1 900 eur s oce\u013eou,<\/p>\n<p><strong>45 mm model<\/strong> m\u00e1 stanoven\u00fa cenu 1 940 eur za kombin\u00e1ciu oce\u013e-guma, 2 145 eur za plne oce\u013eov\u00e9 vyhotovenie a 2 400 eur za tit\u00e1nov\u00e9 puzdro s gumen\u00fdm reme\u0148om.<\/p>\n<p>&nbsp;<\/p>\n<h3>TAG Heuer Connected Calibre E4: Fotogal\u00e9ria<\/h3>","protected":false},"excerpt":{"rendered":"<p>TAG Heuer dnes predstavil nov\u00fa gener\u00e1ciu svojich smart hodiniek. Pon\u00fakne dve ve\u013ekosti a v\u00fdrazne pr\u00e9miov\u00fd charakter<\/p>","protected":false},"author":1,"featured_media":0,"comment_status":"closed","ping_status":"closed","sticky":false,"template":"","format":"standard","meta":{"footnotes":""},"categories":[51],"tags":[],"class_list":["post-7534","post","type-post","status-publish","format-standard","hentry","category-archiv","two-columns"],"_links":{"self":[{"href":"https:\/\/instrid.sk\/en\/wp-json\/wp\/v2\/posts\/7534","targetHints":{"allow":["GET"]}}],"collection":[{"href":"https:\/\/instrid.sk\/en\/wp-json\/wp\/v2\/posts"}],"about":[{"href":"https:\/\/instrid.sk\/en\/wp-json\/wp\/v2\/types\/post"}],"author":[{"embeddable":true,"href":"https:\/\/instrid.sk\/en\/wp-json\/wp\/v2\/users\/1"}],"replies":[{"embeddable":true,"href":"https:\/\/instrid.sk\/en\/wp-json\/wp\/v2\/comments?post=7534"}],"version-history":[{"count":0,"href":"https:\/\/instrid.sk\/en\/wp-json\/wp\/v2\/posts\/7534\/revisions"}],"wp:attachment":[{"href":"https:\/\/instrid.sk\/en\/wp-json\/wp\/v2\/media?parent=7534"}],"wp:term":[{"taxonomy":"category","embeddable":true,"href":"https:\/\/instrid.sk\/en\/wp-json\/wp\/v2\/categories?post=7534"},{"taxonomy":"post_tag","embeddable":true,"href":"https:\/\/instrid.sk\/en\/wp-json\/wp\/v2\/tags?post=7534"}],"curies":[{"name":"wp","href":"https:\/\/api.w.org\/{rel}","templated":true}]}}