{"id":7561,"date":"2022-02-25T00:00:00","date_gmt":"2022-02-24T23:00:00","guid":{"rendered":"https:\/\/instrid.sk\/uncategorized\/slavne-osobnosti-so-smrtelnymi-diagnozami\/"},"modified":"2022-02-25T00:00:00","modified_gmt":"2022-02-24T23:00:00","slug":"slavne-osobnosti-so-smrtelnymi-diagnozami","status":"publish","type":"post","link":"https:\/\/instrid.sk\/en\/archiv\/slavne-osobnosti-so-smrtelnymi-diagnozami\/","title":{"rendered":"Sl\u00e1vne osobnosti so smrte\u013en\u00fdmi diagn\u00f3zami"},"content":{"rendered":"<p>Choroby sa nevyh\u00fdbali ani sl\u00e1vnym. Niektor\u00ed dok\u00e1zali vies\u0165 <strong>\u00faspe\u0161n\u00e9 \u017eivoty a kari\u00e9ry aj napriek n\u00edm, niektor\u00ed mo\u017eno aj pr\u00e1ve v\u010faka n\u00edm<\/strong>.<\/p>\n<p>Spoznajte pr\u00edbehy sl\u00e1vnych historick\u00fdch post\u00e1v, ktor\u00e9 trpeli <strong>r\u00f4znymi psychick\u00fdmi a fyzick\u00fdmi ochoreniami<\/strong>.<\/p>\n<p>&nbsp;<\/p>\n<h3>Julius Caesar \u2013 epilepsia alebo mini-m\u0155tvice<\/h3>\n<p>D\u00f4kazy o tom, \u017ee sl\u00e1vny r\u00edmsky gener\u00e1l a dikt\u00e1tor<strong> trpel zl\u00fdm zdrav\u00edm<\/strong>, sa nach\u00e1dzaj\u00fa v spisoch nieko\u013ek\u00fdch starovek\u00fdch historikov.<\/p>\n<p>Kronik\u00e1r Plutarchos op\u00edsal Caesara ako <strong>postihnut\u00e9ho \u201enevo\u013enos\u0165ou v hlave\u201c a poznamen\u00e1va, \u017ee raz upadol do z\u00e1chvatu, v ktorom sa \u201ejeho telo triaslo a niektor\u00e9 papiere, ktor\u00e9 dr\u017eal, mu vypadli z r\u00fak\u201c<\/strong>.<\/p>\n<p>Suetonius nap\u00edsal, \u017ee Caesara postihla podobn\u00e1 choroba pri dvoch r\u00f4znych pr\u00edle\u017eitostiach po\u010das jeho vojensk\u00fdch kampan\u00ed. Plutarch aj Suetonius nazna\u010duj\u00fa, \u017ee <strong>Caesarove sympt\u00f3my boli sp\u00f4soben\u00e9 epilepsiou, chronickou neurologickou poruchou<\/strong>, ktor\u00e1 bola dobre zn\u00e1ma staroveku.<\/p>\n<p>Rimania t\u00fato chorobu naz\u00fdvali r\u00f4znymi n\u00e1zvami vr\u00e1tane \u201emorbus caducus\u201c (\u201ep\u00e1dov\u00e1 choroba\u201c) a <strong>v tom \u010dase sa v\u0161eobecne verilo, \u017ee jej obet\u00ed sa dot\u00fdkali bohovia<\/strong>. Zatia\u013e \u010do Caesarove sympt\u00f3my \u2013 <strong>z\u00e1vraty, depresia, z\u00e1chvaty<\/strong> \u2013 sa tradi\u010dne pripisuj\u00fa epilepsii, nov\u0161ia \u0161t\u00fadia z roku 2015 tvrdila, \u017ee v skuto\u010dnosti <strong>mohol trpie\u0165 radom prechodn\u00fdch ischemick\u00fdch z\u00e1chvatov alebo mal\u00fdch mozgov\u00fdch pr\u00edhod<\/strong>.<\/p>\n<p>&nbsp;<\/p>\n Michelangelo. Zdroj: history.com\n<h3>Michelangelo \u2013 artrit\u00edda<\/h3>\n<p>Umelec Michelangelo Buonarroti <strong>len p\u00e1r dn\u00ed pred svojou smr\u0165ou vo veku 88 rokov st\u00e1le pracoval na soch\u00e1ch a architektonick\u00fdch projektoch<\/strong>, a \u00a0dok\u00e1zal to aj napriek tomu, \u017ee mal ruky posiate artrit\u00eddou.<\/p>\n<p>Diagn\u00f3za poch\u00e1dza od skupiny lek\u00e1rskych v\u00fdskumn\u00edkov, ktor\u00ed analyzovali portr\u00e9ty renesan\u010dn\u00e9ho majstra z r\u00f4znych obdob\u00ed jeho \u017eivota. Na rozdiel od skor\u00fdch malieb, portr\u00e9ty dokon\u010den\u00e9, ke\u010f mal medzi 60 a 65 rokmi, zobrazuj\u00fa jeho \u013eav\u00fa ruku ako ochabnut\u00fa a zdeformovan\u00fa \u2013 sympt\u00f3m degenerat\u00edvneho ochorenia k\u013abov, osteoartrit\u00edda.<\/p>\n<p>T\u00edm na\u0161iel \u010fal\u0161ie<strong> d\u00f4kazy o chorobe v osobnej kore\u0161pondencii, v ktorej sa star\u0161\u00ed umelec s\u0165a\u017euje na \u201ednu\u201c<\/strong> a poznamen\u00e1va, \u017ee nebol schopn\u00fd odpoveda\u0165 na list, \u201epreto\u017ee moja ruka odmietla p\u00edsa\u0165\u201c. Michelangelov stav mo\u017eno ur\u00fdchlili desa\u0165ro\u010dia ma\u013eovania, no v\u00fdskumn\u00edci tie\u017e poznamen\u00e1vaj\u00fa, \u017ee jeho odhodlanie usilovne pracova\u0165 mu mohlo pom\u00f4c\u0165 udr\u017ea\u0165 si realt\u00edvne dobr\u00fd stav svojich r\u00fak a\u017e do konca svojho \u017eivota.<\/p>\n<p>&nbsp;<\/p>\n Abraham Lincoln. Zdroj: salon.com\n<h3>Abraham Lincoln \u2014 Depresia<\/h3>\n<p>Abrahama Lincolna v\u00e4\u010d\u0161inu svojho \u017eivota <strong>su\u017eoval pocit pochm\u00farnosti a z\u00fafalstva<\/strong>, ktor\u00fd nazval \u201ehypo\u201c. V mladosti<strong> \u010dasto hovoril o samovra\u017ede a raz svojmu zn\u00e1memu povedal, \u017ee nikdy nenosil vreckov\u00fd no\u017e\u00edk zo strachu, aby si neubl\u00ed\u017eil<\/strong>.<\/p>\n<p>Lincoln rie\u0161il svoje zriedkav\u00e9 zlyhania humorom, no jeho premenliv\u00e9 n\u00e1lady nesk\u00f4r pokra\u010dovali aj po\u010das jeho p\u00f4sobenia v Bielom dome, ke\u010f <strong>\u010delil stresu z ob\u010dianskej vojny a pred\u010dasnej smrti svojho 11-ro\u010dn\u00e9ho syna<\/strong> Willieho.<\/p>\n<p>Jeho priate\u013e Henry Whitney poznamenal, \u017ee \u201e\u017eiadny prvok charakteru p\u00e1na Lincolna nebol tak\u00fd v\u00fdrazn\u00fd, zjavn\u00fd a zakorenen\u00fd ako jeho tajomn\u00e1 a hlbok\u00e1 melanch\u00f3lia.\u201c<\/p>\n<p>Z\u00e1va\u017enos\u0165 Lincolnovho \u201ehypo\u201c zost\u00e1va<strong> dodnes medzi historikmi predmetom sporu, no mnoh\u00ed veria, \u017ee mohol trpie\u0165 klinickou depresiou<\/strong>.<\/p>\n<p>&nbsp;<\/p>\n Samuel Johnson. Zdroj: wikipedia.sk\n<h3>Samuel Johnson\u2014Touretteov syndr\u00f3m<\/h3>\n<p>Samuel Johnson je autor z 18. storo\u010dia zn\u00e1my t\u00fdm, \u017ee p\u00edsal <strong>vtipn\u00e9 eseje a zostavil jeden z prv\u00fdch komplexn\u00fdch anglick\u00fdch slovn\u00edkov<\/strong>. Mnoh\u00ed vedci z oblasti medic\u00edny ho pova\u017euj\u00fa aj za<strong> ran\u00fa pr\u00edpadov\u00fa \u0161t\u00fadiu Tourettovho syndr\u00f3mu<\/strong>.<\/p>\n<p>Zn\u00e1mi si po\u010das svojho \u017eivota v\u0161imli, \u017ee spisovate\u013e<strong> prejavoval druhy mimovo\u013en\u00fdch verb\u00e1lnych a fyzick\u00fdch tikov spojen\u00fdch s neurologickou poruchou, vr\u00e1tane opakovan\u00e9ho potriasania hlavou a \u0161\u00fachania si \u013eav\u00e9ho kolena dla\u0148ou<\/strong>. Johnson bol tie\u017e zn\u00e1my t\u00fdm, \u017ee prejavoval nutkav\u00e9 spr\u00e1vanie, ako napr\u00edklad po\u010d\u00edtanie krokov a dot\u00fdkanie sa ka\u017ed\u00e9ho sveteln\u00e9ho st\u013apu, ktor\u00fd minul na ulici.<\/p>\n<p>Napriek tomu, \u017ee bol jedn\u00fdm z <strong>najtalentovanej\u0161\u00edch a najuzn\u00e1vanej\u0161\u00edch autorov svojej doby, jeho sympt\u00f3my ob\u010das viedli k verejn\u00e9mu posmechu<\/strong>.<\/p>\n<p>&nbsp;<\/p>\n Jane Austen. Zdroj: crimereads.com\n<h3>Jane Austen \u2013 Addisonova choroba<\/h3>\n<p>V roku 1816 autorka tak\u00fdch ob\u013e\u00faben\u00fdch rom\u00e1nov ako \u201eEmma\u201c a \u201eP\u00fdcha a predsudok\u201c <strong>trpela mno\u017estvom z\u00e1hadn\u00fdch chor\u00f4b vr\u00e1tane vy\u010derpania, bolesti chrbta, zmeny farby ko\u017ee, \u201e\u017el\u010dov\u00fdch z\u00e1chvatov\u201c a hor\u00fa\u010dky<\/strong>.<\/p>\n<p><strong>Zomrela vo veku 41 rokov\u00a0<\/strong>a o jej chorobe\u00a0sa odvtedy ve\u013ea \u0161pekulovalo, pri\u010dom <strong>naj\u010dastej\u0161ou diagn\u00f3zou bolo, \u017ee trpela Addisonovou chorobou, poruchou nadobli\u010diek<\/strong>. T\u00e1to diagn\u00f3za bola medic\u00edne zn\u00e1ma a\u017e nieko\u013eko rokov po jej smrti.<\/p>\n<p>Hoci je jej n\u00e1stup pomal\u00fd, je zn\u00e1me, \u017ee porucha sp\u00f4sobuje zmeny farby ko\u017ee v jej neskor\u00fdch \u0161t\u00e1di\u00e1ch, \u010do m\u00f4\u017ee vysvetli\u0165 tvrdenia Austenovej, \u017ee jej ple\u0165 sa zmenila na \u201enespr\u00e1vnu farbu\u201c. In\u00ed vedci tvrdia, \u017ee sympt\u00f3my spisovate\u013eky sa objavovali pr\u00edli\u0161 sporadicky na Addisonovu chorobu, a namiesto toho tvrdia, \u017ee <strong>mohla trpie\u0165 tuberkul\u00f3zou, lymf\u00f3mom alebo dokonca otravou arz\u00e9nom<\/strong>.<\/p>\n<p>&nbsp;<\/p>","protected":false},"excerpt":{"rendered":"<p>Choroby sa nevyh\u00fdbali ani sl\u00e1vnym. Niektor\u00ed dok\u00e1zali vies\u0165 \u00faspe\u0161n\u00e9 \u017eivoty a kari\u00e9ry aj napriek n\u00edm, niektor\u00ed mo\u017eno aj pr\u00e1ve v\u010faka n\u00edm. Spoznajte pr\u00edbehy sl\u00e1vnych historick\u00fdch<\/p>","protected":false},"author":1,"featured_media":0,"comment_status":"closed","ping_status":"closed","sticky":false,"template":"","format":"standard","meta":{"footnotes":""},"categories":[51],"tags":[],"class_list":["post-7561","post","type-post","status-publish","format-standard","hentry","category-archiv","two-columns"],"_links":{"self":[{"href":"https:\/\/instrid.sk\/en\/wp-json\/wp\/v2\/posts\/7561","targetHints":{"allow":["GET"]}}],"collection":[{"href":"https:\/\/instrid.sk\/en\/wp-json\/wp\/v2\/posts"}],"about":[{"href":"https:\/\/instrid.sk\/en\/wp-json\/wp\/v2\/types\/post"}],"author":[{"embeddable":true,"href":"https:\/\/instrid.sk\/en\/wp-json\/wp\/v2\/users\/1"}],"replies":[{"embeddable":true,"href":"https:\/\/instrid.sk\/en\/wp-json\/wp\/v2\/comments?post=7561"}],"version-history":[{"count":0,"href":"https:\/\/instrid.sk\/en\/wp-json\/wp\/v2\/posts\/7561\/revisions"}],"wp:attachment":[{"href":"https:\/\/instrid.sk\/en\/wp-json\/wp\/v2\/media?parent=7561"}],"wp:term":[{"taxonomy":"category","embeddable":true,"href":"https:\/\/instrid.sk\/en\/wp-json\/wp\/v2\/categories?post=7561"},{"taxonomy":"post_tag","embeddable":true,"href":"https:\/\/instrid.sk\/en\/wp-json\/wp\/v2\/tags?post=7561"}],"curies":[{"name":"wp","href":"https:\/\/api.w.org\/{rel}","templated":true}]}}