{"id":7596,"date":"2022-03-21T00:00:00","date_gmt":"2022-03-20T23:00:00","guid":{"rendered":"https:\/\/instrid.sk\/uncategorized\/laska-definicia\/"},"modified":"2022-03-21T00:00:00","modified_gmt":"2022-03-20T23:00:00","slug":"laska-definicia","status":"publish","type":"post","link":"https:\/\/instrid.sk\/en\/archiv\/laska-definicia\/","title":{"rendered":"Ka\u017ed\u00e1 l\u00e1ska je l\u00e1ska: Slovensk\u00e1 defin\u00edcia l\u00e1sky neberie do \u00favahy jej rozmanitos\u0165"},"content":{"rendered":"<p>S\u00fa\u010dasn\u00fd kr\u00e1tky slovn\u00edk slovensk\u00e9ho jazyka definuje slovo l\u00e1ska aj ako <em>\u201en\u00e1klonnos\u0165 jedn\u00e9ho pohlavia k druh\u00e9mu\u201c<\/em>. Kampa\u0148 v\u00fdrobcu alkoholu, ktor\u00e1 nesie n\u00e1zov Ka\u017ed\u00e1 l\u00e1ska je in\u00e1, iniciuje zmenu defin\u00edcie l\u00e1sky v s\u00fa\u010dasnom slovn\u00edku. <strong>Aktu\u00e1lna defin\u00edcia je bez poch\u00fdb zastaral\u00e1.<\/strong> L\u00e1ska toti\u017eto patr\u00ed v\u0161etk\u00fdm \u2013 a to bez oh\u013eadu na pohlavie, vieru \u010di farbu pleti. <em>\u201eKa\u017ed\u00fd m\u00e1 pr\u00e1vo milova\u0165 koho chce, preto\u017ee ka\u017ed\u00e1 l\u00e1ska je l\u00e1ska,\u201c<\/em> p\u00ed\u0161e sa v samotnej kampani.<\/p>\n<p>Kampa\u0148 \u201eKa\u017ed\u00e1 l\u00e1ska je l\u00e1ska\u201c sa rozbehla e\u0161te na de\u0148 sv. Valent\u00edna (14. febru\u00e1ra).\u00a0 <strong>V\u00fdzvu k 16. marcu 2022 podporilo u\u017e 6008 \u013eud\u00ed.<\/strong> Spolo\u010dnos\u0165 pod\u013ea vlastn\u00fdch slov venuje za ka\u017ed\u00fdch 1 000 podpisov 250 eur iniciat\u00edve Inakos\u0165. Kampa\u0148 m\u00f4\u017ee podp\u00edsa\u0165 ka\u017ed\u00e1 osoba, ktor\u00e1 m\u00e1 viac ne\u017e 18 rokov a m\u00e1 z\u00e1ujem o predefinovanie slova l\u00e1ska smerom k tolerantnosti a rozmanitosti v slovensk\u00fdch slovn\u00edkoch.<\/p>\n<p>Spolo\u010dnos\u0165 Jandl, ktor\u00e1 sa venuje marketingu a reklame, pre zna\u010dku vodky pripravila 360\u00b0 kampa\u0148, v ktorej, ako sama tvrd\u00ed, <strong>otv\u00e1ra t\u00e9mu tolerantn\u00e9ho sveta pre ka\u017ed\u00e9ho, vr\u00e1tane men\u0161\u00edn.<\/strong> Kampa\u0148 zahr\u0148uje \u00fastredn\u00fd spot, vizu\u00e1ly, instagramov\u00fd \u00fa\u010det, instagramov\u00fd filter \u010di kr\u00e1tke vide\u00e1 s ni\u010d netu\u0161iacimi \u010dlenmi rodiny zapojen\u00fdch \u013eud\u00ed, ktor\u00ed odpovedali na ot\u00e1zku <em>\u201e\u013e\u00fabil(a) by si ma st\u00e1le, aj keby som gej \/ aj keby m\u00e1m za partnera \u010dloveka inej pleti?\u201c<\/em> Do tejto v\u00fdzvy sa zapojilo mno\u017estvo v\u00e4\u010d\u0161\u00edch, ale aj stredne ve\u013ek\u00fdch influencerov (po\u010dtom fan\u00fa\u0161ikov). Medzi nimi n\u00e1jdeme ajnapr\u00edklad aj Expl0iteda, Luk\u00e1\u0161a Frlajsa, Mat\u00fa\u0161a Okaj\u010deka \u010di Beccu.<\/p>\n<div id=\"kazda-laska-je-laska\" class=\"container-fluid\">\n<div class=\"row\">\n<div class=\"col-xs-10 col-xs-offset-1 col-md-6 col-md-offset-3 px-0 text-center\">\n<div>\n<p><em>\u201eStrach z \u201ecoming-outu\u201c je jedn\u00fdm zo z\u00e1va\u017en\u00fdch probl\u00e9mov, ktor\u00fdm musia \u013eudia z LGBT komunity na Slovensku \u010deli\u0165. To ist\u00e9 plat\u00ed aj pre \u013eud\u00ed s partnermi inej pleti. Na\u0161im cie\u013eom bolo vyjadri\u0165 t\u00fdmto \u013eu\u010fom podporu a in\u0161pirova\u0165 k tomu, aby sa neb\u00e1li o svojich pocitoch rozpr\u00e1va\u0165 so svojimi bl\u00edzkymi. Autentick\u00e9 a spont\u00e1nne odpovede \u010dlenov rodiny jasne dok\u00e1zali, \u017ee l\u00e1ska je odv\u00e1\u017ena a nikoho nes\u00fadi,\u201c<\/em> p\u00ed\u0161e sa na str\u00e1nkach spolo\u010dnosti<\/p>\n<\/div>\n<\/div>\n<\/div>\n<\/div>\n<h3>Podporu zmeny defin\u00edcie slova \u201el\u00e1ska\u201c vyjadrili aj zn\u00e1me slovensk\u00e9 osobnosti<\/h3>\n<p>V\u00fdzvu podporili aj niektor\u00e9 zn\u00e1me slovensk\u00e9 tv\u00e1re. Here\u010dka Krist\u00edna Svarinsk\u00e1 napr\u00edklad nap\u00edsala, \u017ee <em>\u201el\u00e1ska je v\u0161eobj\u00edmaj\u00faco univerz\u00e1lna, stoj\u00ed nad nami v\u0161etk\u00fdmi a nep\u00fdta sa, kto sme. Je v n\u00e1s a s nami bezpodmiene\u010dne. Pre v\u0161etky \u017eiv\u00e9 bytosti, pre sam\u00fdch seba a seba navz\u00e1jom. Je to l\u00e1ska, je to esencia \u017eitia :)).\u201c\u00a0<\/em><\/p>\n<p>Influencer Peter Altof si zas mysl\u00ed, \u017ee <em>\u201el\u00e1ska je tu pre v\u0161etk\u00fdch tak pre\u010do ju \u0161katu\u013ekova\u0165 len na rozdielne pohlavia. Po\u010fme to spravi\u0165 ofici\u00e1lne lebo l\u00e1ska patr\u00ed ka\u017ed\u00e9mu.\u201c<\/em><\/p>\n<p>A v\u00fdherca spev\u00e1ckej s\u00fa\u0165a\u017ee SuperStar 2021 Adam Pavlov\u010din, ktor\u00fd svoju tv\u00e1r kampani aj prepo\u017ei\u010dal, v\u00fdzvu podporil, <em>\u201epreto\u017ee ka\u017ed\u00e1 l\u00e1ska je l\u00e1ska a maj\u00fa na \u0148u pr\u00e1vo v\u0161etci. Pre m\u0148a je l\u00e1ska pestr\u00e1, rozmanit\u00e1 a hlavne pre ka\u017ed\u00e9ho. Nepozer\u00e1 na pohlavie a nevy\u010dle\u0148uje sa iba pre jednu skupinu \u013eud\u00ed v spolo\u010dnosti.\u201c<\/em><\/p>\n<p>Okrem uveden\u00fdch odpoved\u00ed si m\u00f4\u017eete pre\u010d\u00edta\u0165 aj d\u00f4vody \u010fal\u0161\u00edch \u013eud\u00ed, ktor\u00ed sa t\u00fato v\u00fdzvu rozhodli podp\u00edsa\u0165. Ich konkr\u00e9tne znenie sa nach\u00e1dza na tejto adrese.<\/p>\n V\u00fdzvu \u201eKa\u017ed\u00e1 l\u00e1ska je l\u00e1ska\u201c \u013eudia podporili aj vlastn\u00fdmi slovami, Zdroj fotografie: www.definicialasky.sk\n<h3>V zahrani\u010d\u00ed sa k l\u00e1ske stavaj\u00fa univerz\u00e1lnej\u0161ie<\/h3>\n<p>Napr\u00edklad v po\u013eskom slovn\u00edku je l\u00e1ska definovan\u00e1 ako <em>\u201ehlbok\u00e1 n\u00e1klonnos\u0165 k inej osobe, zvy\u010dajne sprev\u00e1dzan\u00e1 t\u00fa\u017ebou.\u201c\u00a0\u00a0<\/em>Slovn\u00edk v tomto pr\u00edpade neodkazuje na n\u00e1klonnos\u0165 k opa\u010dn\u00e9mu pohlaviu tak, ako v slovenskej defin\u00edcii l\u00e1sky, ale odkazuje na n\u00e1klonnos\u0165 k inej osobe. Tak\u00e1to defin\u00edcia znie pomerne univerz\u00e1lnej\u0161ie a nelimituje v\u00fdznam slova len na l\u00e1sku dvoch r\u00f4znych pohlav\u00ed.<\/p>\n<p>Ve\u013ek\u00e1 Brit\u00e1nia sa zas vo svojom slovn\u00edku opiera o defin\u00edciu l\u00e1sky ako <em>\u201ema\u0165 r\u00e1d in\u00e9ho \u010dloveka a by\u0165 k nemu romanticky a sexu\u00e1lne pri\u0165ahovan\u00fd&#8230;\u201c<\/em><\/p>\n<p>A napr\u00edklad v pr\u00edpade slovn\u00edka poch\u00e1dzaj\u00faceho z Ameriky slovo l\u00e1ska n\u00e1jdeme definovan\u00e9 ako <em>\u201esiln\u00e1 n\u00e1klonnos\u0165 k in\u00e9mu (\u010dloveku) vypl\u00fdvaj\u00faca z pr\u00edbuzenstva alebo osobn\u00fdch v\u00e4zieb&#8230;\u201c<\/em><\/p>\n<p>A \u010do l\u00e1ska znamen\u00e1 pre v\u00e1s?<\/p>\n<p><strong>Sources: <\/strong>Defin\u00edcia l\u00e1sky,\u00a0Slovn\u00edkov\u00fd port\u00e1l Jazykovedn\u00e9ho \u00fastavu \u013d. \u0160t\u00fara SAV, Jandl Agency<\/p>\n<p><strong>Zdroj titulnej fotografie:<\/strong> Instagram\/ adampavlovcin<\/p>","protected":false},"excerpt":{"rendered":"<p>Kampa\u0148 zn\u00e1mej zna\u010dky alkoholu \u201eKa\u017ed\u00e1 l\u00e1ska je in\u00e1\u201c m\u00e1 za cie\u013e stanoven\u00fa zmenu defin\u00edcie slova l\u00e1ska, ktor\u00e1 je v slovenskom slovn\u00edku vn\u00edman\u00e1 zastaralo.<\/p>","protected":false},"author":1,"featured_media":0,"comment_status":"closed","ping_status":"closed","sticky":false,"template":"","format":"standard","meta":{"footnotes":""},"categories":[51],"tags":[],"class_list":["post-7596","post","type-post","status-publish","format-standard","hentry","category-archiv","two-columns"],"_links":{"self":[{"href":"https:\/\/instrid.sk\/en\/wp-json\/wp\/v2\/posts\/7596","targetHints":{"allow":["GET"]}}],"collection":[{"href":"https:\/\/instrid.sk\/en\/wp-json\/wp\/v2\/posts"}],"about":[{"href":"https:\/\/instrid.sk\/en\/wp-json\/wp\/v2\/types\/post"}],"author":[{"embeddable":true,"href":"https:\/\/instrid.sk\/en\/wp-json\/wp\/v2\/users\/1"}],"replies":[{"embeddable":true,"href":"https:\/\/instrid.sk\/en\/wp-json\/wp\/v2\/comments?post=7596"}],"version-history":[{"count":0,"href":"https:\/\/instrid.sk\/en\/wp-json\/wp\/v2\/posts\/7596\/revisions"}],"wp:attachment":[{"href":"https:\/\/instrid.sk\/en\/wp-json\/wp\/v2\/media?parent=7596"}],"wp:term":[{"taxonomy":"category","embeddable":true,"href":"https:\/\/instrid.sk\/en\/wp-json\/wp\/v2\/categories?post=7596"},{"taxonomy":"post_tag","embeddable":true,"href":"https:\/\/instrid.sk\/en\/wp-json\/wp\/v2\/tags?post=7596"}],"curies":[{"name":"wp","href":"https:\/\/api.w.org\/{rel}","templated":true}]}}