{"id":7638,"date":"2022-04-07T00:00:00","date_gmt":"2022-04-06T23:00:00","guid":{"rendered":"https:\/\/instrid.sk\/uncategorized\/zena-dokaze-vycitit-parkinsona\/"},"modified":"2022-04-07T00:00:00","modified_gmt":"2022-04-06T23:00:00","slug":"zena-dokaze-vycitit-parkinsona","status":"publish","type":"post","link":"https:\/\/instrid.sk\/en\/archiv\/zena-dokaze-vycitit-parkinsona\/","title":{"rendered":"Neoby\u010dajn\u00e1 superschopnos\u0165: \u017dena dok\u00e1\u017ee vyc\u00edti\u0165 Parkinsona s neuverite\u013enou presnos\u0165ou"},"content":{"rendered":"<p>Pred rokmi zistila, \u017ee man\u017eel jej vonia inak, dnes Joy Milne pom\u00e1ha vedcom s v\u00fdskumom Parkinsona a \u010fal\u0161\u00edch chor\u00f4b.<\/p>\n<h3>Nepodce\u0148ujte \u010dast\u00e9 tuhnutie svalov<\/h3>\n<p>Ako pri v\u00e4\u010d\u0161ine chor\u00f4b,<strong> \u017eivot s\u00a0Parkinsonom nie je v\u00f4bec jednoduch\u00fd<\/strong>. Ide o\u00a0poruchu mozgu, ktor\u00e1 ovplyv\u0148uje neur\u00f3ny produkuj\u00face dopam\u00edn. Pr\u00e1ve t\u00e1to chemik\u00e1lia vysiela do mozgu <strong>elektrick\u00e9 sign\u00e1ly<\/strong> zodpovedn\u00e9 za celkov\u00fa mobilitu \u010dloveka. Ochorenie sa v\u00e4\u010d\u0161inou neodhal\u00ed v\u00a0po\u010diato\u010dnom \u0161t\u00e1diu, ke\u010f\u017ee<strong> hodnota dopam\u00ednu sa zni\u017euje postupne.<\/strong><\/p>\n<p>Naj\u010dastej\u0161ie sa t\u00fdka \u013eud\u00ed vo veku <strong>50 a\u017e 60 rokov,<\/strong> no zn\u00e1me s\u00fa aj pr\u00edpady \u0161tyridsiatnikov s touto diagn\u00f3zou. V porovnan\u00ed so \u017eenami, <strong>mu\u017ei s\u00fa vo v\u00e4\u010d\u0161om ohrozen\u00ed<\/strong>. Nie je jasn\u00e9, \u010di je pr\u00ed\u010dinou \u0161pecifick\u00fd g\u00e9n alebo je vinn\u00edkom sp\u00f4sob \u017eivota. Lek\u00e1ri \u0161pekuluj\u00fa aj o dedi\u010dnosti, t\u00e1 je v\u0161ak ve\u013emi vz\u00e1cna. Samotn\u00e1 choroba nie je smrte\u013en\u00e1, jej sprievodn\u00e9 pr\u00edznaky ale m\u00f4\u017eu ohrozova\u0165 pacientov \u017eivot. Mnoh\u00fdm pacientom s\u00fa\u010dasne hroz\u00ed aj<strong> demencia<\/strong> sp\u00f4sobuj\u00faca probl\u00e9my s\u00a0myslen\u00edm.<\/p>\n Kv\u00f4li oslaben\u00fdm nervom sa ruky nekontrolovate\u013ene tras\u00fa. zdroj: pixabay.com\n<p>Medzi sympt\u00f3my patr\u00ed napr\u00edklad <strong>meravenie svalstva<\/strong> or <strong>chvenie<\/strong>, ktor\u00e9 podstatne s\u0165a\u017euje ka\u017edodenn\u00e9 \u010dinnosti. Pr\u00edznaky sa prejavuj\u00fa postupne a v prvotn\u00fdch \u0161t\u00e1di\u00e1ch n\u00e1m ani nenapadne pripisova\u0165 ich Parkinsonovi. T\u00e1to diagn\u00f3za nezi\u0161la na um ani sestri\u010dke <strong>Joy Milne<\/strong>, ktor\u00e1 si v\u0161imla zvl\u00e1\u0161tne spr\u00e1vanie svojho man\u017eela. Keby sa v\u0161ak riadila svoj\u00edm \u010duchom, chorobu mohli odhali\u0165 ove\u013ea sk\u00f4r.<\/p>\n<h3>Man\u017eel sa jej menil pred o\u010dami<\/h3>\n<p>Patrili k\u00a0typick\u00fdm zamilovan\u00fdm p\u00e1rikom zo strednej \u0161koly. Joy a\u00a0Les nesk\u00f4r l\u00e1sku spe\u010datili sob\u00e1\u0161om po dokon\u010den\u00ed \u0161t\u00fadia na vysokej \u0161kole. Ona pracovala ako sestri\u010dka v nemocnici, Les sa stal doktorom. \u017dili \u0161\u0165astne, s\u00a0troma synmi tvorili usporiadan\u00fa dom\u00e1cnos\u0165. Man\u017eelova <strong>l\u00e1skavos\u0165<\/strong> and\u00a0<strong>humor<\/strong> boli veci, ktor\u00e9 si na \u0148om Joy v\u00e1\u017eila. Pri \u00faplne prvom stretnut\u00ed jej v\u0161ak do nosa udrela jeho<strong> mu\u017en\u00e1 v\u00f4\u0148a<\/strong>.<\/p>\n<p>Pre\u0161lo desa\u0165 rokov a\u00a0v\u00a0jeden be\u017en\u00fd de\u0148 sa Les vr\u00e1til domov z\u00a0pr\u00e1ce. Joy, zvyknut\u00e1 na jeho typick\u00fd pach, odrazu kr\u00fatila nosom. Pr\u00edjemn\u00fa ar\u00f3mu vystriedal <strong>pich\u013eav\u00fd z\u00e1pach, podobn\u00fd kv\u00e1sku<\/strong>. Spo\u010diatku to zva\u013eovala na nemocni\u010dn\u00fa dezinfekciu, mohla predsa prekry\u0165 prirodzen\u00fa v\u00f4\u0148u. Po mesiacoch u\u017e nedok\u00e1zala seba a\u00a0svoj \u010duch odosobni\u0165 od toho, \u017ee jej man\u017eel jednoducho nevonia. Ani opakovan\u00e9 sprchy nepomohli k\u00a0tomu, aby sa zbo\u017e\u0148ovan\u00e1 v\u00f4\u0148a vr\u00e1tila.<\/p>\n Ochorenie neovplyv\u0148uje iba samotn\u00e9ho \u010dloveka, ale aj \u013eud\u00ed okolo neho. zdroj: unsplash.com\n<p>Joy si na Lesovi postupne za\u010dala uvedomova\u0165 aj in\u00e9 zmeny. B\u00fdval \u010dasto <strong>n\u00e1ladov\u00fd<\/strong>, <strong>vytr\u00e1cala sa jeho prirodzen\u00e1 trpezlivos\u0165<\/strong>, n\u00e1sledkom \u010doho sa \u010dastej\u0161ie h\u00e1dali. V jednu noc ju Les zobudil svoj\u00edm krikom a za\u010dal \u0148ou nekontrolovate\u013ene trias\u0165. Ke\u010f ho zo seba striasla, ni\u010d si nepam\u00e4tal a ustarosten\u00e1 \u017eena sa hrozila, \u017ee d\u00f4vodom jeho spr\u00e1vania je n\u00e1dor na mozgu. Odhodlala sa \u00eds\u0165 s n\u00edm na vy\u0161etrenie, no to nepreuk\u00e1zalo pr\u00edtomnos\u0165 tumoru. Jej<strong> 45- ro\u010dn\u00e9mu mu\u017eovi<\/strong> nakoniec <strong>diagnostikovali in\u00e9 ochorenie \u2013 Parkinsonovu chorobu<\/strong>.<\/p>\n<h3>Prezrad\u00ed Parkinsona v\u00f4\u0148a?<\/h3>\n<p>Nasleduj\u00facich 20 rokov bola Joy pre man\u017eela oporou, aj ke\u010f sa mu zdravotn\u00fd stav postupne zhor\u0161oval. Obaja sa ale potrebovali niekomu zveri\u0165, preto sa <strong>rozhodli nav\u0161t\u00edvi\u0165 podporn\u00fa skupinu<\/strong> pre \u013eud\u00ed s Parkinsonom. Pri vstupe do miestnosti <strong>Joy takmer paralyzoval pach dro\u017edia<\/strong>. Ako prech\u00e1dzala medzi \u013eu\u010fmi, intenzita ar\u00f3my sa zvy\u0161ovala aj zni\u017eovala.<\/p>\n<p>Zistenie ju n\u00fatilo prem\u00fd\u0161\u013ea\u0165, \u010di <strong>m\u00f4\u017ee ma\u0165 Parkinson charakteristick\u00fd z\u00e1pach<\/strong>. Po dlh\u00fdch rokoch sa teda rozhodla Lesovi zveri\u0165 so svoj\u00edm podozren\u00edm. On na jej domnienky nezanevrel, preto sa rozhodli nav\u0161t\u00edvi\u0165 doktora <strong>Tila Kunatha<\/strong>. Hoci je ved\u00facim v\u00fdskumn\u00edkom Parkinsona na Univerzite v Edinburgu, o presk\u00famanie te\u00f3rie man\u017eelov Milneovcov nemal z\u00e1ujem. Ich pr\u00edbeh ho ale za\u010dal op\u00e4\u0165 zauj\u00edma\u0165 po tom, ako sa do\u010d\u00edtal o <strong>schopnosti psov vyc\u00edti\u0165 rakovinu.<\/strong><\/p>\n<h3>Spolupr\u00e1ca na \u00fa\u010dinnej\u0161om odhalen\u00ed choroby<\/h3>\n<p>Kunath sa teda rozhodol Joy oslovi\u0165 s\u00a0n\u00e1vrhom <strong>podie\u013ea\u0165 sa na experimente<\/strong> v jeho r\u00e9\u017eii. \u00da\u010dastn\u00edci si domov odniesli tri\u010dk\u00e1, ktor\u00e9 mali oble\u010den\u00e9 po\u010das sp\u00e1nku. Na druh\u00fd de\u0148 sa vr\u00e1tili do v\u00fdskumn\u00e9ho centra a odovzdali ich Kunathovi a jeho spolupracovn\u00edkom. Skupina \u013eud\u00ed pozost\u00e1vala zo zdrav\u00fdch jedincov a z os\u00f4b, ktor\u00e9 trpeli Parkinsonom.<\/p>\n Ak ner\u00e1tame lieky, cvi\u010denie, vyv\u00e1\u017een\u00e1 strava a podporovanie mozgovej aktivity pom\u00e1haj\u00fa zmier\u0148ova\u0165 n\u00e1sledky Parkinsonovej choroby. zdroj: pexels.com\n<p>Tri\u010dk\u00e1 sa ozna\u010dili a\u00a0vlo\u017eili do krabice. \u00dalohou Joy bolo <strong>ovo\u0148a\u0165 ka\u017ed\u00e9 z\u00a0nich a\u00a0rozhodn\u00fa\u0165 o\u00a0zdravotnom stave<\/strong>. B\u00fdval\u00e1 sestri\u010dka<strong> opisovala aj po\u010diato\u010dn\u00e9 alebo pokro\u010dil\u00e9 \u0161t\u00e1dia ochorenia a jej v\u00fdsledky boli a\u017e ohromuj\u00faco presn\u00e9<\/strong>. Chybu spravila iba raz, no po p\u00e1r mesiacoch sa doktorovi ozval nosite\u013e dan\u00e9ho tri\u010dka so spr\u00e1vou, \u017ee mu zistili Parkinsona.<\/p>\n<p>Joy, respekt\u00edve jej \u201esuper\u010duch\u201c <strong>dok\u00e1\u017ee chorobu vyc\u00edti\u0165 e\u0161te predt\u00fdm, ne\u017e na sebe \u010dlovek spozoruje pr\u00edznaky<\/strong>. Jej citliv\u00fd nos je st\u00e1le z\u00e1hadou, av\u0161ak v\u010faka experimentu doktora Kunatha s \u0148ou pracuje st\u00e1le viac vedcov. <strong>\u201ePredstavte si spolo\u010dnos\u0165, v ktorej by ste mohli odhali\u0165 tak\u00fdto zni\u010duj\u00faci stav sk\u00f4r, ako sp\u00f4sob\u00ed probl\u00e9my, a potom zabr\u00e1ni\u0165 ich v\u00fdskytu,\u201c<\/strong> hovor\u00ed Kunath. Zlou spr\u00e1vou je, \u017ee na Parkinsona neexistuje liek, v\u010dasn\u00e1 identifik\u00e1cia je v\u0161ak k\u013e\u00fa\u010dov\u00e1 pri lie\u010dbe ved\u013eaj\u0161\u00edch pr\u00edznakov. Nasleduj\u00face roky je preto na pleciach doktorov <strong>zostavi\u0165 efekt\u00edvny molekul\u00e1rny<\/strong> test a\u00a0Joy im v\u00a0tom ochotne pom\u00f4\u017ee.<\/p>\n<p><strong>Zdroje: www.bbc.com, www.npr.org<\/strong><\/p>\n<p><strong>Cover photo source: pexels.com<\/strong><\/p>","protected":false},"excerpt":{"rendered":"<p>Pred rokmi zistila, \u017ee man\u017eel jej vonia inak, dnes Joy Milne pom\u00e1ha vedcom s v\u00fdskumom Parkinsona a \u010fal\u0161\u00edch chor\u00f4b. Nepodce\u0148ujte \u010dast\u00e9 tuhnutie svalov Ako pri<\/p>","protected":false},"author":1,"featured_media":0,"comment_status":"closed","ping_status":"closed","sticky":false,"template":"","format":"standard","meta":{"footnotes":""},"categories":[51],"tags":[],"class_list":["post-7638","post","type-post","status-publish","format-standard","hentry","category-archiv","two-columns"],"_links":{"self":[{"href":"https:\/\/instrid.sk\/en\/wp-json\/wp\/v2\/posts\/7638","targetHints":{"allow":["GET"]}}],"collection":[{"href":"https:\/\/instrid.sk\/en\/wp-json\/wp\/v2\/posts"}],"about":[{"href":"https:\/\/instrid.sk\/en\/wp-json\/wp\/v2\/types\/post"}],"author":[{"embeddable":true,"href":"https:\/\/instrid.sk\/en\/wp-json\/wp\/v2\/users\/1"}],"replies":[{"embeddable":true,"href":"https:\/\/instrid.sk\/en\/wp-json\/wp\/v2\/comments?post=7638"}],"version-history":[{"count":0,"href":"https:\/\/instrid.sk\/en\/wp-json\/wp\/v2\/posts\/7638\/revisions"}],"wp:attachment":[{"href":"https:\/\/instrid.sk\/en\/wp-json\/wp\/v2\/media?parent=7638"}],"wp:term":[{"taxonomy":"category","embeddable":true,"href":"https:\/\/instrid.sk\/en\/wp-json\/wp\/v2\/categories?post=7638"},{"taxonomy":"post_tag","embeddable":true,"href":"https:\/\/instrid.sk\/en\/wp-json\/wp\/v2\/tags?post=7638"}],"curies":[{"name":"wp","href":"https:\/\/api.w.org\/{rel}","templated":true}]}}