{"id":7684,"date":"2022-05-03T00:00:00","date_gmt":"2022-05-02T23:00:00","guid":{"rendered":"https:\/\/instrid.sk\/uncategorized\/zlodej-ukradol-tri-sochy-od-ai-weiwei-za-denneho-svetla-z-muzea-v-hamburg\/"},"modified":"2022-05-03T00:00:00","modified_gmt":"2022-05-02T23:00:00","slug":"zlodej-ukradol-tri-sochy-od-ai-weiwei-za-denneho-svetla-z-muzea-v-hamburg","status":"publish","type":"post","link":"https:\/\/instrid.sk\/en\/archiv\/zlodej-ukradol-tri-sochy-od-ai-weiwei-za-denneho-svetla-z-muzea-v-hamburg\/","title":{"rendered":"Aktu\u00e1lne: Zlodej ukradol tri sochy od umelca Ai Weiwei za bieleho d\u0148a"},"content":{"rendered":"<p>Trojica sklenen\u00fdch s\u00f4ch od \u010d\u00ednskeho disidentsk\u00e9ho umelca <strong>Ai Weiwei<\/strong> bola minul\u00fd t\u00fd\u017ede\u0148 za bieleho d\u0148a odcudzen\u00e1 z gal\u00e9rie Lumas v centre mesta Hamburg. Ka\u017ed\u00e1 socha m\u00e1 in\u00fa <strong>farbu a zn\u00e1zor\u0148uje ruku so vzt\u00fd\u010den\u00fdm prostredn\u00edkom<\/strong>. Predajn\u00e1 cena ka\u017edej z nich sa pohybuje okolo <strong>9 500 eur<\/strong>. Trojica s\u00f4ch odkazuje na zn\u00e1mu fotografick\u00fa s\u00e9riu od \u010d\u00ednskeho umelca s n\u00e1zvom<strong><em> \u0160t\u00fadia perspekt\u00edvy (1995-2017)<\/em><\/strong>, v ktorej <strong>vzty\u010duje prostredn\u00fd prst na monumenty a politicky v\u00fdznamn\u00e9 miesta po celom svete<\/strong>. Tieto v\u00fdznamn\u00e9 sklenen\u00e9 ruky boli \u00fastredn\u00fdm prvkom gal\u00e9rie a boli vystaven\u00e9 na o\u010diach verejnosti v gal\u00e9rii.<\/p>\n Zlodej ukradol tieto tri sochy za bieleho d\u0148a\n<h3>Alarm sa nespustil!<\/h3>\n<p>Jeden zo zamestnancov gal\u00e9rie Lumas uviedol pre MailOnline, \u017ee alarm, ktor\u00fd mal sochy chr\u00e1ni\u0165, sa nespustil. Pod\u013ea hamburskej pol\u00edcie konal zlodej so \u0161ikovn\u00fdmi prstami s\u00e1m. Ku kr\u00e1de\u017ei do\u0161lo v pondelok 27.4.2022 medzi poludn\u00edm a 18.00 hodinou. Pol\u00edcia dokonca zriadila <strong>hor\u00facu linku pre svedkov<\/strong>, ktor\u00ed v tejto s\u00favislosti nie\u010do spozorovali, alebo ktor\u00ed m\u00f4\u017eu poskytn\u00fa\u0165 inform\u00e1cie o p\u00e1chate\u013eovi alebo mieste, kde sa sochy nach\u00e1dzaj\u00fa.<\/p>\n<h3>Ai Weiwei<\/h3>\n<p>Ai Weiwei sa narodil v roku 1957 v Pekingu v \u010c\u00edne. Umelec nav\u0161tevoval Pekinsk\u00fa filmov\u00fa akad\u00e9miu a Parsons School of Design v New Yorku. Kv\u00f4li svojim <strong>anti-politick\u00fdm dielam<\/strong> \u017eije moment\u00e1lne v exile. U n\u00e1s nie je a\u017e tak zn\u00e1my, aj ke\u010f pom\u00e1hal navrhova\u0165<strong> ikonick\u00fd \u0161tadi\u00f3n Vt\u00e1\u010die hniezdo pre olympijsk\u00e9 hry v Pekingu v roku 2008<\/strong>.\u00a0 Nesk\u00f4r bol v\u0161ak v \u010c\u00edne ter\u010dom s\u00e9rie <strong>politicky motivovan\u00fdch s\u00fadnych procesov<\/strong>. V roku 2011 str\u00e1vil Weiwei <strong>81 dn\u00ed vo v\u00e4zen\u00ed na z\u00e1klade obvinen\u00ed z da\u0148ov\u00fdch \u00fanikov<\/strong>. Bol dr\u017ean\u00fd v <strong>cele bez okien s rozmermi menej ako 4 x 4 m<\/strong>. Zn\u00e1meho umelca neust\u00e1le sprev\u00e1dzali dvaja str\u00e1\u017ecovia a musel si p\u00fdta\u0165 povolenie na pitie vody. Po z\u00edskan\u00ed svojho pasu od \u00faradov v roku 2015 sa Weiwei pres\u00eddlil do Nemecka a potom sa pres\u0165ahoval do Ve\u013ekej Brit\u00e1nie.<\/p>\n<p><em>\u201eMysl\u00edm, \u017ee najd\u00f4le\u017eitej\u0161\u00edm m\u00e9diom s\u00fa\u010dasnosti je Twitter.\u201c<\/em> Ai Weiwei<\/p>\n<blockquote class=\"twitter-tweet\" data-width=\"550\" data-dnt=\"true\">\n<p lang=\"en\" dir=\"ltr\">Ai Weiwei &amp; his controversial installation to Vienna \u25b6\ufe0f <a href=\"https:\/\/t.co\/3CD8SbocgP\" rel=\"nofollow\">https:\/\/t.co\/3CD8SbocgP<\/a> <a href=\"https:\/\/twitter.com\/AiWeiwei?ref_src=twsrc%5Etfw\" rel=\"nofollow noopener\" target=\"_blank\">@AiWeiwei<\/a> <a href=\"https:\/\/twitter.com\/hashtag\/art?src=hash&amp;ref_src=twsrc%5Etfw\" rel=\"nofollow noopener\" target=\"_blank\">#art<\/a> <a href=\"https:\/\/t.co\/AIXzbkJJA5\" rel=\"nofollow\">pic.twitter.com\/AIXzbkJJA5<\/a><\/p>\n<p>&mdash; COSHAMIE (@coshamie) <a href=\"https:\/\/twitter.com\/coshamie\/status\/755085158685020160?ref_src=twsrc%5Etfw\" rel=\"nofollow noopener\" target=\"_blank\">July 18, 2016<\/a><\/p><\/blockquote>\n<p><script async src=\"https:\/\/platform.twitter.com\/widgets.js\" charset=\"utf-8\"><\/script><\/p>\n<h3>Weiwei na soci\u00e1lnych sie\u0165ach<\/h3>\n<p>Od roku 2006 Ai Weiwei podporuje svojimi online aktivitami <strong>slobodu prejavu prostredn\u00edctvom ambici\u00f3znych umeleck\u00fdch projektov a blogov. <\/strong>V\u00e4\u010d\u0161ina jeho pr\u00e1ce je zameran\u00e1 hlavne na kritiku s\u00fa\u010dasn\u00e9ho \u010d\u00ednskeho politick\u00e9ho a kult\u00farneho \u017eivota. Mnoh\u00ed ho ozna\u010duj\u00fa za experta vo vyu\u017e\u00edvan\u00ed soci\u00e1lnych m\u00e9di\u00ed. Jeho \u0161irok\u00e9 publikum sa rozprestiera \u010faleko za hranicami \u010c\u00edny. Okrem Twitteru pou\u017e\u00edval Weiwei aj svoj vlastn\u00fd blog, ktor\u00fd bol zru\u0161en\u00fd v roku 2009. Po\u010das vy\u0161etrovania \u010d\u00ednskymi \u00faradmi a po\u010das vypo\u010d\u00favania nemohol Ai Weiwei p\u00edsa\u0165 na Twitteri. Po prepusten\u00ed sa Twitter stal jedin\u00fdm prostriedkom umelcovej komunik\u00e1cie s jeho mas\u00edvnymi fan\u00fa\u0161ikmi v \u010c\u00edne aj mimo nej, a to aj <strong>napriek podmienkam prepustenia na kauciu, pod\u013ea ktor\u00fdch Twitter nesmel u\u017e nikdy pou\u017e\u00edva\u0165<\/strong>. Jeho pr\u00edtomnos\u0165 na Twitteri bola ob\u010das preru\u0161en\u00e1, ale na\u010falej zost\u00e1va akt\u00edvnym.<\/p>\n<blockquote class=\"twitter-tweet\" data-width=\"550\" data-dnt=\"true\">\n<p lang=\"en\" dir=\"ltr\">My <a href=\"https:\/\/twitter.com\/hashtag\/selfie?src=hash&amp;ref_src=twsrc%5Etfw\" rel=\"nofollow noopener\" target=\"_blank\">#selfie<\/a> with Ai Weiwei <a href=\"https:\/\/t.co\/eJfGhPKbw8\" rel=\"nofollow\">https:\/\/t.co\/eJfGhPKbw8<\/a> <a href=\"https:\/\/twitter.com\/hashtag\/AiWeiWei?src=hash&amp;ref_src=twsrc%5Etfw\" rel=\"nofollow noopener\" target=\"_blank\">#AiWeiWei<\/a> <a href=\"https:\/\/twitter.com\/hashtag\/art?src=hash&amp;ref_src=twsrc%5Etfw\" rel=\"nofollow noopener\" target=\"_blank\">#art<\/a> <a href=\"https:\/\/twitter.com\/21erhaus?ref_src=twsrc%5Etfw\" rel=\"nofollow noopener\" target=\"_blank\">@21erhaus<\/a> @belvederewien <a href=\"https:\/\/twitter.com\/aiww?ref_src=twsrc%5Etfw\" rel=\"nofollow noopener\" target=\"_blank\">@aiww<\/a> <a href=\"https:\/\/twitter.com\/hashtag\/Vienna?src=hash&amp;ref_src=twsrc%5Etfw\" rel=\"nofollow noopener\" target=\"_blank\">#Vienna<\/a> <a href=\"https:\/\/twitter.com\/hashtag\/exhibition?src=hash&amp;ref_src=twsrc%5Etfw\" rel=\"nofollow noopener\" target=\"_blank\">#exhibition<\/a> <a href=\"https:\/\/t.co\/wDsay0mORX\" rel=\"nofollow\">pic.twitter.com\/wDsay0mORX<\/a><\/p>\n<p>&mdash; mila cataldo (@milacat) <a href=\"https:\/\/twitter.com\/milacat\/status\/754260249209626624?ref_src=twsrc%5Etfw\" rel=\"nofollow noopener\" target=\"_blank\">July 16, 2016<\/a><\/p><\/blockquote>\n<p><script async src=\"https:\/\/platform.twitter.com\/widgets.js\" charset=\"utf-8\"><\/script><\/p>\n<h3>Ocenenia<\/h3>\n<p>O \u00faspechu tohto umelca sved\u010dia nielen vysok\u00e9 ceny jeho diel ale aj v\u00fdznamn\u00e9 ocenenia. Z\u00edskal \u010destn\u00fd doktor\u00e1t na Fakulte politick\u00fdch a soci\u00e1lnych vied Univerzity v belgickom Gente (2010). Za zmienku stoj\u00ed aj zisk Skowheganskej medaily (2011) a Ceny za s\u00fa\u010dasn\u00e9 \u010d\u00ednske umenie (2008). Jeho diela sa objavili na v\u00fdznamn\u00fdch v\u00fdstav\u00e1ch v Kunsthaus Bregenz (2011); Victoria &amp; Albert Museum, Lond\u00fdn (2011); Asia Society Museum, New York (2011); Tate Modern, Lond\u00fdn (2010); S\u00e3o Paulo Bienal (2010); Haus der Kunst, Mn\u00edchov (2009); Mori Art Museum, Tokio (2009); a Documenta XII (2007).<\/p>\n<p>Zdroje: DailyMail, ArtNews, HamsteadTheatre, Art21<\/p>\n<p>&nbsp;<\/p>\n<p>&nbsp;<\/p>","protected":false},"excerpt":{"rendered":"<p>Trojica sklenen\u00fdch s\u00f4ch od \u010d\u00ednskeho disidentsk\u00e9ho umelca Ai Weiwei bola minul\u00fd t\u00fd\u017ede\u0148 za bieleho d\u0148a odcudzen\u00e1 z gal\u00e9rie Lumas v centre mesta Hamburg. Ka\u017ed\u00e1 socha<\/p>","protected":false},"author":1,"featured_media":0,"comment_status":"closed","ping_status":"closed","sticky":false,"template":"","format":"standard","meta":{"footnotes":""},"categories":[51],"tags":[],"class_list":["post-7684","post","type-post","status-publish","format-standard","hentry","category-archiv","two-columns"],"_links":{"self":[{"href":"https:\/\/instrid.sk\/en\/wp-json\/wp\/v2\/posts\/7684","targetHints":{"allow":["GET"]}}],"collection":[{"href":"https:\/\/instrid.sk\/en\/wp-json\/wp\/v2\/posts"}],"about":[{"href":"https:\/\/instrid.sk\/en\/wp-json\/wp\/v2\/types\/post"}],"author":[{"embeddable":true,"href":"https:\/\/instrid.sk\/en\/wp-json\/wp\/v2\/users\/1"}],"replies":[{"embeddable":true,"href":"https:\/\/instrid.sk\/en\/wp-json\/wp\/v2\/comments?post=7684"}],"version-history":[{"count":0,"href":"https:\/\/instrid.sk\/en\/wp-json\/wp\/v2\/posts\/7684\/revisions"}],"wp:attachment":[{"href":"https:\/\/instrid.sk\/en\/wp-json\/wp\/v2\/media?parent=7684"}],"wp:term":[{"taxonomy":"category","embeddable":true,"href":"https:\/\/instrid.sk\/en\/wp-json\/wp\/v2\/categories?post=7684"},{"taxonomy":"post_tag","embeddable":true,"href":"https:\/\/instrid.sk\/en\/wp-json\/wp\/v2\/tags?post=7684"}],"curies":[{"name":"wp","href":"https:\/\/api.w.org\/{rel}","templated":true}]}}