{"id":7727,"date":"2022-05-30T00:00:00","date_gmt":"2022-05-29T23:00:00","guid":{"rendered":"https:\/\/instrid.sk\/uncategorized\/aktualne-utok-na-monu-lisu-eco-aktivistom\/"},"modified":"2022-05-30T00:00:00","modified_gmt":"2022-05-29T23:00:00","slug":"aktualne-utok-na-monu-lisu-eco-aktivistom","status":"publish","type":"post","link":"https:\/\/instrid.sk\/en\/archiv\/aktualne-utok-na-monu-lisu-eco-aktivistom\/","title":{"rendered":"Aktu\u00e1lne: Mona Lisa bola \u201cnapadnut\u00e1\u201c eco-aktivistom"},"content":{"rendered":"<p>Internetom sa \u0161\u00edri nezastavite\u013ene video. Z\u00e1bery zachyten\u00e9 v par\u00ed\u017eskom Louvri ukazuj\u00fa osobu s r\u00fa\u017eom a paroch\u0148ou, ktor\u00e1 \u201c\u00fato\u010d\u00ed\u201c na <strong>najsl\u00e1vnej\u0161\u00ed obraz na svete<\/strong>.<\/p>\n<h3>\u00datok na Monu Lisu<\/h3>\n<p>T\u00fato nede\u013eu sa odohral v sl\u00e1vnom par\u00ed\u017eskom m\u00fazeu nezvy\u010dajn\u00fd \u00fatok. I\u0161lo o nevydaren\u00fd pokus po\u0161kodi\u0165 sl\u00e1vny obraz od Leonarda da Vinciho. Obraz zostal nepo\u0161koden\u00fd v\u010faka tomu, \u017ee je zaliaty v nepriestrelnom skle.<\/p>\n<p>Atent\u00e1tnik bol identifikovan\u00fd ako 36-ro\u010dn\u00fd mu\u017e. Na videoz\u00e1zname, ktor\u00fd zrejme vznikol bezprostredne po incidente, je <strong>atent\u00e1tnik prezle\u010den\u00fd za \u017eenu<\/strong>, ktor\u00e1 sed\u00ed na invalidnom voz\u00edku. Po incidente bol prezle\u010den\u00fd mu\u017e odveden\u00fd ochrankou m\u00fazea. \u00dadajne ho nesk\u00f4r <strong>zatkla pol\u00edcia<\/strong> and <strong>umiestnila ho do psychiatrickej starostlivosti<\/strong>.<\/p>\n<p>Na videu vidno, \u017ee po incidente s kol\u00e1\u010dom \u017eiada \u00fato\u010dn\u00edk \u013eud\u00ed, aby <strong>\u201emysleli na plan\u00e9tu\u201c<\/strong>.<\/p>\n<p><iframe title=\"Mona Lisa smeared in cake in climate protest attack\" width=\"640\" height=\"360\" src=\"https:\/\/www.youtube.com\/embed\/PMVCVgRt3iE?feature=oembed\" frameborder=\"0\" allow=\"accelerometer; autoplay; clipboard-write; encrypted-media; gyroscope; picture-in-picture; web-share\" referrerpolicy=\"strict-origin-when-cross-origin\" allowfullscreen><\/iframe><\/p>\n<p><em>\u201eS\u00fa tu \u013eudia, ktor\u00ed ni\u010dia Zem. V\u0161etci umelci, myslite na Zem. Preto som to urobil. Myslite na plan\u00e9tu.\u201c <\/em>Par\u00ed\u017esky atent\u00e1tnik<em><br \/>\n<\/em><\/p>\n<p><a href=\"https:\/\/www.youtube.com\/watch?v=P2cstGtLRUc&#038;t=4s\" rel=\"nofollow noopener\" target=\"_blank\">https:\/\/www.youtube.com\/watch?v=P2cstGtLRUc&amp;t=4s<\/a><\/p>\n<h3>Nebol to prv\u00fd ani posledn\u00fd \u00fatok na Monu Lisu<\/h3>\n<p>Predpoklad\u00e1 sa, \u017ee Mona Lisa od Leonarda da Vinciho bola nama\u013eovan\u00e1 v rokoch 1503 a\u017e 1517. Za viac ako 500 rokov svojej existencie za\u017eila toho ve\u013ea.<\/p>\n<p>V roku 1911 tento obraz <strong>ukradol zamestnanec m\u00fazea<\/strong>, \u010d\u00edm sa zv\u00fd\u0161ila jeho medzin\u00e1rodn\u00e1 reput\u00e1cia. V 50. rokoch 20. storo\u010dia ho <strong>vandal po\u0161kodil pri \u00fatoku kyselinou<\/strong>. Pr\u00e1ve odvtedy je obraz uchov\u00e1van\u00fd za sklom. V decembri toho ist\u00e9ho roku do\u0148 v m\u00fazeu Louvre <strong>hodil juhoamerick\u00fd turista kame\u0148<\/strong>. Rozbil sklo a odl\u00fapil z obrazu k\u00fasok farby. Obraz bol n\u00e1sledne zre\u0161taurovan\u00fd.<\/p>\n<p>V roku 1974, ke\u010f bolo dielo vystaven\u00e9 v Tokijskom n\u00e1rodnom m\u00fazeu, ist\u00e1 <strong>\u017eena s r\u00f4znymi zdravotn\u00fdmi postihnutiami postriekala jeho sklenen\u00fa vitr\u00ednu \u010dervenou farbou<\/strong>, aby vyjadrila svoju nespokojnos\u0165 s nedostato\u010dn\u00fdm pr\u00edstupom pre zdravotne postihnut\u00fdch \u013eud\u00ed v m\u00fazeu.<\/p>\n<p>Ist\u00e1 Ruska, rozz\u00faren\u00e1 nemo\u017enos\u0165ou z\u00edska\u0165 franc\u00fazske ob\u010dianstvo, do\u0148 v roku 2009 <strong>hodila keramick\u00fd poh\u00e1r. <\/strong>Poh\u00e1r sa rozbil, ale sklo ani obraz sa nepo\u0161kodili.<\/p>\n<h3>Milovan\u00e1 aj nen\u00e1viden\u00e1, pre\u010do je Mona Lisa tak\u00e1 sl\u00e1vna?<\/h3>\n<p>Presl\u00e1ven\u00fd portr\u00e9t pri\u0165ahuje <strong>poh\u013eady mnoh\u00fdch div\u00e1kov ka\u017ed\u00fd de\u0148<\/strong>. Je to najzn\u00e1mej\u0161\u00ed obraz na svete, a predsa, ke\u010f sa div\u00e1kom podar\u00ed vidie\u0165 toto dielo zbl\u00edzka, pravdepodobne nenapln\u00ed ich o\u010dak\u00e1vania. Na obraze je \u00fatla \u017eena. Je skromne oble\u010den\u00e1 v priesvitnom z\u00e1voji, tmavom r\u00fachu a nem\u00e1 \u0161perky.<\/p>\n<p>O jej <strong>\u00fasmeve a poh\u013eade sa toho pop\u00edsalo ve\u013ea<\/strong>, ale div\u00e1ci sa aj tak m\u00f4\u017eu \u010dudova\u0165, pre\u010do je okolo nej tak\u00fd rozruch. Popri z\u00e1had\u00e1ch identity sediace jd\u00e1my a jej z\u00e1hadn\u00e9ho poh\u013eadu <strong>je d\u00f4vod popularity diela jednou z mnoh\u00fdch h\u00e1daniek<\/strong>. Hoci sa mnoh\u00e9 te\u00f3rie pok\u00fa\u0161ali ur\u010di\u0165 hlavn\u00fd d\u00f4vod sl\u00e1vy tohoto umeleck\u00e9ho diela, nepri\u0161li na\u0148. Sl\u00e1va Mony Lisy je asi len <strong>v\u00fdsledkom mnoh\u00fdch n\u00e1hodn\u00fdch okolnost\u00ed<\/strong>.<\/p>\n<h3>Kto bola Mona Lisa?<\/h3>\n<p>V minulom storo\u010d\u00ed sa objavili n\u00e1zory, \u017ee Mona Lisa bola \u0161\u013eachti\u010dn\u00e1 <strong>Isabella d&#8217;Este<\/strong>, mark\u00edza z Mantovy, alebo <strong>Costanza d&#8217;Avalos<\/strong>, vojvodky\u0148a z Francavilly. In\u00ed pri poh\u013eade na \u0148u videli tv\u00e1r <strong>samotn\u00e9ho Leonarda da Vinciho<\/strong> alebo mu\u017ea, ktor\u00fd bol 20 rokov jeho asistentom (a mo\u017eno aj milencom).<\/p>\n<p>Dnes sa predpoklad\u00e1, \u017ee m\u00fazou pre vznik obrazu bola <strong>Lisa Gherardini<\/strong>, man\u017eelka bohat\u00e9ho florentsk\u00e9ho obchodn\u00edka s hodv\u00e1bom. Historici sa domnievaj\u00fa, \u017ee si jej man\u017eel objednal obraz do ich nov\u00e9ho domu.<\/p>\n<h3>Z\u00e1hadn\u00fd \u00fasmev<\/h3>\n<p>V roku 2000 vedci z Harvardu pri\u0161li s vysvetlen\u00edm<strong> nepolapite\u013en\u00e9ho \u00fasmevu Mony Lisy<\/strong>. Z ich vysvetlenie vypl\u00fdva, \u017ee ke\u010f sa div\u00e1k pozer\u00e1 na jej o\u010di, jej \u00fasta s\u00fa v perif\u00e9rnom viden\u00ed. Tiene v k\u00fatikoch jej \u00fast ich v\u0161ak zv\u00fdraz\u0148uj\u00fa, v\u010faka \u010domu sa jej \u00fasmev zd\u00e1 by\u0165 \u0161ir\u0161\u00ed. Av\u0161ak pri priamom poh\u013eade na jej \u00fasta sa jej \u00fasmev zmen\u0161\u00ed. Pr\u00e1ve t\u00e1to skuto\u010dnos\u0165, \u017ee sa jej \u00fasmev men\u00ed, ke\u010f sa na neho pozer\u00e1te, sp\u00f4sobuje, \u017ee p\u00f4sob\u00ed tak \u017eivo, a tak tajomne.<\/p>\n<h3>Ak\u00fa m\u00e1 dnes hodnotu?<\/h3>\n<p>V\u00e4\u010d\u0161ina <strong>milovn\u00edkov umenia ju pova\u017euje za neocenite\u013en\u00fa<\/strong>. Ak by sa v\u0161ak k obrazu mala priradi\u0165 dol\u00e1rov\u00e1 suma, niektor\u00ed odborn\u00edci na umenie sa domnievaj\u00fa, \u017ee aukcia obrazu by vyniesla viac ako <strong>700 mili\u00f3nov dol\u00e1rov!<\/strong><\/p>\n<p>&nbsp;<\/p>\n<p>Zdroj: ArtNews, Britannica, RDAsia,<\/p>","protected":false},"excerpt":{"rendered":"<p>Internetom sa \u0161\u00edri nezastavite\u013ene video. Z\u00e1bery zachyten\u00e9 v par\u00ed\u017eskom Louvri ukazuj\u00fa osobu s r\u00fa\u017eom a paroch\u0148ou, ktor\u00e1 \u201c\u00fato\u010d\u00ed\u201c na najsl\u00e1vnej\u0161\u00ed obraz na svete. \u00datok na<\/p>","protected":false},"author":1,"featured_media":0,"comment_status":"closed","ping_status":"closed","sticky":false,"template":"","format":"standard","meta":{"footnotes":""},"categories":[51],"tags":[],"class_list":["post-7727","post","type-post","status-publish","format-standard","hentry","category-archiv","two-columns"],"_links":{"self":[{"href":"https:\/\/instrid.sk\/en\/wp-json\/wp\/v2\/posts\/7727","targetHints":{"allow":["GET"]}}],"collection":[{"href":"https:\/\/instrid.sk\/en\/wp-json\/wp\/v2\/posts"}],"about":[{"href":"https:\/\/instrid.sk\/en\/wp-json\/wp\/v2\/types\/post"}],"author":[{"embeddable":true,"href":"https:\/\/instrid.sk\/en\/wp-json\/wp\/v2\/users\/1"}],"replies":[{"embeddable":true,"href":"https:\/\/instrid.sk\/en\/wp-json\/wp\/v2\/comments?post=7727"}],"version-history":[{"count":0,"href":"https:\/\/instrid.sk\/en\/wp-json\/wp\/v2\/posts\/7727\/revisions"}],"wp:attachment":[{"href":"https:\/\/instrid.sk\/en\/wp-json\/wp\/v2\/media?parent=7727"}],"wp:term":[{"taxonomy":"category","embeddable":true,"href":"https:\/\/instrid.sk\/en\/wp-json\/wp\/v2\/categories?post=7727"},{"taxonomy":"post_tag","embeddable":true,"href":"https:\/\/instrid.sk\/en\/wp-json\/wp\/v2\/tags?post=7727"}],"curies":[{"name":"wp","href":"https:\/\/api.w.org\/{rel}","templated":true}]}}