{"id":7759,"date":"2022-06-28T00:00:00","date_gmt":"2022-06-27T23:00:00","guid":{"rendered":"https:\/\/instrid.sk\/uncategorized\/jenna-savill-monumentalne-autoportrety\/"},"modified":"2022-06-28T00:00:00","modified_gmt":"2022-06-27T23:00:00","slug":"jenna-savill-monumentalne-autoportrety","status":"publish","type":"post","link":"https:\/\/instrid.sk\/en\/archiv\/jenna-savill-monumentalne-autoportrety\/","title":{"rendered":"Jenny Saville: Monument\u00e1lne autoportr\u00e9ty a obrazy mohutn\u00fdch \u017eien"},"content":{"rendered":"<p>Umelky\u0148a <strong>Jenny Saville<\/strong> sa in\u0161pirovala klasick\u00fdmi portr\u00e9tmi <strong>Petra Paula Rubensa, kubizmom od Pabla Picassa a abstraktn\u00fdm expresionizmom<\/strong>. Savillovej diela vyvol\u00e1vaj\u00fa hlbok\u00fa fascin\u00e1ciu <strong>hmatate\u013enos\u0165ou tela, anat\u00f3miou a groteskou v kombin\u00e1cii s majstrovsk\u00fdm a z\u00e1rove\u0148 intuit\u00edvnym in\u0161tinktom pre pr\u00e1cu s farbou<\/strong>. Ako jedna z m\u00e1la umelk\u00fd\u0148 s\u00fa\u010dasnosti <strong>opustila postmodernizmus<\/strong> a obnovila svoje \u00fazke spojenie<strong> s ve\u013ekou eur\u00f3pskou maliarskou trad\u00edciou.<\/strong><\/p>\n<h3>\u010clenka YBA<\/h3>\n<p>Saville sa narodil v anglickom Cambridgi. Jej matka si jej talent v\u0161imla u\u017e v ranom veku. Dokonca jej v ich dome postavila <strong>zo \u0161pajze proviz\u00f3rny ateli\u00e9r<\/strong>.<\/p>\n<p>Jenny Saville nesk\u00f4r \u0161tudovala na Glasgow School of Art koncom 80. a za\u010diatkom 90. rokov. Mlad\u00e1 umelky\u0148a bola zn\u00e1ma ako \u010dlenka vo\u013enej genera\u010dnej kohorty zn\u00e1mej ako <strong>Young British Artists (YBA)<\/strong>. Samotn\u00e1 Saville sa v\u0161ak nikdy nepova\u017eovala za s\u00fa\u010das\u0165 tejto skupiny a na\u0161la v\u00e4\u010d\u0161iu bl\u00edzkos\u0165 s americk\u00fdmi maliarmi, ako boli Cy Twombly a Willem de Kooning.<\/p>\n<p>Umelky\u0148a vystavovala na zn\u00e1mej v\u00fdstave Kr\u00e1\u013eovskej akad\u00e9mie umen\u00ed v roku 1997 spolu s \u010fal\u0161\u00edmii v\u00fdznamn\u00fdmi umelcami ako <strong>Damien Hirst, Tracey Emin a Sarah Lucas<\/strong>. Saville vystavovala v <strong>New Yorku, Par\u00ed\u017ei, Lond\u00fdne, Kodani a mnoh\u00fdch \u010fal\u0161\u00edch mest\u00e1ch<\/strong>. Jej diela s\u00fa okrem in\u00fdch in\u0161tit\u00faci\u00ed s\u00fa\u010das\u0165ou zbierok The Broad, George Economou Collection, Metropolitan Museum of Art, Norton Museum of Art a San Francisco Museum of Modern Art.<\/p>\n<p><iframe title=\"Jenny Saville in conversation with Nicholas Cullinan\" width=\"640\" height=\"360\" src=\"https:\/\/www.youtube.com\/embed\/CMIICxZ669Q?feature=oembed\" frameborder=\"0\" allow=\"accelerometer; autoplay; clipboard-write; encrypted-media; gyroscope; picture-in-picture; web-share\" referrerpolicy=\"strict-origin-when-cross-origin\" allowfullscreen><\/iframe><\/p>\n<h3>Ma\u013eby<\/h3>\n<p>Jenny Saville, zn\u00e1ma svojimi <strong>figur\u00e1lnymi ma\u013ebami nah\u00fdch \u017eien v nad\u017eivotnej ve\u013ekosti, zobrazen\u00fdch v nezvy\u010dajn\u00fdch a deformovan\u00fdch uhloch<\/strong>, zaujala u\u017e po\u010das \u0161t\u00fadia. Jej portr\u00e9ty sa vyzna\u010duj\u00fa <strong>prehnanou re\u00e1lnos\u0165ou<\/strong>. Zd\u00f4raz\u0148uje<strong> ka\u017ed\u00e9 z\u00e1hyby tela, vidite\u013en\u00e9 \u017eily a za\u010dervenan\u00fa poko\u017eku<\/strong>. Vo svojich obrazoch zd\u00f4raz\u0148uj\u00fa <strong>pevnos\u0165 a silu \u017eenskej postavy <\/strong>aj jej <strong>prirodzen\u00fa zranite\u013enos\u0165<\/strong>.<\/p>\n<p><em>\u201ePri\u0165ahuj\u00fa ma tel\u00e1, ktor\u00e9 vy\u017earuj\u00fa ak\u00fdsi medzistav: hermafrodit, transvestita, m\u0155tvola, napoly \u017eiv\u00e1\/napoly m\u0155tva hlava.\u201c <\/em>Jenny Saville<\/p>\n<p><a href=\"https:\/\/twitter.com\/womensart1\/status\/1214472451582808064\" rel=\"nofollow noopener\" target=\"_blank\">https:\/\/twitter.com\/womensart1\/status\/1214472451582808064<\/a><\/p>\n<p><strong>Pru\u017enos\u0165 \u013eudsk\u00e9ho tela<\/strong> patr\u00ed medzi Savilline hlavn\u00e9 z\u00e1ujmy. Dlho sa venovala \u0161t\u00fadiu <strong>klasick\u00e9ho a renesan\u010dn\u00e9ho soch\u00e1rstva.<\/strong> Takisto <strong>str\u00e1vila ist\u00fd \u010das v m\u00e1rnici a pozorovala plastick\u00e9ho chirurga pri pr\u00e1ci<\/strong>.<\/p>\n<p>&nbsp;<\/p>\n<h3>Technika a farby<\/h3>\n<p>Saville pracuje s <strong>olejovou farbou<\/strong>, ktor\u00e1 sa nan\u00e1\u0161a v \u0165a\u017ek\u00fdch vrstv\u00e1ch. St\u00e1va sa tak viscer\u00e1lnou, pri\u010dom ka\u017ed\u00e1 nama\u013eovan\u00e1 stopa si zachov\u00e1va svoj vlastn\u00fd \u0165ah. Jej technika vyu\u017e\u00edva drobn\u00e9 \u0165ahy \u0161tetcom na vybudovanie obrazu a zjemnenie zobrazenia. Saville tie\u017e <strong>tla\u010d\u00ed, rozmaz\u00e1va a \u0161krabe pigment<\/strong> na svojich ve\u013ekorozmern\u00fdch pl\u00e1tnach. Jej pl\u00e1tna s\u00fa \u010dasto v\u00e4\u010d\u0161ie ako <strong>6 x 6 metrov<\/strong>.<\/p>\n<p>&nbsp;<\/p>\n<h3>Body positivity?<\/h3>\n<p>Jej diela komentuj\u00fa <strong>s\u00fa\u010dasn\u00fa posadnutos\u0165 postavou<\/strong>. Niektor\u00ed o jej dielach dokonca hovoria, \u017ee steles\u0148uj\u00fa <em><strong>feministick\u00fa estetiku znechutenia<\/strong><\/em>.<\/p>\n<p><a href=\"https:\/\/twitter.com\/autremagazine\/status\/1002339533814288384?lang=ar-x-fm\" rel=\"nofollow noopener\" target=\"_blank\">https:\/\/twitter.com\/autremagazine\/status\/1002339533814288384?lang=ar-x-fm<\/a><\/p>\n<p>Rovnako jej netradi\u010dn\u00fd poh\u013ead na kr\u00e1su roz\u0161iruje tradi\u010dn\u00fa podobu maliarsk\u00e9ho aktu. Sna\u017e\u00ed sa, aby diela vyvolali <strong>z\u00e1ujem, zm\u00e4tok, ot\u00e1zky a vzru\u0161enie<\/strong>.<\/p>\n<p><em>\u201eTelo je jednoducho t\u00e1 najkraj\u0161ia vec na ma\u013eovanie. \u201c Jenny Seville<\/em><\/p>\n<p>&nbsp;<\/p>\n<h3>Aktu\u00e1lna pr\u00e1ca<\/h3>\n<p>Saville sa v roku 2014 pres\u0165ahovala z Talianska nasp\u00e4\u0165 do Spojen\u00e9ho kr\u00e1\u013eovstva. Moment\u00e1lne \u017eije v Oxforde so svoj\u00edm partnerom Paulom McPhailom a ich dvoma de\u0165mi. Materstvo v\u00fdrazne ovplyvnilo Savillinu tvorbu a spont\u00e1nnos\u0165 jej det\u00ed ju presved\u010dila<strong> o slobodnej\u0161om pr\u00edstupe k v\u00fdberu materi\u00e1lu a t\u00e9m<\/strong>.\u00a0Savillovej nov\u00e1 tvorba sa st\u00e1le zaober\u00e1 predov\u0161etk\u00fdm \u013eudsk\u00fdm telom, ale namiesto toho, aby ma\u013eovala len<strong> \u017eensk\u00fd akt<\/strong>, odkazuje teraz vo svojich dielach aj<strong> na materstvo, antick\u00e9 m\u00fdty a dejiny umenia<\/strong>.<\/p>\n<p>&nbsp;<\/p>\n<h3>Rekord<\/h3>\n<p>V roku 2018 sa jej dielo <em><strong>Propped (1992)<\/strong><\/em> predalo za <strong>12,4 mili\u00f3na dol\u00e1rov<\/strong> a vytvorilo rekord ako najdrah\u0161ie dielo \u017eij\u00facej umelkyne predan\u00e9 na aukcii.<\/p>\n<p>&nbsp;<\/p>","protected":false},"excerpt":{"rendered":"<p>Umelky\u0148a Jenny Saville sa in\u0161pirovala klasick\u00fdmi portr\u00e9tmi Petra Paula Rubensa, kubizmom od Pabla Picassa a abstraktn\u00fdm expresionizmom. Savillovej diela vyvol\u00e1vaj\u00fa hlbok\u00fa fascin\u00e1ciu hmatate\u013enos\u0165ou tela, anat\u00f3miou<\/p>","protected":false},"author":1,"featured_media":0,"comment_status":"closed","ping_status":"closed","sticky":false,"template":"","format":"standard","meta":{"footnotes":""},"categories":[51],"tags":[],"class_list":["post-7759","post","type-post","status-publish","format-standard","hentry","category-archiv","two-columns"],"_links":{"self":[{"href":"https:\/\/instrid.sk\/en\/wp-json\/wp\/v2\/posts\/7759","targetHints":{"allow":["GET"]}}],"collection":[{"href":"https:\/\/instrid.sk\/en\/wp-json\/wp\/v2\/posts"}],"about":[{"href":"https:\/\/instrid.sk\/en\/wp-json\/wp\/v2\/types\/post"}],"author":[{"embeddable":true,"href":"https:\/\/instrid.sk\/en\/wp-json\/wp\/v2\/users\/1"}],"replies":[{"embeddable":true,"href":"https:\/\/instrid.sk\/en\/wp-json\/wp\/v2\/comments?post=7759"}],"version-history":[{"count":0,"href":"https:\/\/instrid.sk\/en\/wp-json\/wp\/v2\/posts\/7759\/revisions"}],"wp:attachment":[{"href":"https:\/\/instrid.sk\/en\/wp-json\/wp\/v2\/media?parent=7759"}],"wp:term":[{"taxonomy":"category","embeddable":true,"href":"https:\/\/instrid.sk\/en\/wp-json\/wp\/v2\/categories?post=7759"},{"taxonomy":"post_tag","embeddable":true,"href":"https:\/\/instrid.sk\/en\/wp-json\/wp\/v2\/tags?post=7759"}],"curies":[{"name":"wp","href":"https:\/\/api.w.org\/{rel}","templated":true}]}}