{"id":7771,"date":"2022-06-26T00:00:00","date_gmt":"2022-06-25T23:00:00","guid":{"rendered":"https:\/\/instrid.sk\/uncategorized\/instagram-testuje-novy-nastroj-na-overenie-veku-pouzivatelov\/"},"modified":"2022-06-26T00:00:00","modified_gmt":"2022-06-25T23:00:00","slug":"instagram-testuje-novy-nastroj-na-overenie-veku-pouzivatelov","status":"publish","type":"post","link":"https:\/\/instrid.sk\/en\/archiv\/instagram-testuje-novy-nastroj-na-overenie-veku-pouzivatelov\/","title":{"rendered":"Instagram testuje nov\u00fd n\u00e1stroj na overenie veku pou\u017e\u00edvate\u013eov"},"content":{"rendered":"<p>Soci\u00e1lna sie\u0165 <strong>Instagram<\/strong>\u00a0testuje <strong>v Spojen\u00fdch \u0161t\u00e1toch americk\u00fdch\u00a0<\/strong>nov\u00e9 n\u00e1stroje na <strong>overenie veku svojich pou\u017e\u00edvate\u013eov<\/strong>. Tie by mali pod\u013ea materskej spolo\u010dnosti Meta <strong>zabr\u00e1ni\u0165 neplnolet\u00fdm pou\u017e\u00edvate\u013eom vyd\u00e1va\u0165 sa za dospel\u00fdch<\/strong>. Okrem jednoduch\u00e9ho nahratia fotografie ob\u010dianskeho preukazu pou\u017e\u00edvate\u013ea, \u010do je met\u00f3da, ktorej overenie m\u00f4\u017ee trva\u0165 a\u017e dva dni, maj\u00fa teraz pou\u017e\u00edvatelia <strong>\u010fal\u0161ie dve mo\u017enosti overenia ich veku<\/strong>.<\/p>\n<h3>Nahraj video<\/h3>\n<p>Prvou mo\u017enos\u0165ou overenia svojho veku je <strong>nahratie selfie videa<\/strong>. Pou\u017e\u00edvate\u013eov, ktor\u00ed si vyber\u00fa t\u00fato mo\u017enos\u0165, cel\u00fdm procesom preved\u00fa <strong>pokyny na obrazovke<\/strong>. Po nasn\u00edman\u00ed sa <strong>video zdie\u013ea so spolo\u010dnos\u0165ou Yoti<\/strong>, s\u00a0ktorou spolo\u010dnos\u0165 Meta v\u00a0tomto bezpe\u010dnostnom procese spolupracuje. Spolo\u010dnos\u0165 Yoti sa \u0161pecializuje na <strong>v\u00fdvoj technol\u00f3gie overovania veku pomocou umelej inteligencie<\/strong>.<\/p>\n<p>Technol\u00f3gia spolo\u010dnosti Yoti po prijat\u00ed videa <strong>odhadne vek pou\u017e\u00edvate\u013ea na z\u00e1klade jeho \u010d\u0155t tv\u00e1re a\u00a0potom video automaticky odstr\u00e1ni<\/strong>. Tak\u00fdto automatizovan\u00fd proces by mal <strong>trva\u0165 do 20 min\u00fat<\/strong>. Napriek tomu \u017ee testovanie zatia\u013e prebieha len v\u00a0USA, spolo\u010dnos\u0165 Yoti bola tie\u017e schv\u00e1len\u00e1 nemeck\u00fdm regula\u010dn\u00fdm org\u00e1nom pre ochranu ml\u00e1de\u017ee v\u00a0medi\u00e1lnom priestore.<\/p>\n<p>Instagram v spr\u00e1ve ohl\u00e1sil, \u017ee technol\u00f3gia <strong>spolo\u010dnosti Yoti nedok\u00e1\u017ee rozpozna\u0165 identitu, ale len vek pou\u017e\u00edvate\u013ea<\/strong>. Aj napriek tomu sa mnoh\u00ed pou\u017e\u00edvatelia boja, \u017ee ich identita m\u00f4\u017ee by\u0165 zneu\u017eit\u00e1.<\/p>\n Logo soci\u00e1lnej siete Instagram [Unsplash]\n<h3>Po\u017eiadaj ru\u010dite\u013ea<\/h3>\n<p>Druhou mo\u017enos\u0165ou overenia je takzvan\u00e9 \u201e<strong>social vouching<\/strong>\u201c, za vek pou\u017e\u00edvate\u013ea tak teda bud\u00fa<strong> ru\u010di\u0165 jeho vz\u00e1jomn\u00ed sledovatelia<\/strong>. T\u00ed, ak sp\u013a\u0148aj\u00fa podmienky, v aplik\u00e1ci\u00ed potvrdia ko\u013eko m\u00e1 dan\u00fd pou\u017e\u00edvate\u013e rokov. Osoba, ktor\u00e1 za dan\u00e9ho pou\u017e\u00edvate\u013ea ru\u010d\u00ed, v\u0161ak <strong>mus\u00ed ma\u0165 viac ako 18 rokov a\u00a0nesmie v\u00a0tom \u010dase ru\u010di\u0165 za nikoho in\u00e9ho<\/strong>. Ak si pou\u017e\u00edvate\u013e zvol\u00ed t\u00fato mo\u017enos\u0165, bude musie\u0165 vybra\u0165 troch \u013eud\u00ed, ktor\u00ed za neho bud\u00fa ru\u010di\u0165, a t\u00ed musia <strong>odpoveda\u0165 na \u017eiados\u0165 do troch dn\u00ed<\/strong>.<\/p>\n<h3>Pre\u010do je overenie veku pou\u017e\u00edvate\u013eov na Instagrame potrebn\u00e9?<\/h3>\n<p>Soci\u00e1lna sie\u0165 Instagram vy\u017eaduje overenie veku prim\u00e1rne z\u00a0dvoch d\u00f4vodov. T\u00fdm prv\u00fdm je, \u017ee na registr\u00e1ciu profilu <strong>mus\u00ed ma\u0165 pou\u017e\u00edvate\u013e minim\u00e1lne 13 rokov<\/strong> a\u00a0aj to sa odv\u00edja pod\u013ea toho, v\u00a0ktorej krajine sa nach\u00e1dza (niekde je tento vek vy\u0161\u0161\u00ed). Pou\u017e\u00edvatelia, ktor\u00ed svoj vek nepotvrdia, nebud\u00fa m\u00f4c\u0165 vyu\u017e\u00edva\u0165 Instagram.<\/p>\n<p>Druh\u00fdm d\u00f4vodom je <strong>ochrana mladistv\u00fdch na soci\u00e1lnych sie\u0165ach<\/strong>. Ak m\u00e1 pou\u017e\u00edvate\u013e napr\u00edklad 13 a\u017e 17 rokov, jeho \u00fa\u010det bude <strong>predvolene nastaven\u00fd ako s\u00fakromn\u00fd<\/strong>. Rovnako bude ma\u0165 aj obmedzen\u00fa mo\u017enos\u0165 kontaktu s ostatn\u00fdmi pou\u017e\u00edvate\u013emi, ktor\u00fdch nepozn\u00e1. <strong>Obmedzen\u00e1 bude aj mo\u017enos\u0165 inzercie<\/strong>. Firmy tak\u00e9hoto pou\u017e\u00edvate\u013ea nebud\u00fa m\u00f4c\u0165 oslovi\u0165 pomocou personalizovan\u00fdch rekl\u00e1m.<\/p>\n Aplik\u00e1cia soci\u00e1lnej siete Instagram [Unsplash]\n<p>Spolo\u010dnos\u0165 uviedla, \u017ee tieto nov\u00e9 opatrenia <strong>zabr\u00e1nia t\u00edned\u017eerom v\u00a0pr\u00edstupe k\u00a0zoznamke na Facebooku<\/strong>, dospel\u00fdm v\u00a0odosielan\u00ed priamych spr\u00e1v t\u00edned\u017eerom, ktor\u00fdch nepoznaj\u00fa a\u00a0umo\u017enia t\u00edned\u017eerom dost\u00e1va\u0165 <strong>len obmedzen\u00fd obsah rekl\u00e1m<\/strong>.<\/p>\n<h3>Spolo\u010dnos\u0165 Yoti<\/h3>\n<p>Technol\u00f3gia spolo\u010dnosti Yoti funguje <strong>na z\u00e1klade umelej inteligencie<\/strong>, ktor\u00e1 dok\u00e1\u017ee odhadn\u00fa\u0165 vek pod\u013ea tv\u00e1re. T\u00e1to umel\u00e1 inteligencia bola vytvoren\u00e1 pod\u013ea <strong>anonymn\u00fdch obr\u00e1zkov \u013eud\u00ed z cel\u00e9ho sveta<\/strong>, ktor\u00ed umo\u017enili spolo\u010dnosti Yoti pou\u017ei\u0165 ich \u00fadaje. Spolo\u010dnos\u0165 tvrd\u00ed, \u017ee v\u0161etky obr\u00e1zky pou\u017eit\u00e9 na tr\u00e9novanie umelej inteligencie <strong>boli z\u00edskan\u00e9 transparentne<\/strong> a osoba, ktor\u00e1 ich poskytla, ich m\u00f4\u017ee kedyko\u013evek odstr\u00e1ni\u0165.<\/p>\n<p>&nbsp;<\/p>\n<p>&nbsp;<\/p>\n<p><span style=\"color: #999999\">Zdroje: CNET, Meta, Deutsche Welle, The Express Tribune, The Washington Post<\/span><\/p>","protected":false},"excerpt":{"rendered":"<p>Soci\u00e1lna sie\u0165 Instagram\u00a0testuje v Spojen\u00fdch \u0161t\u00e1toch americk\u00fdch\u00a0nov\u00e9 n\u00e1stroje na overenie veku svojich pou\u017e\u00edvate\u013eov. Tie by mali pod\u013ea materskej spolo\u010dnosti Meta zabr\u00e1ni\u0165 neplnolet\u00fdm pou\u017e\u00edvate\u013eom vyd\u00e1va\u0165 sa<\/p>","protected":false},"author":1,"featured_media":0,"comment_status":"closed","ping_status":"closed","sticky":false,"template":"","format":"standard","meta":{"footnotes":""},"categories":[51],"tags":[],"class_list":["post-7771","post","type-post","status-publish","format-standard","hentry","category-archiv","two-columns"],"_links":{"self":[{"href":"https:\/\/instrid.sk\/en\/wp-json\/wp\/v2\/posts\/7771","targetHints":{"allow":["GET"]}}],"collection":[{"href":"https:\/\/instrid.sk\/en\/wp-json\/wp\/v2\/posts"}],"about":[{"href":"https:\/\/instrid.sk\/en\/wp-json\/wp\/v2\/types\/post"}],"author":[{"embeddable":true,"href":"https:\/\/instrid.sk\/en\/wp-json\/wp\/v2\/users\/1"}],"replies":[{"embeddable":true,"href":"https:\/\/instrid.sk\/en\/wp-json\/wp\/v2\/comments?post=7771"}],"version-history":[{"count":0,"href":"https:\/\/instrid.sk\/en\/wp-json\/wp\/v2\/posts\/7771\/revisions"}],"wp:attachment":[{"href":"https:\/\/instrid.sk\/en\/wp-json\/wp\/v2\/media?parent=7771"}],"wp:term":[{"taxonomy":"category","embeddable":true,"href":"https:\/\/instrid.sk\/en\/wp-json\/wp\/v2\/categories?post=7771"},{"taxonomy":"post_tag","embeddable":true,"href":"https:\/\/instrid.sk\/en\/wp-json\/wp\/v2\/tags?post=7771"}],"curies":[{"name":"wp","href":"https:\/\/api.w.org\/{rel}","templated":true}]}}