{"id":7777,"date":"2022-06-29T00:00:00","date_gmt":"2022-06-28T23:00:00","guid":{"rendered":"https:\/\/instrid.sk\/uncategorized\/deti-a-psychologia-prva-spomienka-prichod-na-svet\/"},"modified":"2022-06-29T00:00:00","modified_gmt":"2022-06-28T23:00:00","slug":"deti-a-psychologia-prva-spomienka-prichod-na-svet","status":"publish","type":"post","link":"https:\/\/instrid.sk\/en\/archiv\/deti-a-psychologia-prva-spomienka-prichod-na-svet\/","title":{"rendered":"Deti a psychol\u00f3gia: Pre\u010do nie je na\u0161ou prvou spomienkou pr\u00edchod na svet?"},"content":{"rendered":"<p>Star\u0161\u00ed \u013eudia si niekedy vedia lep\u0161ie vybavi\u0165 d\u00e1vne udalosti. Ako je potom mo\u017en\u00e9, \u017ee si deti nepam\u00e4taj\u00fa svoje narodenie?<\/p>\n<h3>Zabudli sme alebo sme si detstvo nestihli zapam\u00e4ta\u0165?<\/h3>\n<p><strong>\u201eAk\u00e1 je tvoja prv\u00e1 spomienka z\u00a0detstva?\u201c<\/strong> T\u00fato vetu ste zrejme nieko\u013ekokr\u00e1t po\u010duli z \u00fast va\u0161ich rodi\u010dov, babi\u010diek \u010di priate\u013eov. Je zauj\u00edmav\u00e9 siahnu\u0165 do toho najhlb\u0161ieho z\u00e1kutia mysle a vytiahnu\u0165 <strong>z\u00e1\u017eitok, ktor\u00fd od\u0161tartoval vn\u00edmanie sveta okolo v\u00e1s<\/strong>. Len zriedka si v\u0161ak spomeniete na nie\u010do, \u010do sa odohralo ove\u013ea sk\u00f4r.<\/p>\n Ak si deti dok\u00e1\u017eu vytv\u00e1ra\u0165 spomienky v prv\u00fdch mesiacoch \u017eivota, pre\u010do si nepam\u00e4taj\u00fa veci z tej najranej\u0161ej f\u00e1zy? zdroj: pexels.com\n<p>&nbsp;<\/p>\n<p>Pravdepodobne by ste vysmiali \u010dloveka, ktor\u00fd by od v\u00e1s chcel z\u00e1\u017eitky z v\u00fdletu v Tatr\u00e1ch. H\u00e1\u010dik je v tom, \u017ee v\u00e1s vtedy do pr\u00edrody zobrali rodi\u010dia a mali ste pol roka. <strong>Pre\u010do to v\u00f4bec tak funguje?<\/strong> Jednoducho si nedok\u00e1\u017eeme vybavi\u0165 \u017eiadnu spomienku z \u010dias, ke\u010f sme boli b\u00e1b\u00e4tkami. Ner\u00e1tame <strong>pam\u00e4tn\u00e9 fotky a vide\u00e1, tie n\u00e1m len sprostredkuj\u00fa situ\u00e1cie z ran\u00e9ho veku<\/strong>.<\/p>\n<p>V\u00a0s\u00fa\u010dasnosti je psychol\u00f3gom zn\u00e1my jav s\u00a0n\u00e1zvom <strong>detsk\u00e1 (doj\u010densk\u00e1) amn\u00e9zia<\/strong>. Predstavuje neschopnos\u0165 det\u00ed a dospel\u00fdch vybavi\u0165 si spomienky pred druh\u00fdm a\u017e \u0161tvrt\u00fdm rokom \u017eivota. T\u00fdmto druhom amn\u00e9zie sa zaoberal u\u017e <strong>Sigmund Freud<\/strong>. Zakladate\u013e <strong>psychoanal\u00fdzy <\/strong>tvrdil, \u017ee spomienky na detstvo sa po\u010das dospievania potl\u00e1\u010daj\u00fa a\u00a0doch\u00e1dza k\u00a0zabudnutiu. <strong>Modern\u00e9 te\u00f3rie<\/strong> sk\u00f4r stoja za n\u00e1zorom o\u00a0nedostatku ulo\u017een\u00fdch spomienok \u2013 d\u00f4vodom je nezrelos\u0165 mozgov\u00fdch \u0161trukt\u00far potrebn\u00fdch pr\u00e1ve na t\u00fato funkciu.<\/p>\n<h3>Experiment s\u00a0cie\u013eom z\u00edska\u0165 kontrolu<\/h3>\n<p>Myse\u013e je pre vedcov st\u00e1le zahalen\u00e1 r\u00fa\u0161kom tajomstva, no v\u00fdskumy nazna\u010duj\u00fa, \u017ee kojenci si dok\u00e1\u017eu vytv\u00e1ra\u0165 spomienky. Nie s\u00fa ale autobiografick\u00e9ho charakteru. <strong>Deti sa u\u010dia vn\u00edma\u0165 tv\u00e1re<\/strong>, ktor\u00e9 sa nad nimi neprestajne skl\u00e1\u0148aj\u00fa. Po\u010das prv\u00fdch dn\u00ed \u017eivota si dok\u00e1\u017eu vybavi\u0165 tv\u00e1r vlastnej matky a rozl\u00ed\u0161i\u0165 ju od cudzinca. Ak s b\u00e1b\u00e4tkom tr\u00e1vite ve\u013ea \u010dasu, <strong>\u00fasmevom v\u00e1m d\u00e1 najavo, \u017ee v\u00e1s spozn\u00e1va<\/strong>.<\/p>\n<p>V\u00fdchova vlastn\u00e9ho die\u0165a\u0165a doviedla psychologi\u010dku<strong> Carolyn Rovee-Collier<\/strong> k\u00a0v\u00fdskumu kognit\u00edvnych schopnost\u00ed det\u00ed v\u00a0rannom veku. Svoju v\u00fdskumn\u00fa vzorku rozdelila na dve skupiny. <strong>Dvoj a\u017e \u0161es\u0165mesa\u010dn\u00e9 b\u00e1b\u00e4tk\u00e1<\/strong> le\u017eali v\u00a0postie\u013eke, nad ktor\u00fa zavesili mobil v\u00a0bl\u00edzkosti ich n\u00f4h. Ke\u010f do mobilu kopli, zaregistrovali, \u017ee predmet sa pohybuje iba vtedy, ak sa ho dotkn\u00fa nohami. <strong>T\u00fdmto sp\u00f4sobom sa u\u010dia kontrolova\u0165 pohyb, <\/strong>ktor\u00fd dok\u00e1\u017eu spravi\u0165 bez pomoci.<\/p>\n<p>Verzia pre <strong>\u0161es\u0165 a\u017e 18-mesa\u010dn\u00e9<\/strong> doj\u010dat\u00e1 bola podobn\u00e1. Namiesto le\u017eania v postie\u013eke die\u0165a sedelo na kolen\u00e1ch svojich rodi\u010dov s rukami na p\u00e1ke. P\u00e1ka simulovala pohyb hra\u010dk\u00e1rskeho vlaku po ko\u013eajnici. Riadenie sa z\u00e1merne vyplo a v\u00fdskumn\u00edci sledovali, ako sa die\u0165a sna\u017e\u00ed tla\u010den\u00edm na p\u00e1\u010dku spojazdni\u0165 vlak. Po zapnut\u00ed mechanizmu spozorovali v\u00e4\u010d\u0161iu snahu pri stl\u00e1\u010dan\u00ed p\u00e1ky.<\/p>\n<h3>Ako to s\u00favis\u00ed s\u00a0udr\u017eiavan\u00edm spomienok?<\/h3>\n<p>D\u00f4le\u017eit\u00fa \u00falohu zohr\u00e1valo aj trvanie experimentu. Carolyn a\u00a0jej kolegovia<strong> venovali tr\u00e9novaniu det\u00ed nieko\u013eko dn\u00ed<\/strong>. Po p\u00e1rd\u0148ovej odmlke sa deti vr\u00e1tili k t\u00edmu v\u00fdskumn\u00edkov. T\u00ed jednej skupine uk\u00e1zali mobil, druh\u00e1 dostala do r\u00fak vl\u00e1\u010dik a zapisovali sa ich reakcie. Pomocou tejto met\u00f3dy vedci zistili, \u017ee postupn\u00fdm u\u010den\u00edm \u0161es\u0165mesa\u010dn\u00fdch doj\u010diat si b\u00e1b\u00e4tk\u00e1 na udalos\u0165 spomen\u00fa aj s \u010dasov\u00fdm odstupom. Vek takisto podmienil r\u00fdchlos\u0165 spracovania spomienok &#8211;<strong> \u010d\u00edm boli deti star\u0161ie, t\u00fdm dlh\u0161ie si pam\u00e4tali.<\/strong><\/p>\n Hovor\u00ed sa, \u017ee najlep\u0161ie sa nov\u00e9 schopnosti z\u00edskavaj\u00fa, ak s ich u\u010den\u00edm za\u010dneme v skorom veku. zdroj: pexels.com\n<p>Preuk\u00e1zalo sa teda, \u017ee novorodenci zachyt\u00e1vaj\u00fa vnemy nato\u013eko, ko\u013eko im mozog dovol\u00ed. \u017divotnos\u0165 prvej spomienky sa pod\u013ea odborn\u00edkov d\u00e1 vysvetli\u0165 <strong>neurog\u00e9nnou hypot\u00e9zou<\/strong>. <strong>Hipokampus<\/strong> je \u010das\u0165 mozgu, ktor\u00e1 hr\u00e1 d\u00f4le\u017eit\u00fa \u00falohu pri vytv\u00e1ran\u00ed spomienok. Pri naroden\u00ed br\u00e1ni vysok\u00e1 tvorba neur\u00f3nov zachovaniu vnemov, no <strong>s\u00a0vekom po\u010det neur\u00f3nov kles\u00e1.<\/strong><\/p>\n<h3>V\u0161etko sa odv\u00edja od detstva<\/h3>\n<p><strong>V\u00fdznamn\u00fa \u00falohu pri zachyt\u00e1van\u00ed spomienok zohr\u00e1va aj re\u010d<\/strong>. Od jedn\u00e9ho do \u0161iestich rokov deti postupuj\u00fa z jednoslovnej f\u00e1zy rozpr\u00e1vania k tomu, aby plynule hovorili vo svojom rodnom jazyku. <strong>V ich verb\u00e1lnych schopnostiach<\/strong> preto <strong>doch\u00e1dza k ve\u013ek\u00fdm zmen\u00e1m<\/strong>, ktor\u00e9 sa prekr\u00fdvaj\u00fa s obdob\u00edm detskej amn\u00e9zie.<\/p>\n Rodina, priatelia, demografick\u00e9 \u010di ekonomick\u00e9 faktory. Nielen genetika, ale aj okolie pretv\u00e1ra na\u0161u osobnos\u0165 u\u017e od sam\u00e9ho za\u010diatku. zdroj: pexels.com\n<p>Pripom\u00edname, \u017ee pr\u00e1ve <strong>v\u00a0mladosti si prech\u00e1dzame r\u00f4znymi situ\u00e1ciami<\/strong> a\u00a0sme vystaven\u00ed p\u00f4sobeniu em\u00f3ci\u00ed \u2013 dobr\u00fdch aj zl\u00fdch. Nemus\u00edme si pam\u00e4ta\u0165 v\u0161etko, no <strong>konkr\u00e9tne udalosti ovplyv\u0148uj\u00fa spr\u00e1vanie v dospelosti<\/strong>. Vznik\u00e1 tak paradox, kedy sa formuj\u00face roky n\u00e1\u0161ho \u017eivota stan\u00fa vzdialen\u00fdm odkazom pre n\u00e1s samotn\u00fdch.<\/p>\n<p><strong>Zdroje: www.bigthink.com, www.psychcentral.com<\/strong><\/p>\n<p><strong>Zdroj titulnej fotografie: www.pexels.com<\/strong><\/p>","protected":false},"excerpt":{"rendered":"<p>Star\u0161\u00ed \u013eudia si niekedy vedia lep\u0161ie vybavi\u0165 d\u00e1vne udalosti. Ako je potom mo\u017en\u00e9, \u017ee si deti nepam\u00e4taj\u00fa svoje narodenie? Zabudli sme alebo sme si detstvo<\/p>","protected":false},"author":1,"featured_media":0,"comment_status":"closed","ping_status":"closed","sticky":false,"template":"","format":"standard","meta":{"footnotes":""},"categories":[51],"tags":[],"class_list":["post-7777","post","type-post","status-publish","format-standard","hentry","category-archiv","two-columns"],"_links":{"self":[{"href":"https:\/\/instrid.sk\/en\/wp-json\/wp\/v2\/posts\/7777","targetHints":{"allow":["GET"]}}],"collection":[{"href":"https:\/\/instrid.sk\/en\/wp-json\/wp\/v2\/posts"}],"about":[{"href":"https:\/\/instrid.sk\/en\/wp-json\/wp\/v2\/types\/post"}],"author":[{"embeddable":true,"href":"https:\/\/instrid.sk\/en\/wp-json\/wp\/v2\/users\/1"}],"replies":[{"embeddable":true,"href":"https:\/\/instrid.sk\/en\/wp-json\/wp\/v2\/comments?post=7777"}],"version-history":[{"count":0,"href":"https:\/\/instrid.sk\/en\/wp-json\/wp\/v2\/posts\/7777\/revisions"}],"wp:attachment":[{"href":"https:\/\/instrid.sk\/en\/wp-json\/wp\/v2\/media?parent=7777"}],"wp:term":[{"taxonomy":"category","embeddable":true,"href":"https:\/\/instrid.sk\/en\/wp-json\/wp\/v2\/categories?post=7777"},{"taxonomy":"post_tag","embeddable":true,"href":"https:\/\/instrid.sk\/en\/wp-json\/wp\/v2\/tags?post=7777"}],"curies":[{"name":"wp","href":"https:\/\/api.w.org\/{rel}","templated":true}]}}