{"id":7837,"date":"2022-08-07T00:00:00","date_gmt":"2022-08-06T23:00:00","guid":{"rendered":"https:\/\/instrid.sk\/uncategorized\/spanielsko-zakazuje-nastavenie-klimatizacii-pod-27-c\/"},"modified":"2022-08-07T00:00:00","modified_gmt":"2022-08-06T23:00:00","slug":"spanielsko-zakazuje-nastavenie-klimatizacii-pod-27-c","status":"publish","type":"post","link":"https:\/\/instrid.sk\/en\/archiv\/spanielsko-zakazuje-nastavenie-klimatizacii-pod-27-c\/","title":{"rendered":"\u0160panielsko zakazuje nastavenie klimatiz\u00e1ci\u00ed pod 27 \u00b0C"},"content":{"rendered":"<p><strong>\u0160panielska vl\u00e1da<\/strong> sa rozhodla zabr\u00e1ni\u0165 kancel\u00e1ri\u00e1m, obchodom a nieko\u013ek\u00fdm \u010fal\u0161\u00edm miestam s pr\u00edstupom verejnosti nastavenie klimatiz\u00e1ci\u00ed <strong>po\u010das leta <\/strong><strong>pod 27 stup\u0148ov Celzia<\/strong>. Toto obmedzenie pri\u0161lo ako s\u00fa\u010das\u0165 pl\u00e1nov \u0160panielska na<strong> zn\u00ed\u017eenie spotreby energie v krajine<\/strong> a tie\u017e zn\u00ed\u017eenie z\u00e1vislosti od rusk\u00e9ho plynu. Vo vyhl\u00e1\u0161ke tie\u017e po\u010d\u00edtaj\u00fa so <strong>zastaven\u00edm vykurovania nad 19 stup\u0148ov Celzia po\u010das zimy<\/strong>.<\/p>\n<h3>N\u00e1vrh z\u00e1kona \u0161panielska vl\u00e1da schv\u00e1lila<\/h3>\n<p>Nov\u00e9 pravidl\u00e1 bud\u00fa od bud\u00faceho t\u00fd\u017ed\u0148a, konkr\u00e9tne <strong>od 9. augusta<\/strong>, povinn\u00e9 <strong>vo v\u0161etk\u00fdch verejn\u00fdch a\u00a0komer\u010dn\u00fdch budov\u00e1ch<\/strong>. Ide napr\u00edklad o <strong>\u00farady,\u00a0bary, kin\u00e1, divadl\u00e1, letisk\u00e1 a\u00a0\u017eelezni\u010dn\u00e9 stanice<\/strong>. \u0160panielske dom\u00e1cnosti maj\u00fa zatia\u013e obmedzenie pre klimatiz\u00e1cie <strong>len odporu\u010den\u00e9<\/strong>. N\u00e1vrh z\u00e1kona schv\u00e1lila \u0161panielska vl\u00e1da v\u00a0snahe <strong>zn\u00ed\u017ei\u0165 spotrebu plynu v\u00a0krajine o\u00a07%<\/strong> v s\u00falade s ned\u00e1vnymi dohodami Eur\u00f3pskej \u00fanie t\u00fdkaj\u00facich sa energetiky.<\/p>\n<p>Mnoh\u00fdm obyvate\u013eom \u0160panielska, rovnako ako aj turistom, sa zaveden\u00e9 opatrenia nep\u00e1\u010dia. Viacer\u00ed tvrdia, \u017ee teplota 27 stup\u0148ov Celzia je <strong>st\u00e1le vysok\u00e1<\/strong> a\u00a0pri pr\u00e1ci po\u010das prebiehaj\u00facich hor\u00fa\u010dav by sk\u00f4r uv\u00edtali teplotu <strong>aspo\u0148 25 stup\u0148ov Celzia<\/strong>. Taktie\u017e sa ob\u00e1vaj\u00fa, \u017ee po nastaven\u00ed teploty 27 stup\u0148ov Celzia na klimatiza\u010dnej jednotke <strong>re\u00e1lna teplota v\u00a0miestnosti po\u010das d\u0148a nikdy nedosiahne 27 stup\u0148ov Celzia<\/strong>.<\/p>\n Menej ako 10% eur\u00f3pskych dom\u00e1cnost\u00ed disponuje klimatiz\u00e1ciou [Unsplash]\n<h3>Teploty by mali z\u00e1visie\u0165 od regi\u00f3nov<\/h3>\n<p>Obyvatelia \u0160panielska si preto myslia, \u017ee navrhovan\u00e9 teploty nie s\u00fa primeran\u00e9. Uv\u00edtali by aspo\u0148 rozsah dvoch alebo troch stup\u0148ov Celzia od stanovenej teploty <strong>v\u00a0z\u00e1vislosti od regi\u00f3nu krajiny pod\u013ea vonkaj\u0161\u00edch tepl\u00f4t<\/strong>. Obmedzenie teploty nad 27 stup\u0148ov by sa niekomu mohlo zda\u0165 primeran\u00e9, no existuj\u00fa \u0161t\u00fadie, ktor\u00e9 uv\u00e1dzaj\u00fa, \u017ee <strong>optim\u00e1lna teplota na pracovisku by mala by\u0165 24 stup\u0148ov Celzia<\/strong>.<\/p>\n<p>Pravidl\u00e1 \u0161panielskej vl\u00e1dy o\u00a0obmedzen\u00ed spotreby energii ostan\u00fa v\u00a0platnosti <strong>minim\u00e1lne do novembra 2023<\/strong>. Okrem \u00fapravy teploty v klimatizovan\u00fdch priestoroch a vykurovania v zime \u0161panielska vl\u00e1da <strong>tie\u017e nariadila v\u00a0r\u00e1mci \u0161etrenia energii vypnutie osvetlenia v\u00fdkladov po 22. hodine<\/strong>. Pouli\u010dn\u00e9 osvetlenie v\u0161ak bude fungova\u0165 aj na\u010falej. V priestoroch, ktor\u00fdch sa obmedzenia t\u00fdkaj\u00fa, by mali by\u0165 tie\u017e vyvesen\u00e9 <strong>plag\u00e1ty vysvet\u013euj\u00face kroky podniknut\u00e9 na \u00fasporu energie<\/strong>.<\/p>\n<h3>\u0160panielska vl\u00e1da vyz\u00fdva v\u0161etk\u00fdch<\/h3>\n<p>\u0160panielska ministerka pre ekologick\u00fa transform\u00e1ciu, <strong>Teresa Ribera<\/strong>, vyzvala obyvate\u013eov \u0160panielska, aby sa pripojili k\u00a0zni\u017eovaniu spotreby energii. Uviedla, \u017ee tieto obmedzenia pom\u00f4\u017eu aj dom\u00e1cnostiam, ke\u010f\u017ee <strong>zn\u00ed\u017eia \u00fa\u010dty za energiu<\/strong>. Vyzvala tie\u017e ve\u013ek\u00e9 spolo\u010dnosti, aby sa pok\u00fasili <strong>motivova\u0165 svojich zamestnancov k pr\u00e1ci z domu<\/strong>.<\/p>\n Pr\u00e1ca z domu by okrem n\u00e1kladov na klimatizovanie pracovn\u00fdch priestorov u\u0161etrila aj energie za dopravu [Unsplash]\n<p>Rovnako aj \u0161panielsky premi\u00e9r <strong>Pedro S\u00e1nchez<\/strong> verejne vyhl\u00e1sil, \u017ee <strong>krajina naliehavo potrebuje \u0161etri\u0165 energiu<\/strong>. S\u00e1nchez dokonca poprosil \u0161t\u00e1tnych pracovn\u00edkov, aby v pr\u00e1ci nenosili kravaty, nech im s nimi nie je prive\u013emi teplo a obmedzili pou\u017e\u00edvanie klimatiz\u00e1cie.<\/p>\n<h3>\u0160panielsko nie je prv\u00e9<\/h3>\n<p>Podobn\u00e9 n\u00e1vrhy u\u017e <strong>prij\u00edmaj\u00fa aj \u010fal\u0161ie eur\u00f3pske \u0161t\u00e1ty<\/strong> ako napr\u00edklad <strong>Gr\u00e9cko, Taliansko a Franc\u00fazsko<\/strong>. Pr\u00e1ve vo Franc\u00fazsku \u010delia podniky, ktor\u00e9 nechaj\u00fa svoje dvere do klimatizovan\u00fdch priestorov otvoren\u00e9, <strong>pokute a\u017e 750 eur<\/strong>. Aj nemeck\u00e9 mesto <strong>Hannover<\/strong> zak\u00e1zalo nadmern\u00e9 <strong>pou\u017e\u00edvanie teplej vody a pou\u017e\u00edvanie mobiln\u00fdch klimatiza\u010dn\u00fdch a vykurovac\u00edch jednotiek<\/strong> v\u0161ade okrem \u0161k\u00f4l a nemocn\u00edc. Eur\u00f3pske krajiny sa tak\u00fdmito obmedzeniami sna\u017eia rie\u0161i\u0165 dva probl\u00e9my. Na jednej strane stoja neznesite\u013en\u00e9 hor\u00fa\u010davy, ktor\u00e9 zvy\u0161uj\u00fa dopyt po energi\u00e1ch, a na druhej strane politick\u00fd konflikt, ktor\u00fd dod\u00e1vky energi\u00ed komplikuje.<\/p>\n<p>V\u00a0Eur\u00f3pe m\u00e1 pod\u013ea prieskumu v\u010faka miernej\u0161iemu podnebiu klimatiz\u00e1ciu <strong>menej ako 10 percent dom\u00e1cnost\u00ed<\/strong>. Pre porovnanie &#8211; <strong>v\u00a0Amerike je klimatiz\u00e1ciou vybaven\u00fdch viac ako 90 percent dom\u00e1cnost\u00ed<\/strong>. Medzin\u00e1rodn\u00e1 energetick\u00e1 agent\u00fara v\u0161ak predpoklad\u00e1, \u017ee Eur\u00f3pa n\u00e1sledkom zvy\u0161uj\u00facich sa tepl\u00f4t do roku 2050 svoj po\u010det klimatiz\u00e1ci\u00ed takmer <strong>strojn\u00e1sob\u00ed<\/strong>.<\/p>\n<p>&nbsp;<\/p>\n<p>&nbsp;<\/p>\n<p><span style=\"color: #999999\">Zdroje: The Verge, The Guardian, TimeOut, CBS News, Independent<\/span><\/p>","protected":false},"excerpt":{"rendered":"<p>\u0160panielska vl\u00e1da sa rozhodla zabr\u00e1ni\u0165 kancel\u00e1ri\u00e1m, obchodom a nieko\u013ek\u00fdm \u010fal\u0161\u00edm miestam s pr\u00edstupom verejnosti nastavenie klimatiz\u00e1ci\u00ed po\u010das leta pod 27 stup\u0148ov Celzia. Toto obmedzenie pri\u0161lo<\/p>","protected":false},"author":1,"featured_media":0,"comment_status":"closed","ping_status":"closed","sticky":false,"template":"","format":"standard","meta":{"footnotes":""},"categories":[51],"tags":[],"class_list":["post-7837","post","type-post","status-publish","format-standard","hentry","category-archiv","two-columns"],"_links":{"self":[{"href":"https:\/\/instrid.sk\/en\/wp-json\/wp\/v2\/posts\/7837","targetHints":{"allow":["GET"]}}],"collection":[{"href":"https:\/\/instrid.sk\/en\/wp-json\/wp\/v2\/posts"}],"about":[{"href":"https:\/\/instrid.sk\/en\/wp-json\/wp\/v2\/types\/post"}],"author":[{"embeddable":true,"href":"https:\/\/instrid.sk\/en\/wp-json\/wp\/v2\/users\/1"}],"replies":[{"embeddable":true,"href":"https:\/\/instrid.sk\/en\/wp-json\/wp\/v2\/comments?post=7837"}],"version-history":[{"count":0,"href":"https:\/\/instrid.sk\/en\/wp-json\/wp\/v2\/posts\/7837\/revisions"}],"wp:attachment":[{"href":"https:\/\/instrid.sk\/en\/wp-json\/wp\/v2\/media?parent=7837"}],"wp:term":[{"taxonomy":"category","embeddable":true,"href":"https:\/\/instrid.sk\/en\/wp-json\/wp\/v2\/categories?post=7837"},{"taxonomy":"post_tag","embeddable":true,"href":"https:\/\/instrid.sk\/en\/wp-json\/wp\/v2\/tags?post=7837"}],"curies":[{"name":"wp","href":"https:\/\/api.w.org\/{rel}","templated":true}]}}