{"id":7862,"date":"2022-08-23T00:00:00","date_gmt":"2022-08-22T23:00:00","guid":{"rendered":"https:\/\/instrid.sk\/uncategorized\/apple-rozsiruje-program-svojpomocnej-opravy-zariadeni-o-macbooky\/"},"modified":"2022-08-23T00:00:00","modified_gmt":"2022-08-22T23:00:00","slug":"apple-rozsiruje-program-svojpomocnej-opravy-zariadeni-o-macbooky","status":"publish","type":"post","link":"https:\/\/instrid.sk\/en\/archiv\/apple-rozsiruje-program-svojpomocnej-opravy-zariadeni-o-macbooky\/","title":{"rendered":"Apple roz\u0161iruje program svojpomocnej opravy zariaden\u00ed o MacBooky"},"content":{"rendered":"<p>Spolo\u010dnos\u0165 Apple roz\u0161iruje svoj program <strong>Self Service Repair<\/strong>, ktor\u00fdm <strong>umo\u017e\u0148uje z\u00e1kazn\u00edkom vykona\u0165 opravy na svojich zariadeniach<\/strong>. Od dne\u0161n\u00e9ho d\u0148a sa tak program \u201edom\u00e1cich opr\u00e1v\u201c roz\u0161\u00edri o niektor\u00e9 z modelov notebookov spolo\u010dnosti Apple. Spolo\u010dnos\u0165 program spustila u\u017e za\u010diatkom tohto roka, zatia\u013e v\u0161ak funguje <strong>len v USA<\/strong>. Pou\u017e\u00edvatelia zo Spojen\u00fdch \u0161t\u00e1tov si touto cestou mohli svojpomocne opravi\u0165 svoje smartf\u00f3ny, konkr\u00e9tne <strong>modely iPhone 12, iPhone SE a\u00a0iPhone 13<\/strong>, pri\u010dom z\u00e1kazn\u00edkom poskytol na opravu diely ako <strong>displej, bat\u00e9riu a fotoapar\u00e1t<\/strong>. Apple s mo\u017enos\u0165ou opravy notebookov po\u010d\u00edtal od za\u010diatku, aj ke\u010f program najprv umo\u017e\u0148oval len opravy mobiln\u00fdch telef\u00f3nov. Spolo\u010dnos\u0165 by v\u0161ak chcela, aby program \u201edom\u00e1cich opr\u00e1v\u201c umo\u017e\u0148oval opravi\u0165 <strong>v\u0161etky Apple produkty<\/strong>.<\/p>\n<h3>Apple pridal nov\u00e9 diely<\/h3>\n<p>Po novom maj\u00fa teda <strong>pou\u017e\u00edvatelia MacBookov s\u00a0\u010dipmi M1<\/strong> v USA mo\u017enos\u0165 <strong>objedna\u0165 si certifikovan\u00e9 diely, z\u00edska\u0165 pr\u00edstup k\u00a0n\u00e1vodom na opravu a\u00a0prenaja\u0165 si alebo k\u00fapi\u0165 n\u00e1stroje<\/strong>, ktor\u00e9 s\u00fa potrebn\u00e9 na opravu t\u00fdchto zariaden\u00ed. Jedn\u00e1 sa teda o\u00a0zariadenia <strong>MacBook Air a\u00a0MacBook Pro<\/strong>. V\u00a0pondelkovom vyhl\u00e1sen\u00ed uviedla spolo\u010dnos\u0165 Apple, \u017ee v\u010faka tomuto kroku si bud\u00fa m\u00f4c\u0165 z\u00e1kazn\u00edci opravi\u0165 viac ako 12 \u010dast\u00fdch v\u00e1d. Ide napr\u00edklad o\u00a0<strong>opravu trackpadu, vrchn\u00e9ho krytu s\u00a0bat\u00e9riou, TouchID a\u00a0v\u00fdmenu displeja<\/strong>. Apple tie\u017e uviedol, \u017ee prid\u00e1 aj mo\u017enos\u0165 opravy \u010fal\u0161\u00edch komponentov.<\/p>\n MacBook Air M1 [Unsplash]\n<p>Za displej do MacBooku Air zaplatia z\u00e1kazn\u00edci <strong>395,12 americk\u00fdch dol\u00e1rov<\/strong> a v pr\u00edpade \u017ee star\u00fd pokazen\u00fd kus vr\u00e1tia, nov\u00fd ich vyjde na 307,12 americk\u00fdch dol\u00e1rov. V pr\u00edpade notebooku MacBook Pro je cena o nie\u010do vy\u0161\u0161ia. Z\u00e1kazn\u00edci si za displej spolu so sn\u00edma\u010dom uhla krytu zaplatia <strong>672,32 americk\u00fdch dol\u00e1rov<\/strong>, alebo 579,04 americk\u00fdch dol\u00e1rov s\u00a0kreditom za vr\u00e1tenie.<\/p>\n<h3>Do\u010dk\u00e1 sa aj Eur\u00f3pa<\/h3>\n<p>Apple tie\u017e pl\u00e1nuje, \u017ee v\u00a0bud\u00facnosti tento <strong>program roz\u0161\u00edri do \u010fal\u0161\u00edch kraj\u00edn<\/strong> a\u00a0rovnako e\u0161te po\u010das tohto roka do programu zahrnie \u010fal\u0161ie modely MacBookov. Program by sa mal <strong>roz\u0161\u00edri\u0165 o\u00a0zariadenia MacBook Air s\u00a0\u010dipom M2, iMac a\u00a0Mac Studio Display<\/strong>. Spolo\u010dnos\u0165 sa rozhodla spusti\u0165 projekt Self Service Repair po tom, \u010do sa mnoh\u00ed spotrebitelia s\u0165a\u017eovali americk\u00e9mu regula\u010dn\u00e9mu org\u00e1nu a\u00a0\u017eiadali aby dostali <strong>v\u00e4\u010d\u0161iu kontrolu nad ich produktmi<\/strong>. Odkazuj\u00fa sa pritom na \u201e<strong>pr\u00e1vo na opravu<\/strong>\u201c a\u00a0bojuj\u00fa tak proti spolo\u010dnostiam, ktor\u00e9 obmedzuj\u00fa opravu v\u00a0neautorizovanom servise alebo doma.<\/p>\n MacBook Pro M1 [Unsplash]\n<h3>N\u00e1stroje na opravu si z\u00e1kazn\u00edk m\u00f4\u017ee od spolo\u010dnosti po\u017ei\u010da\u0165<\/h3>\n<p>Z\u00e1kazn\u00edci si pomocou programu Self Service Repair m\u00f4\u017eu po\u017ei\u010da\u0165 od spolo\u010dnosti Apple n\u00e1stroje na opravu za <strong>49 americk\u00fdch dol\u00e1rov<\/strong> na jeden t\u00fd\u017ede\u0148, ktor\u00e9 im bud\u00fa <strong>doru\u010den\u00e9 bezplatne<\/strong>. Maj\u00fa tie\u017e mo\u017enosti si tieto n\u00e1stroje zak\u00fapi\u0165. V\u00a0niektor\u00fdch pr\u00edpadoch m\u00f4\u017ee dokonca z\u00e1kazn\u00edk ako sme u\u017e spom\u00ednali, z\u00edska\u0165 <strong>kredit za vr\u00e1tenie star\u00e9ho komponentu<\/strong> po v\u00fdmene. Apple potom tento komponent <strong>zrecykluje alebo zrenovuje<\/strong>.<\/p>\n<p>Spolo\u010dnos\u0165 Apple v\u0161ak aj na\u010falej uv\u00e1dza, \u017ee n\u00e1v\u0161teva certifikovan\u00e9ho technika s\u00a0origin\u00e1lnymi dielmi je st\u00e1le \u201e<strong>najbezpe\u010dnej\u0161\u00edm a najspo\u013eahlivej\u0161\u00edm sp\u00f4sobom opravy<\/strong>\u201c. T\u00fdmto varuje z\u00e1kazn\u00edkov, ktor\u00ed nemaj\u00fa sk\u00fasenosti s\u00a0opravou elektronick\u00fdch zariaden\u00ed. Apple uv\u00e1dza, \u017ee za posledn\u00e9 tri roky takmer <strong>zdvojn\u00e1sobil po\u010det servisn\u00fdch miest<\/strong> s pr\u00edstupom k origin\u00e1lnym dielom a\u00a0n\u00e1strojom. Taktie\u017e ich z\u00e1kazn\u00edci maj\u00fa k dispoz\u00edcii viac ako <strong>3 500 nez\u00e1visl\u00fdch oprav\u00e1rov zariaden\u00ed Apple<\/strong>.<\/p>\n<p>&nbsp;<\/p>\n<p>&nbsp;<\/p>\n<p><span style=\"color: #999999\">Zdroje: Gadgets Now, VICE, Apple, The Verge, Reuters<\/span><\/p>","protected":false},"excerpt":{"rendered":"<p>Spolo\u010dnos\u0165 Apple roz\u0161iruje svoj program Self Service Repair, ktor\u00fdm umo\u017e\u0148uje z\u00e1kazn\u00edkom vykona\u0165 opravy na svojich zariadeniach. Od dne\u0161n\u00e9ho d\u0148a sa tak program \u201edom\u00e1cich opr\u00e1v\u201c roz\u0161\u00edri<\/p>","protected":false},"author":1,"featured_media":0,"comment_status":"closed","ping_status":"closed","sticky":false,"template":"","format":"standard","meta":{"footnotes":""},"categories":[51],"tags":[],"class_list":["post-7862","post","type-post","status-publish","format-standard","hentry","category-archiv","two-columns"],"_links":{"self":[{"href":"https:\/\/instrid.sk\/en\/wp-json\/wp\/v2\/posts\/7862","targetHints":{"allow":["GET"]}}],"collection":[{"href":"https:\/\/instrid.sk\/en\/wp-json\/wp\/v2\/posts"}],"about":[{"href":"https:\/\/instrid.sk\/en\/wp-json\/wp\/v2\/types\/post"}],"author":[{"embeddable":true,"href":"https:\/\/instrid.sk\/en\/wp-json\/wp\/v2\/users\/1"}],"replies":[{"embeddable":true,"href":"https:\/\/instrid.sk\/en\/wp-json\/wp\/v2\/comments?post=7862"}],"version-history":[{"count":0,"href":"https:\/\/instrid.sk\/en\/wp-json\/wp\/v2\/posts\/7862\/revisions"}],"wp:attachment":[{"href":"https:\/\/instrid.sk\/en\/wp-json\/wp\/v2\/media?parent=7862"}],"wp:term":[{"taxonomy":"category","embeddable":true,"href":"https:\/\/instrid.sk\/en\/wp-json\/wp\/v2\/categories?post=7862"},{"taxonomy":"post_tag","embeddable":true,"href":"https:\/\/instrid.sk\/en\/wp-json\/wp\/v2\/tags?post=7862"}],"curies":[{"name":"wp","href":"https:\/\/api.w.org\/{rel}","templated":true}]}}