{"id":7866,"date":"2022-08-26T00:00:00","date_gmt":"2022-08-25T23:00:00","guid":{"rendered":"https:\/\/instrid.sk\/uncategorized\/meta-uvedie-na-trh-vr-okuliare-quest-pro-uz-v-oktobri\/"},"modified":"2022-08-26T00:00:00","modified_gmt":"2022-08-25T23:00:00","slug":"meta-uvedie-na-trh-vr-okuliare-quest-pro-uz-v-oktobri","status":"publish","type":"post","link":"https:\/\/instrid.sk\/en\/archiv\/meta-uvedie-na-trh-vr-okuliare-quest-pro-uz-v-oktobri\/","title":{"rendered":"Meta uvedie na trh VR okuliare Quest Pro u\u017e v okt\u00f3bri"},"content":{"rendered":"<p>Gener\u00e1lny riadite\u013e spolo\u010dnosti Meta <strong>Mark Zuckerberg<\/strong> potvrdil, \u017ee \u010fal\u0161ie okuliare pre virtu\u00e1lnu realitu Quest, ktor\u00e9 spolo\u010dnos\u0165 vyv\u00edja, sa <strong>na trh dostan\u00fa u\u017e tento okt\u00f3ber<\/strong>. Zuckerberg to povedal <strong>v najnov\u0161ej epiz\u00f3de podcastu komika Joea Rogana<\/strong>. Mnoh\u00ed tak predpokladaj\u00fa, \u017ee uvedenie nov\u00fdch VR okuliarov nastane niekedy okolo v\u00fdro\u010dnej udalosti <strong>Connect 2022<\/strong>. U\u017e minul\u00fd mesiac Bloomberg ozn\u00e1mil, \u017ee nov\u00e9 VR okuliare sa bud\u00fa vola\u0165 <strong>Quest Pro<\/strong>, no d\u00e1tum ich uvedenia na trh e\u0161te nebol zn\u00e1my. Inform\u00e1cie o\u00a0n\u00e1zve sa na verejnos\u0165 dostali na z\u00e1klade publik\u00e1ci\u00ed o\u00a0aplik\u00e1ci\u00ed <strong>Oculus<\/strong> pre smartf\u00f3ny spolo\u010dnosti Apple.<\/p>\n<h3>Re\u00e1lne em\u00f3cie vo virtu\u00e1lnej realite<\/h3>\n<p>Mark Zuckerberg v Roganovom podcaste diskutoval hlavne o virtu\u00e1lnej realite. Ozn\u00e1mil, \u017ee zariadenie, ktor\u00e9 vyjde v okt\u00f3bri, m\u00e1 <strong>nieko\u013eko nov\u00fdch funkci\u00ed<\/strong>. Gener\u00e1lny riadite\u013e spolo\u010dnosti Meta \u010falej pokra\u010doval v rozhovore a uviedol, \u017ee nov\u00e9 okuliare pre virtu\u00e1lnu realitu bud\u00fa umo\u017e\u0148ova\u0165 pou\u017e\u00edvate\u013eom <strong>sledova\u0165 ich tv\u00e1r<\/strong>. Na z\u00e1klade toho bud\u00fa m\u00f4c\u0165 premietnu\u0165 niektor\u00e9 em\u00f3cie pou\u017e\u00edvate\u013ea na jeho avatara. Postavi\u010dka vo virtu\u00e1lnej realite tak bude <strong>mimikova\u0165 v\u00fdraz tv\u00e1re svojho pou\u017e\u00edvate\u013ea<\/strong>. VR okuliare bud\u00fa sledova\u0165 \u010di sa pou\u017e\u00edvate\u013e <strong>usmieva, mra\u010d\u00ed alebo \u0161p\u00fali pery<\/strong>.<\/p>\n VR okuliare, ktor\u00e9 spolo\u010dnos\u0165 Meta vyv\u00edja [Meta]\n<h3>Vysk\u00fa\u0161al si ich aj Rogan<\/h3>\n<p>K\u00a0nov\u00fdm VR okuliarom sa vyjadril aj samotn\u00fd Rogan. Ten si nov\u00e9 zariadenie vysk\u00fa\u0161al e\u0161te pred za\u010dat\u00edm rozhovoru. Rogan op\u00edsal, \u017ee v\u00a0predv\u00e1dzacom m\u00f3de videl mimozem\u0161\u0165ana, ktor\u00fd mimikoval jeho pohyby tv\u00e1re. Pod\u013ea jeho slov sa <strong>mimozem\u0161\u0165an pozrel do tej strany kam aj on a\u00a0rovnako otv\u00e1ral \u00fasta ako Rogan<\/strong>.<\/p>\n<h3>Meta svoj dizajn zlep\u0161ila<\/h3>\n<p>Nov\u00e9 okuliare pre VR by mali pod\u013ea predbe\u017en\u00fdch inform\u00e1ci\u00ed disponova\u0165 zauj\u00edmav\u00fdmi \u0161pecifik\u00e1ciami. Mali by ma\u0165 <strong>vn\u00fatorn\u00e9 senzory s vysok\u00fdm rozl\u00ed\u0161en\u00edm na sledovanie pohybu o\u010d\u00ed, farebn\u00fd displej s vysok\u00fdm rozl\u00ed\u0161en\u00edm a senzory na sledovanie okolia<\/strong> pou\u017e\u00edvate\u013ea vr\u00e1tane <strong>h\u013abkov\u00e9ho senzora<\/strong>. Okuliare Quest Pro by tak\u00a0 mali ma\u0165 lep\u0161ie \u0161pecifik\u00e1cie ako star\u0161\u00ed Quest 2. Presn\u00e9 \u0161pecifik\u00e1cie Quest Pro ale zatia\u013e k dispoz\u00edcii nie s\u00fa.<\/p>\n Okuliare pre virtu\u00e1lnu realitu [Meta]\n<h3>\u0160pecifik\u00e1cie Quest Pro<\/h3>\n<p>Pod\u013ea niektor\u00fdch tvrden\u00ed dod\u00e1vate\u013esk\u00fdch spolo\u010dnost\u00ed bud\u00fa ma\u0165 nov\u00e9 VR okuliare dva <strong>mini-LCD panely s rozl\u00ed\u0161en\u00edm 2160 x 2160<\/strong> v porovnan\u00ed s 1832 x 1920 pixelov v Quest 2. Spr\u00e1vy pre v\u00fdvoj\u00e1rov tie\u017e nazna\u010dovali, \u017ee nov\u00e9 VR okuliare bud\u00fa ma\u0165 <strong>12 GB RAM<\/strong>, pri\u010dom star\u0161ia verzia Quest 2 m\u00e1 len 6 GB RAM.<\/p>\n<p>Nov\u00e9 okuliare pre virtu\u00e1lnu realitu bud\u00fa \u00fadajne <strong>men\u0161ie ako Quest 2<\/strong> a bud\u00fa zalo\u017een\u00e9 na platforme Presence Platform spolo\u010dnosti Meta. Pod\u013ea predbe\u017en\u00fdch odhadov by mali nov\u00e9 VR okuliare vyjs\u0165 na <strong>viac ako 800 dol\u00e1rov<\/strong>. Zuckerberg d\u00fafa, \u017ee VR okuliare v bud\u00facnosti <strong>nahradia dne\u0161n\u00e9 notebooky<\/strong>.<\/p>\n<p>&nbsp;<\/p>\n<p>&nbsp;<\/p>\n<p><span style=\"color: #999999\">Zdroje: UploadVR, MIXED, Gadgets Now, VRScout, The Verge<\/span><\/p>","protected":false},"excerpt":{"rendered":"<p>Gener\u00e1lny riadite\u013e spolo\u010dnosti Meta Mark Zuckerberg potvrdil, \u017ee \u010fal\u0161ie okuliare pre virtu\u00e1lnu realitu Quest, ktor\u00e9 spolo\u010dnos\u0165 vyv\u00edja, sa na trh dostan\u00fa u\u017e tento okt\u00f3ber. Zuckerberg<\/p>","protected":false},"author":1,"featured_media":0,"comment_status":"closed","ping_status":"closed","sticky":false,"template":"","format":"standard","meta":{"footnotes":""},"categories":[51],"tags":[],"class_list":["post-7866","post","type-post","status-publish","format-standard","hentry","category-archiv","two-columns"],"_links":{"self":[{"href":"https:\/\/instrid.sk\/en\/wp-json\/wp\/v2\/posts\/7866","targetHints":{"allow":["GET"]}}],"collection":[{"href":"https:\/\/instrid.sk\/en\/wp-json\/wp\/v2\/posts"}],"about":[{"href":"https:\/\/instrid.sk\/en\/wp-json\/wp\/v2\/types\/post"}],"author":[{"embeddable":true,"href":"https:\/\/instrid.sk\/en\/wp-json\/wp\/v2\/users\/1"}],"replies":[{"embeddable":true,"href":"https:\/\/instrid.sk\/en\/wp-json\/wp\/v2\/comments?post=7866"}],"version-history":[{"count":0,"href":"https:\/\/instrid.sk\/en\/wp-json\/wp\/v2\/posts\/7866\/revisions"}],"wp:attachment":[{"href":"https:\/\/instrid.sk\/en\/wp-json\/wp\/v2\/media?parent=7866"}],"wp:term":[{"taxonomy":"category","embeddable":true,"href":"https:\/\/instrid.sk\/en\/wp-json\/wp\/v2\/categories?post=7866"},{"taxonomy":"post_tag","embeddable":true,"href":"https:\/\/instrid.sk\/en\/wp-json\/wp\/v2\/tags?post=7866"}],"curies":[{"name":"wp","href":"https:\/\/api.w.org\/{rel}","templated":true}]}}