{"id":7898,"date":"2022-09-19T00:00:00","date_gmt":"2022-09-18T23:00:00","guid":{"rendered":"https:\/\/instrid.sk\/uncategorized\/plynie-cas-s-pribudajucim-vekom-rychlejsie\/"},"modified":"2022-09-19T00:00:00","modified_gmt":"2022-09-18T23:00:00","slug":"plynie-cas-s-pribudajucim-vekom-rychlejsie","status":"publish","type":"post","link":"https:\/\/instrid.sk\/en\/archiv\/plynie-cas-s-pribudajucim-vekom-rychlejsie\/","title":{"rendered":"Plynie \u010das s prib\u00fadaj\u00facim vekom r\u00fdchlej\u0161ie?"},"content":{"rendered":"<p style=\"font-weight: 400\">\u010c\u00edm sme star\u0161\u00ed, t\u00fdm r\u00fdchlej\u0161ie plynie \u010das, a\u00a0to aj napriek tomu, \u017ee <strong>ru\u010di\u010dky na hodin\u00e1ch sa h\u00fdbu rovnak\u00fdm tempom ako pred desiatimi rokmi<\/strong>.<\/p>\n<p style=\"font-weight: 400\">Treba ma\u0165 na zreteli, \u017ee skuto\u010dn\u00fd \u010das a du\u0161evn\u00fd \u010das s\u00fa dva rozli\u010dn\u00e9 pojmy. Ako starneme, \u010dasto m\u00e1me pocit, \u017ee \u010das plynie r\u00fdchlej\u0161ie a r\u00fdchlej\u0161ie. Ke\u010f sme boli deti, tak<strong> dni a\u00a0noci sa n\u00e1m zdali by\u0165 nekone\u010dn\u00e9<\/strong>, najm\u00e4 pred dov\u0155\u0161en\u00edm \u00f4smeho roku \u017eivota.<\/p>\n<p style=\"font-weight: 400\">Tak\u00e9to vn\u00edmanie \u010dasu je \u00faplne norm\u00e1lne, nad ,,problematikou\u201c prem\u00fd\u0161\u013eame v\u0161etci. Pozreli sa na \u0148u aj vedci, ktor\u00ed predpokladaj\u00fa, \u017ee pocit r\u00fdchlej\u0161ieho plynutia \u010dasu priamo s\u00favis\u00ed s\u00a0na\u0161ou pam\u00e4\u0165ou. Predov\u0161etk\u00fdm hodnotenie dlh\u00fdch \u010dasov\u00fdch \u00fasekov sa vz\u0165ahuje k spomienkam.<\/p>\n<p>&nbsp;<\/p>\n<h2 style=\"font-weight: 400;text-align: center\"><strong>Ten \u010das let\u00ed!<\/strong><\/h2>\n<p style=\"font-weight: 400\">Chronologick\u00e9 plynutie hod\u00edn, dn\u00ed a je st\u00e1ly, merate\u013en\u00fd jav. Na\u0161e vn\u00edmanie \u010dasu sa v\u0161ak neust\u00e1le men\u00ed v z\u00e1vislosti od aktiv\u00edt, ktor\u00fdm sa venujeme, od n\u00e1\u0161ho veku a dokonca aj od toho, ako dlho a \u010dasto odpo\u010d\u00edvame.<\/p>\n<p style=\"font-weight: 400\">Existuje nieko\u013eko hypot\u00e9z, ktor\u00fdmi sa odborn\u00edci sna\u017eia vysvetli\u0165, pre\u010do m\u00e1me pocit, \u017ee n\u00e1m \u017eivot pretiekol pomedzi prsty. Ka\u017ed\u00fd z\u00a0n\u00e1s vn\u00edma \u010das odli\u0161ne, <strong>m\u00e1me svoje vlastn\u00e9 ,,hodiny\u201c.<\/strong> V\u00a0ur\u010ditom bode v\u0161etci dospievame k\u00a0z\u00e1veru, \u017ee \u010das plynie r\u00fdchlej\u0161ie, za \u010do m\u00f4\u017ee pochopite\u013ene prib\u00fadaj\u00faci vek.<\/p>\n<p style=\"font-weight: 400\">Ke\u010f dospel\u00ed \u013eudia nabehn\u00fa do \u017eivota, ktor\u00fd sa sklad\u00e1 z\u00a0mno\u017estva rut\u00edn (opakovan\u00ed) a\u00a0v\u00a0tomto obdob\u00ed sa ni\u010d v\u00fdnimo\u010dne nedeje, tak m\u00e1j\u00fa pocit, \u017ee \u010das plynie r\u00fdchlo. <strong>Nepam\u00e4taj\u00fa si ho.<\/strong> Naopak, ak po\u010das roka za\u017eij\u00fa ve\u013ea nov\u00fdch z\u00e1\u017eitkov, tak si ich aj lep\u0161ie zapam\u00e4taj\u00fa. Teda spomienky s\u00fa intenz\u00edvnej\u0161ie a subjekt\u00edvne hodnotia, \u017ee ten dan\u00fd rok plynul pomal\u0161ie.<\/p>\n<p style=\"font-weight: 400\">Typick\u00fdm pr\u00edkladom je vn\u00edmanie desa\u0165ro\u010dn\u00e9ho die\u0165a\u0165a, ktor\u00e9 je vystaven\u00e9 ka\u017ed\u00fd de\u0148 nov\u00fdm podnetom. <strong>Jedinou rutinou je rann\u00e9 a\u00a0ve\u010dern\u00e9 um\u00fdvanie zubov.<\/strong> Tak\u00fd \u010dlovek si pam\u00e4t\u00e1 pribli\u017ene desa\u0165 percent z\u00a0cel\u00e9ho roka, pri\u010dom v\u0161etky z\u00e1\u017eitky pramenia z\u00a0vedom\u00e9ho vn\u00edmania. Na druhej strane s\u00fa rodi\u010dia (a celkovo dospel\u00ed), ktor\u00ed si z\u00a0roka pam\u00e4taj\u00fa pribli\u017ene dve percent\u00e1.<\/p>\n Aj v pestrom dospelom \u017eivote sa v priebehu rokov vyskytuj\u00fa opakovania a rutiny. ILUSTRA\u010cN\u00c1 FOTOGRAFIA\n<ul>\n<li style=\"font-weight: 400\">Mozgov\u00fd kardiostimul\u00e1tor<\/li>\n<\/ul>\n<p style=\"font-weight: 400\">\u010eal\u0161ia ve\u013emi zauj\u00edmav\u00e1 <strong>hypot\u00e9za vn\u00edmania \u010dasu sa opiera o\u00a0srdcov\u00fa frekvenciu.<\/strong> Mal\u00e9 deti maj\u00fa r\u00fdchlej\u0161iu srdcov\u00fa frekvenciu ako dospel\u00ed. Vedci sa domnievaj\u00fa, \u017ee n\u00e1\u0161 mozog m\u00e1 svoj vlastn\u00fd mozgov\u00fd kardiostimul\u00e1tor, ktor\u00fd sa spoma\u013euje, ke\u010f \u013eudia starn\u00fa. Odborn\u00edci svoju hypot\u00e9zu podporili aj experimentom na vzorke det\u00ed a\u00a0dospel\u00fdch \u013eud\u00ed. Obe skupiny po\u017eiadali, aby zatvorili o\u010di a\u00a0ozn\u00e1mili im, ke\u010f uplynie jedna min\u00fata.<\/p>\n<p style=\"font-weight: 400\">V\u00e4\u010d\u0161ina det\u00ed ozn\u00e1mila, \u017ee ubehla min\u00fata u\u017e po \u0161tyridsiatich sekund\u00e1ch pr\u00edpadne e\u0161te menej. U\u00a0dospel\u00fdch min\u00fata uplynula po sedemdesiatich sekund\u00e1ch.<\/p>\n<p>&nbsp;<\/p>\n<h2><strong>Em\u00f3cie predl\u017euj\u00fa \u017eivot<\/strong><\/h2>\n<p style=\"font-weight: 400\">Najm\u00e4 emocion\u00e1lne spomienky s\u00fa mimoriadne d\u00f4le\u017eit\u00e9 z h\u013eadiska vn\u00edmania \u010dasu, preto\u017ee s\u00fa ulo\u017een\u00e9 hlboko v\u00a0na\u0161ej pam\u00e4ti. Prv\u00fd bozk je uk\u00e1\u017ekov\u00fdm pr\u00edkladom toho, ako dobre si situ\u00e1ciu pam\u00e4t\u00e1me. Udalos\u0165 je nap\u00ednav\u00e1 a\u00a0tak emocion\u00e1lne nabit\u00e1, \u017ee si ju mo\u017eno pomerne presne pam\u00e4ta\u0165 na dlh\u00fa dobu, <strong>niekedy aj na cel\u00fd \u017eivot.<\/strong><\/p>\n<p style=\"font-weight: 400\">Na druhej strane tis\u00edci bozk u\u017e nie je nie\u010do nov\u00e9, nepoznan\u00e9. Preto si ho u\u017e pravdepodobne ani nepam\u00e4t\u00e1me, je to ve\u013emi jednoducho povedan\u00e9 rutina, pokia\u013e nejde o\u00a0niekoho nov\u00e9ho s\u00a0k\u00fdm za\u017e\u00edvame s\u00e9riu intenz\u00edvnych pocitov.<\/p>\n<p>&nbsp;<\/p>\n<p style=\"font-weight: 400;text-align: center\"><strong>Vytvorte si nov\u00e9, nov\u00e9 z\u00e1\u017eitky, ktor\u00e9 zapoja v\u00e1\u0161 mozog<\/strong><\/p>\n<p>&nbsp;<\/p>\n<p style=\"font-weight: 400\">Spomali\u0165 vn\u00fatorn\u00fd \u010das sa d\u00e1 zrejme len jedin\u00fdm sp\u00f4sobom. Nemus\u00edte kv\u00f4li tomu prekopa\u0165 cel\u00fd z\u00e1klad v\u00e1\u0161ho \u017eivotn\u00e9ho \u0161t\u00fdlu. Nie je nevyhnutn\u00e9 vycestova\u0165 do cudzej krajiny a\u00a0nasilu h\u013eada\u0165 v\u00fdzvy. M\u00f4\u017eu to by\u0165 \u00faplne ban\u00e1lne veci, nau\u010dte sa nie\u010do nov\u00e9 (zru\u010dnos\u0165), vzdel\u00e1vajte sa, stret\u00e1vajte sa s\u00a0\u013eu\u010fmi. Likvidujte rutiny, ktor\u00e9 v\u00e1m ukrajuj\u00fa zo spomienok.<\/p>\n Zavedenie noviniek do svojho \u017eivota sp\u00f4sob\u00ed subjekt\u00edvne spomalenie \u010dasu. ILUSTRA\u010cN\u00c1 FOTOGRAFIA\n<p style=\"font-weight: 400\">Na konci ka\u017ed\u00e9ho d\u0148a si \u010do naj\u017eiv\u0161ie pripome\u0148te svoj de\u0148. Ak m\u00e1te radi p\u00edsanie, vyp\u00ed\u0161te sa z\u00a0toho d\u0148a, bude to pre v\u00e1s jednoduch\u0161ie. Zapam\u00e4t\u00e1te si to, \u010do si zapam\u00e4ta\u0165 m\u00e1te a<strong>\u00a0z\u00e1\u017eitky v\u00e1m len tak jednoducho ne\u00fajdu.<\/strong><\/p>\n<p>&nbsp;<\/p>","protected":false},"excerpt":{"rendered":"<p>\u010c\u00edm sme star\u0161\u00ed, t\u00fdm r\u00fdchlej\u0161ie plynie \u010das, a\u00a0to aj napriek tomu, \u017ee ru\u010di\u010dky na hodin\u00e1ch sa h\u00fdbu rovnak\u00fdm tempom ako pred desiatimi rokmi. Treba ma\u0165<\/p>","protected":false},"author":1,"featured_media":0,"comment_status":"closed","ping_status":"closed","sticky":false,"template":"","format":"standard","meta":{"footnotes":""},"categories":[51],"tags":[],"class_list":["post-7898","post","type-post","status-publish","format-standard","hentry","category-archiv","two-columns"],"_links":{"self":[{"href":"https:\/\/instrid.sk\/en\/wp-json\/wp\/v2\/posts\/7898","targetHints":{"allow":["GET"]}}],"collection":[{"href":"https:\/\/instrid.sk\/en\/wp-json\/wp\/v2\/posts"}],"about":[{"href":"https:\/\/instrid.sk\/en\/wp-json\/wp\/v2\/types\/post"}],"author":[{"embeddable":true,"href":"https:\/\/instrid.sk\/en\/wp-json\/wp\/v2\/users\/1"}],"replies":[{"embeddable":true,"href":"https:\/\/instrid.sk\/en\/wp-json\/wp\/v2\/comments?post=7898"}],"version-history":[{"count":0,"href":"https:\/\/instrid.sk\/en\/wp-json\/wp\/v2\/posts\/7898\/revisions"}],"wp:attachment":[{"href":"https:\/\/instrid.sk\/en\/wp-json\/wp\/v2\/media?parent=7898"}],"wp:term":[{"taxonomy":"category","embeddable":true,"href":"https:\/\/instrid.sk\/en\/wp-json\/wp\/v2\/categories?post=7898"},{"taxonomy":"post_tag","embeddable":true,"href":"https:\/\/instrid.sk\/en\/wp-json\/wp\/v2\/tags?post=7898"}],"curies":[{"name":"wp","href":"https:\/\/api.w.org\/{rel}","templated":true}]}}