{"id":7908,"date":"2022-09-26T00:00:00","date_gmt":"2022-09-25T23:00:00","guid":{"rendered":"https:\/\/instrid.sk\/uncategorized\/co-vsetko-sa-zmeni-po-smrti-kralovnej-alzbety-ii\/"},"modified":"2022-09-26T00:00:00","modified_gmt":"2022-09-25T23:00:00","slug":"co-vsetko-sa-zmeni-po-smrti-kralovnej-alzbety-ii","status":"publish","type":"post","link":"https:\/\/instrid.sk\/en\/archiv\/co-vsetko-sa-zmeni-po-smrti-kralovnej-alzbety-ii\/","title":{"rendered":"\u010co v\u0161etko sa zmen\u00ed po smrti kr\u00e1\u013eovnej Al\u017ebety II. ?"},"content":{"rendered":"<p style=\"font-weight: 400\">O\u00a0smrti kr\u00e1\u013eovnej Al\u017ebety II. n\u00e1s m\u00e9di\u00e1 spolu s Buckinghamsk\u00fdm pal\u00e1com informovali \u00f4smeho septembra. Spr\u00e1ve predch\u00e1dzalo stanovisko kr\u00e1\u013eovskej rodiny, v ktorom sa uv\u00e1dzalo, \u017ee sa lek\u00e1ri ob\u00e1vaj\u00fa o\u00a0zdravotn\u00fd stav Al\u017ebety II.<\/p>\n<p>&nbsp;<\/p>\n<h2 style=\"font-weight: 400\"><strong>\u201eLond\u00fdnsky most spadol\u201c<\/strong><\/h2>\n<p style=\"font-weight: 400\">Kr\u00e1\u013eovn\u00e1 Al\u017ebeta II. zomrela vo veku 96 rokov, pri\u010dom sl\u00fa\u017eila a\u017e 70 rokov. Stala sa tak najdlh\u0161ie vl\u00e1dnucou hlavou \u0161t\u00e1tu v\u00a0Spojenom kr\u00e1\u013eovstve. Oper\u00e1cia <strong>\u201eLond\u00fdnsky most\u201c<\/strong> sa spustila po tom, \u010do Buckinghamsk\u00fd pal\u00e1c ofici\u00e1lne ozn\u00e1mil jej smr\u0165. K\u00f3dovan\u00e1 fr\u00e1za \u201eLond\u00fdnsky most spadol\u201c, teda predstavuje okrem ozn\u00e1menia kr\u00e1\u013eovninej smrti aj s\u00e9riu pl\u00e1novan\u00fdch udalost\u00ed na najbli\u017e\u0161ie dni.<\/p>\n<p style=\"font-weight: 400\"><em>(Nov\u00e1 oper\u00e1cia \u201eSpring Tide\u201c tykaj\u00faca sa nov\u00e9ho n\u00e1stupcu tr\u00f3nu Karola III. st\u00e1le be\u017e\u00ed, a\u017e do jeho smrti)<\/em><\/p>\n<p style=\"font-weight: 400\">V Brit\u00e1nii si bud\u00fa Al\u017ebetu II. pam\u00e4ta\u0165 pre jej pokoj a\u00a0d\u00f4stojnos\u0165. Verejnosti pribl\u00ed\u017eila monarchiu, ke\u010f\u017ee jej korunov\u00e1cia bola ako prv\u00e1 vysielan\u00e1 v\u00a0telev\u00edzii. Ka\u017ed\u00fd rok na \u0160tedr\u00fd de\u0148 si pripravila\u00a0medi\u00e1lny prejav adresovan\u00fd \u013eudu. Svet mal skr\u00e1tka mo\u017enos\u0165 nazrie\u0165 do jej \u017eivota.<\/p>\n<p>&nbsp;<\/p>\n<h2 style=\"font-weight: 400\"><strong>\u010co sa po smrti kr\u00e1\u013eovnej zmen\u00ed?<\/strong><\/h2>\n<ul>\n<li style=\"font-weight: 400\">Medzi prv\u00fa badate\u013en\u00fa zmenu patr\u00ed <strong>britsk\u00e1 n\u00e1rodn\u00e1 hymna<\/strong>, ktor\u00e1 sa smr\u0165ou Al\u017ebety II. nadobudla nov\u00fa podobu. Men\u00ed sa z\u00a0\u201eGod Save the Queen\u201c na \u201eGod Save the King\u201c.\u00a0Spojen\u00e9mu kr\u00e1\u013eovstvu sl\u00fa\u017ei Karol III.,\u00a0preto ob\u010dania Commonwealthu bud\u00fa prisaha\u0165 vernos\u0165 kr\u00e1\u013eovi namiesto kr\u00e1\u013eovnej.<\/li>\n<li style=\"font-weight: 400\">Smr\u0165ou kr\u00e1\u013eovnej <strong>sa premie\u0161ali kr\u00e1\u013eovsk\u00e9 tituly<\/strong>. Napr\u00edklad s\u00a0n\u00e1stupom Karola III. na tr\u00f3n je teraz prv\u00fd v porad\u00ed princ William. Princ je teraz druh\u00fd v\u00a0porad\u00ed a za n\u00edm nasleduj\u00fa jeho mlad\u0161\u00ed s\u00farodenci &#8211; princezn\u00e1 Charlotte a princ Louis. Princ Harry je piaty v porad\u00ed. Aj ke\u010f princ Harry a Meghan Markle opustili kr\u00e1\u013eovsk\u00fa rodinu, <strong>existuje \u0161anca, \u017ee ich de\u0165om,<\/strong> Archiemu a Lilibet, <strong>by mohli by\u0165 udelen\u00e9 tituly<\/strong> princ a princezn\u00e1.<\/li>\n<li style=\"font-weight: 400\"><strong>Tv\u00e1r kr\u00e1\u013eovnej Al\u017ebety II. sa u\u017e nebude objavova\u0165 na britsk\u00fdch bankovk\u00e1ch<\/strong> a men\u00e1ch v in\u00fdch krajin\u00e1ch Commonwealthu. Portr\u00e9t kr\u00e1\u013eovnej sa objavuje na britsk\u00fdch peniazoch od roku 1960. Bankoviek s portr\u00e9tom kr\u00e1\u013eovnej je v obehu pribli\u017ene 4,5 miliardy, trvalo by najmenej dva roky, k\u00fdm by sa na nich za\u010dal objavova\u0165 kr\u00e1\u013e.<\/li>\n<\/ul>\n Z obehu bud\u00fa postupne stiahnut\u00e9 aj po\u0161tov\u00e9 zn\u00e1mky s podobiz\u0148ou zosnulej panovn\u00ed\u010dky. ILUSTRA\u010cN\u00c1 FOTOGRAFIA\n<ul>\n<li style=\"font-weight: 400\">Menia sa log\u00e1. <strong>Vlajky po celej krajine<\/strong> na policajn\u00fdch staniciach, vl\u00e1dnych budov\u00e1ch a \u010fal\u0161\u00edch miestach, ktor\u00e9 s\u00fa ozna\u010den\u00e9 kr\u00e1\u013eovninou \u0161ifrou EIIR (Al\u017ebeta II. Regina) <strong>musia by\u0165 vymenen\u00e9.<\/strong> Nov\u00e9 logo spolu s farbami neboli ozn\u00e1men\u00e9. Je tie\u017e mo\u017en\u00e9, \u017ee by sa mohla zmeni\u0165 \u0161tandardn\u00e1 kr\u00e1\u013eovsk\u00e1 vlajka, ktor\u00e1 vis\u00ed na budove v\u017edy, ke\u010f je v rezidencii hlava rodiny.<\/li>\n<li>\n<p style=\"font-weight: 400\">Svetov\u00ed l\u00eddri bud\u00fa teraz spolupracova\u0165 s kr\u00e1\u013eom Karolom namiesto kr\u00e1\u013eovnej Al\u017ebety.<\/p>\n<\/li>\n<\/ul>\n<p>&nbsp;<\/p>\n<p>&nbsp;<\/p>\n<h2 style=\"font-weight: 400\"><strong>\u010co ste mo\u017eno nevedeli<\/strong><\/h2>\n<ul>\n<li>Kr\u00e1\u013eovn\u00e1 Al\u017ebeta II. bola korunovan\u00e1 vo svojich 27-rokoch.<\/li>\n<li>Bola jedinou osobou v Spojenom kr\u00e1\u013eovstve, ktor\u00e1 mohla \u0161of\u00e9rova\u0165 bez vodi\u010dsk\u00e9ho preukazu.<\/li>\n<li>Vlastnila slona, \u200b\u200bdve obrovsk\u00e9 korytna\u010dky, jagu\u00e1ra a p\u00e1r le\u0148ochodov.<\/li>\n<li>Nikdy nechodila do \u0161koly, u\u010dila sa doma.<\/li>\n<li>V roku 1944, vo veku 18 rokov, vtedaj\u0161ia princezn\u00e1 Al\u017ebeta trvala na vstupe do arm\u00e1dy.<\/li>\n<li>Vlastnila viac ako 30 corgi (plemeno psa).<\/li>\n<\/ul>\n Okrem jej n\u00e1klonnosti k \u0161teniatkam, v\u00e1\u0161ni, ktor\u00e1 jej vyniesla \u00falohu patr\u00f3nky organiz\u00e1cie na ochranu psov Dogs Trust v Spojenom kr\u00e1\u013eovstve, kr\u00e1\u013eovn\u00e1 Al\u017ebeta vlastnila aj v\u0161etky druhy labut\u00ed, ve\u013er\u00fdb a delf\u00ednov na svojom \u00fazem\u00ed. ILUSTRA\u010cN\u00c1 FOTOGRAFIA\n<p style=\"font-weight: 400\">Pod\u013ea v\u0161etk\u00e9ho by mal by\u0165 v\u00a0Spojenom kr\u00e1\u013eovstve vyhl\u00e1sen\u00fd \u0161t\u00e1tny sm\u00fatok. To ist\u00e9 plat\u00ed aj pre ostatn\u00e9 krajiny Commonwealthu, pri\u010dom kone\u010dn\u00e9 slovo maj\u00fa jednotliv\u00e9 vl\u00e1dy. Vlajka Union Jack je vo Ve\u013ekej Brit\u00e1nii a v z\u00e1mor\u00ed spusten\u00e1 na pol \u017erde a\u017e do konca pohrebu.<\/p>\n<p style=\"font-weight: 400\">\u010co sa t\u00fdka nov\u00e9ho kr\u00e1\u013ea, tak ten sa stal aj hlavou ozbrojen\u00fdch s\u00edl a anglik\u00e1nskej cirkvi. Prevezme \u00fastavn\u00e9 a reprezenta\u010dn\u00e9 povinnosti. Ako panovn\u00edk nebude m\u00f4c\u0165 \u0161\u00edri\u0165 svoje n\u00e1zory ani sa sna\u017ei\u0165 zasahova\u0165 do politiky.<\/p>","protected":false},"excerpt":{"rendered":"<p>O\u00a0smrti kr\u00e1\u013eovnej Al\u017ebety II. n\u00e1s m\u00e9di\u00e1 spolu s Buckinghamsk\u00fdm pal\u00e1com informovali \u00f4smeho septembra. Spr\u00e1ve predch\u00e1dzalo stanovisko kr\u00e1\u013eovskej rodiny, v ktorom sa uv\u00e1dzalo, \u017ee sa lek\u00e1ri<\/p>","protected":false},"author":1,"featured_media":0,"comment_status":"closed","ping_status":"closed","sticky":false,"template":"","format":"standard","meta":{"footnotes":""},"categories":[51],"tags":[],"class_list":["post-7908","post","type-post","status-publish","format-standard","hentry","category-archiv","two-columns"],"_links":{"self":[{"href":"https:\/\/instrid.sk\/en\/wp-json\/wp\/v2\/posts\/7908","targetHints":{"allow":["GET"]}}],"collection":[{"href":"https:\/\/instrid.sk\/en\/wp-json\/wp\/v2\/posts"}],"about":[{"href":"https:\/\/instrid.sk\/en\/wp-json\/wp\/v2\/types\/post"}],"author":[{"embeddable":true,"href":"https:\/\/instrid.sk\/en\/wp-json\/wp\/v2\/users\/1"}],"replies":[{"embeddable":true,"href":"https:\/\/instrid.sk\/en\/wp-json\/wp\/v2\/comments?post=7908"}],"version-history":[{"count":0,"href":"https:\/\/instrid.sk\/en\/wp-json\/wp\/v2\/posts\/7908\/revisions"}],"wp:attachment":[{"href":"https:\/\/instrid.sk\/en\/wp-json\/wp\/v2\/media?parent=7908"}],"wp:term":[{"taxonomy":"category","embeddable":true,"href":"https:\/\/instrid.sk\/en\/wp-json\/wp\/v2\/categories?post=7908"},{"taxonomy":"post_tag","embeddable":true,"href":"https:\/\/instrid.sk\/en\/wp-json\/wp\/v2\/tags?post=7908"}],"curies":[{"name":"wp","href":"https:\/\/api.w.org\/{rel}","templated":true}]}}