{"id":7922,"date":"2022-10-03T00:00:00","date_gmt":"2022-10-02T23:00:00","guid":{"rendered":"https:\/\/instrid.sk\/uncategorized\/preco-vyzerame-v-zrkadle-inak-ako-na-fotkach\/"},"modified":"2022-10-03T00:00:00","modified_gmt":"2022-10-02T23:00:00","slug":"preco-vyzerame-v-zrkadle-inak-ako-na-fotkach","status":"publish","type":"post","link":"https:\/\/instrid.sk\/en\/archiv\/preco-vyzerame-v-zrkadle-inak-ako-na-fotkach\/","title":{"rendered":"Pre\u010do vyzer\u00e1me v zrkadle inak ako na fotk\u00e1ch?"},"content":{"rendered":"<p style=\"font-weight: 400\">Perfektn\u00e9 l\u00ed\u010denie, dokonal\u00fd \u00fa\u010des a\u00a0\u017eiariv\u00e1 poko\u017eka. Po piatkovej p\u00e1rty sa v\u0161ak zd\u00e1, \u017ee na fotografi\u00e1ch p\u00f3zovalo na\u0161e \u0161kared\u0161ie dvoj\u010da. <strong><em>Pre\u010do je to tak, a\u00a0m\u00e1 to tak ka\u017ed\u00fd?<\/em> <\/strong>Zauj\u00edmav\u00e9 je, \u017ee nemus\u00ed \u00eds\u0165 len o (ne)schopnosti fotografa. \u010casto sme prekvapen\u00ed aj pri otvoren\u00ed prednej kamery, neveriacky kr\u00fatime hlavou, \u017ee takto sme predsa pred nieko\u013ek\u00fdmi min\u00fatami nevyzerali.<\/p>\n<blockquote>\n<p style=\"font-weight: 400;text-align: center\"><strong>Ako je mo\u017en\u00e9, \u017ee fotografie nekop\u00edruj\u00fa na\u0161u zrkadlov\u00fa realitu?<\/strong><\/p>\n<\/blockquote>\n<p style=\"font-weight: 400\">Rozdiel medzi \u201eobrazom\u201c v\u00a0zrkadle a\u00a0na fotografii je badate\u013en\u00fd. Osoba, ktor\u00fa vid\u00edme v zrkadle, je akoby obr\u00e1ten\u00e1. Ve\u013emi stru\u010dne a\u00a0jasne povedan\u00e9, <strong>nie sme zvyknut\u00ed na svoju prevr\u00e1ten\u00fa verziu sam\u00e9ho seba.<\/strong><\/p>\n<p style=\"font-weight: 400\">Samozrejme, vid\u00edme sa ka\u017ed\u00fd de\u0148. Pozn\u00e1me ka\u017ed\u00fd centimeter na\u0161ej tv\u00e1re, no ke\u010f n\u00e1s niekto odfot\u00ed, zrazu nadobudnete pocit, \u017ee nie sme fotogenick\u00ed. Tak\u017ee jeden z d\u00f4vodov, pre\u010do nem\u00e1me radi fotenie n\u00e1s sam\u00fdch, je ten, \u017ee tieto obr\u00e1zky predstavuj\u00fa poh\u013ead na na\u0161e tv\u00e1re, ktor\u00e9 s\u00fa n\u00e1m menej zn\u00e1me.<\/p>\n Najkonkr\u00e9tnej\u0161\u00edm a najzn\u00e1mej\u0161\u00edm obrazom na\u0161ej tv\u00e1re je odraz, ktor\u00fd vid\u00edme v zrkadle. Je tam, ke\u010f si \u010dist\u00edme zuby, \u010de\u0161eme vlasy, l\u00ed\u010dime sa. Preto n\u00e1m nie je pr\u00edjemn\u00e9, ke\u010f sa obraz obr\u00e1ti. ILUSTRA\u010cN\u00c1 FOTOGRAFIA\n<h2 style=\"font-weight: 400\"><strong>Nie\u010do je nespr\u00e1vne<\/strong><\/h2>\n<p style=\"font-weight: 400\">Stalo sa v\u00e1m niekedy, \u017ee pri skupinovej fotografi\u00ed ste si pripadali ako najmenej fotogenick\u00e1 osoba? Aj to je \u00faplne norm\u00e1lne. V\u0161etci sme zvyknut\u00ed na svoj odraz v\u00a0zrkadle, v\u0161etci sme zvyknut\u00ed na vonkaj\u0161\u00ed vzh\u013ead \u013eud\u00ed, ktor\u00fdch \u010dasto stret\u00e1vame. Teda tv\u00e1re kamar\u00e1tov vid\u00edme \u00faplne rovnako na fotke ako v\u00a0skuto\u010dnosti, \u010do sa ned\u00e1 poveda\u0165 o\u00a0n\u00e1s.<\/p>\n<p style=\"font-weight: 400\">Medzit\u00fdm si v\u0161etci ostatn\u00ed myslia presne to ist\u00e9. Tak\u017ee ke\u010f poviete svojej zn\u00e1mej: \u201evyzer\u00e1\u0161 na fotke v\u00fdborne\u201c a\u00a0ona v\u00e1m odpovie, \u017ee si to nemysl\u00ed, tak to z\u00a0toho d\u00f4vodu, \u017ee sa vid\u00ed odli\u0161ne.<\/p>\n<p style=\"font-weight: 400\">\u010eal\u0161\u00edm faktorom, ktor\u00fd vstupuje do hry, s\u00fa <strong>asymetrie tv\u00e1re<\/strong>. Tie odraz v\u00a0zrkadle vytl\u00e1\u010da \u2013 zjem\u0148uje.<\/p>\n<blockquote>\n<p style=\"text-align: center\"><strong>Nikto nem\u00e1 dokonale symetrick\u00fa tv\u00e1r<\/strong><\/p>\n<\/blockquote>\n<ul>\n<li style=\"font-weight: 400\">V\u00e4\u010d\u0161ina \u013eud\u00ed si vlasy rozde\u013euje nerovnomerne. Na jednej strane je ich viac a\u00a0na druhej menej.<\/li>\n<li style=\"font-weight: 400\">Ani ve\u013ekos\u0165 na\u0161ich o\u010di nie je rovnak\u00e1.<\/li>\n<li style=\"font-weight: 400\">Hovor\u00ed sa, \u017ee obo\u010die nie s\u00fa sestry, ale sesternice.<\/li>\n<li style=\"font-weight: 400\">Dokonca aj n\u00e1\u0161 \u00fasmev je asymetrick\u00fd, v\u00e4\u010d\u0161ina \u013eud\u00ed sa usmieva o nie\u010do viac z jednej strany \u00fast ako z druhej.<\/li>\n<li style=\"font-weight: 400\">Ak je n\u00e1\u0161 nos mierne zakriven\u00fd pribli\u017ene o 2 mm do\u013eava, na fotografi\u00ed sa zd\u00e1, \u017ee je o 4 mm napravo od miesta, kde ho o\u010dak\u00e1vame<\/li>\n<\/ul>\n To, \u010do vid\u00edme v zrkadl\u00e1ch, je presn\u00fd opak toho, ako vyzer\u00e1me. ILUSTRA\u010cN\u00c1 FOTOGRAFIA\n<h2 style=\"font-weight: 400\"><strong>Je mo\u017en\u00e9, \u017ee ste menej atrakt\u00edvny, ako si mysl\u00edte<\/strong><\/h2>\n<p style=\"font-weight: 400\">\u0160t\u00fadiou z\u00a0roku 2008 sa dok\u00e1zalo, \u017ee niektor\u00ed \u013eudia si myslia, \u017ee s\u00fa pr\u00ed\u0165a\u017elivej\u0161\u00ed ako v\u00a0skuto\u010dnosti. V\u00a0experimente v\u00fdskumn\u00edci nafotili fotografie \u00fa\u010dastn\u00edkov tak, aby vyzerali atrakt\u00edvnej\u0161ie a\u00a0zmie\u0161ali ich s\u00a0fotografiami, kde v\u00fdrazne nezasiahli. N\u00e1sledne po\u017eiadali respondentov, aby vybrali fotografie, ktor\u00e9 pod\u013ea nich zodpovedaj\u00fa realite. \u00da\u010dastn\u00edci pochopite\u013ene siahali po t\u00fdch \u201eobr\u00e1zkoch\u201c, kde vyzerali lep\u0161ie.<\/p>\n<p style=\"font-weight: 400\">Na druh\u00fa stranu in\u00ed odborn\u00edci tvrdia, \u017ee v\u00a0ich \u0161t\u00fadii zaznamenali zv\u00fd\u0161en\u00fd po\u010det respondentov, ktor\u00ed mali tendenciu sa podce\u0148ova\u0165 v\u00a0r\u00e1mci v\u00fdzoru. Dospeli v\u0161ak k\u00a0z\u00e1veru, \u017ee n\u00e1\u0161 nepr\u00edjemn\u00fd pocit, ke\u010f sa vid\u00edme na fotografi\u00e1ch je porovnate\u013en\u00fd so z\u00e1\u017eitkom, ke\u010f <strong>prv\u00fdkr\u00e1t po\u010dujeme svoj vlastn\u00fd hlas v\u00a0nahr\u00e1vke.<\/strong> Teda malo by \u00eds\u0165 len o\u00a0zvyk. Pokia\u013e sa budeme dostato\u010dne \u010dasto nahr\u00e1va\u0165, tak sa \u201ezmierime\u201c s\u00a0t\u00fdm, ako znieme. V\u00a0tomto pr\u00edpade by sme sa mali \u010dastej\u0161ie foti\u0165 z\u00a0ka\u017ed\u00e9ho uhla, aby sme sa zozn\u00e1mili so svojou \u201ezrkadlovou\u201c aj \u201efotoapar\u00e1tovou\u201c verziou.<\/p>\n \u201e\u013dudia, ktor\u00ed si robia ve\u013ea selfie, sa c\u00edtia ove\u013ea pohodlnej\u0161ie vo svojej vlastnej ko\u017ei,&#8220; tvrd\u00ed Pamela Rutledge, riadite\u013eka Centra medi\u00e1lnej psychol\u00f3gie. ILUSTRA\u010cN\u00c1 FOTOGRAFIA\n<h2 style=\"font-weight: 400\"><strong>Impulz pre n\u00e1v\u0161tevu estetick\u00fdch klin\u00edk<\/strong><\/h2>\n<p style=\"font-weight: 400\">V\u00a0dne\u0161nom svete instantne kr\u00e1snych \u013eud\u00ed je n\u00e1ro\u010dne sa zmieri\u0165 s\u00a0t\u00fdm, \u017ee sme nedosiahli a\u00a0pravdepodobne nikdy nedosiahneme s\u00fa\u010dasn\u00fd ide\u00e1l kr\u00e1sy. A\u00a0fakt, \u017ee na fotografi\u00e1ch nevyzer\u00e1me tak dobre ako v\u00a0zrkadle n\u00e1\u0161mu sebavedomiu nepom\u00e1ha. Automaticky za\u010dneme prem\u00fd\u0161\u013ea\u0165 nad estetick\u00fdmi \u00fapravami. Chceme zjemni\u0165, najlep\u0161ie rovno odstr\u00e1ni\u0165 v\u0161etky asymetrie. No, nie v\u017edy je tento \u201ekomplex\u201c opodstatnen\u00fd.<\/p>\n<p style=\"font-weight: 400\">Odborn\u00edci v\u00a0\u0161t\u00fadii, ktor\u00fa sme vy\u0161\u0161ie spomenuli sa zamerali na to, ako vysvetli\u0165 \u013eu\u010fom, \u017ee ich n<strong>edostatky pramenia z\u00a0nedostato\u010dn\u00e9ho obozn\u00e1menia sa s obr\u00e1ten\u00fdm obrazom na\u0161ej tv\u00e1re.<\/strong>Existuj\u00fa dve neinvaz\u00edvne rie\u0161enia. Prv\u00fdm je, \u017ee sa budeme \u010dastej\u0161ie foti\u0165, aby sme si na seba zvykli. Druh\u00fdm rie\u0161en\u00edm je k\u00fapa reverzn\u00e9ho zrkadla, tzv. true mirror.<\/p>\n<p>&nbsp;<\/p>","protected":false},"excerpt":{"rendered":"<p>Perfektn\u00e9 l\u00ed\u010denie, dokonal\u00fd \u00fa\u010des a\u00a0\u017eiariv\u00e1 poko\u017eka. Po piatkovej p\u00e1rty sa v\u0161ak zd\u00e1, \u017ee na fotografi\u00e1ch p\u00f3zovalo na\u0161e \u0161kared\u0161ie dvoj\u010da. Pre\u010do je to tak, a\u00a0m\u00e1 to<\/p>","protected":false},"author":1,"featured_media":0,"comment_status":"closed","ping_status":"closed","sticky":false,"template":"","format":"standard","meta":{"footnotes":""},"categories":[51],"tags":[],"class_list":["post-7922","post","type-post","status-publish","format-standard","hentry","category-archiv","two-columns"],"_links":{"self":[{"href":"https:\/\/instrid.sk\/en\/wp-json\/wp\/v2\/posts\/7922","targetHints":{"allow":["GET"]}}],"collection":[{"href":"https:\/\/instrid.sk\/en\/wp-json\/wp\/v2\/posts"}],"about":[{"href":"https:\/\/instrid.sk\/en\/wp-json\/wp\/v2\/types\/post"}],"author":[{"embeddable":true,"href":"https:\/\/instrid.sk\/en\/wp-json\/wp\/v2\/users\/1"}],"replies":[{"embeddable":true,"href":"https:\/\/instrid.sk\/en\/wp-json\/wp\/v2\/comments?post=7922"}],"version-history":[{"count":0,"href":"https:\/\/instrid.sk\/en\/wp-json\/wp\/v2\/posts\/7922\/revisions"}],"wp:attachment":[{"href":"https:\/\/instrid.sk\/en\/wp-json\/wp\/v2\/media?parent=7922"}],"wp:term":[{"taxonomy":"category","embeddable":true,"href":"https:\/\/instrid.sk\/en\/wp-json\/wp\/v2\/categories?post=7922"},{"taxonomy":"post_tag","embeddable":true,"href":"https:\/\/instrid.sk\/en\/wp-json\/wp\/v2\/tags?post=7922"}],"curies":[{"name":"wp","href":"https:\/\/api.w.org\/{rel}","templated":true}]}}