{"id":7943,"date":"2022-10-21T00:00:00","date_gmt":"2022-10-20T23:00:00","guid":{"rendered":"https:\/\/instrid.sk\/uncategorized\/stefan-boleslav-roman-a-svetovy-kongres-slovakov\/"},"modified":"2022-10-21T00:00:00","modified_gmt":"2022-10-20T23:00:00","slug":"stefan-boleslav-roman-a-svetovy-kongres-slovakov","status":"publish","type":"post","link":"https:\/\/instrid.sk\/en\/archiv\/stefan-boleslav-roman-a-svetovy-kongres-slovakov\/","title":{"rendered":"\u0160tefan Boleslav Roman a Svetov\u00fd kongres Slov\u00e1kov"},"content":{"rendered":"<ul>\n<li><strong>Kanadsk\u00e1 obchodn\u00e1 komora na Slovensku vydala k 100. v\u00fdro\u010diu narodenia \u0160tefana B. Romana reprezenta\u010dn\u00fa knihu s n\u00e1zvom \u0160tefan Boleslav Roman \u2013 Ur\u00e1nov\u00fd kr\u00e1\u013e.<\/strong><\/li>\n<li><strong>Roman bol v\u00fdznamn\u00fd podnikate\u013e, ale aj zanieten\u00fd obhajca pr\u00e1v Slov\u00e1kov.<\/strong><\/li>\n<li><strong>Zalo\u017eil a financoval Svetov\u00fd kongres Slov\u00e1kov a dosiahol zv\u00fd\u0161enie povedomia o slovensk\u00fdch probl\u00e9moch v z\u00e1mor\u00ed.<\/strong><\/li>\n<li><strong>Spolu s M.R. \u0160tef\u00e1nikom sa pova\u017euje za najv\u00fdznamnej\u0161ieho Slov\u00e1ka 20. storo\u010dia.<\/strong><\/li>\n<\/ul>\n<p>&nbsp;<\/p>\n<h3>Kto bol \u0160tefan Boleslav Roman?<\/h3>\n<p><span style=\"font-weight: 400;\"><strong>\u0160tefan Boleslav Roman je pova\u017eovan\u00fd spolu s\u00a0Milanom Rastislavom \u0160tef\u00e1nikom za najv\u00fdznamnej\u0161ieho Slov\u00e1ka 20. storo\u010dia<\/strong>. Z\u00e1rove\u0148 ide o najbohat\u0161ieho a najvplyvnej\u0161ieho\u00a0 podnikate\u013ea slovensk\u00e9ho p\u00f4vodu v hist\u00f3rii. Nie je ve\u013ea Slov\u00e1kov, \u010do sa presadilo vo svete a z\u00edskalo medzin\u00e1rodn\u00e9 renom\u00e9.\u00a0<\/span><\/p>\n<p><span style=\"font-weight: 400;\">Romanove z\u00e1sluhy m\u00f4\u017eeme rozdeli\u0165 do troch z\u00e1kladn\u00fdch oblast\u00ed: <\/span><\/p>\n<ol>\n<li><span style=\"font-weight: 400;\"><strong>Podnikate\u013esk\u00e1 \u010dinnos\u0165<\/strong> (\u0165a\u017eba ur\u00e1nov\u00e1 ruda, plyn, ropa, zlato, zinok, at\u010f.)\u00a0 <\/span><\/li>\n<li><span style=\"font-weight: 400;\"><strong>Cirkevn\u00e1 \u010dinnos\u0165<\/strong> &#8211; vytvorenie gr\u00e9ckokatol\u00edckej eparchie v Kanade, postavenie Katedr\u00e1ly Premenenia P\u00e1na)\u00a0 <\/span><\/li>\n<li><span style=\"font-weight: 400;\"><strong>\u010cinnos\u0165 na poli slovensk\u00e9ho n\u00e1rodn\u00e9ho hnutia<\/strong> \u2013 zalo\u017eenie Svetov\u00e9ho kongresu Slov\u00e1kov a jeho financovanie a\u017e do jeho smrti.<\/span><\/li>\n<\/ol>\n<p>&nbsp;<\/p>\n Fotografia z II. Gener\u00e1lneho zhroma\u017edenia SKS v Toronte. | Zdroj \u00dastav pam\u00e4ti n\u00e1roda, Arch\u00edv J\u00falius Beh\u00fal\n<h3>\u0160tefan Boleslav Roman a Svetov\u00fd kongres Slov\u00e1kov<\/h3>\n<p><strong>Svetov\u00fd kongres Slov\u00e1kov (SKS), najv\u00fdznamnej\u0161ia organiz\u00e1cia Slov\u00e1kov v hist\u00f3rii, bola zalo\u017een\u00e1 a financovan\u00e1 \u0160tefanom B. Romanom.<\/strong><\/p>\n<p>D\u0148a 21. augusta 1968 vojsk\u00e1 Var\u0161avskej zmluvy obsadili \u010ceskoslovensko a zabr\u00e1nili tak s\u013eubn\u00e9mu rozvoju demokracie a slobody. N\u00e1siln\u00e1 okup\u00e1cia mala za n\u00e1sledok, \u017ee \u0160tefan Boleslav Roman a ve\u013ekov\u00fdrobca obuvi Tom\u00e1\u0161 J\u00e1n Ba\u0165a nav\u0161t\u00edvili koncom augusta 1968 kanadsk\u00e9ho premi\u00e9ra Pierra Trudeau a a vyst\u00fapili pred kanadsk\u00fdm parlamentom. N\u00e1sledkom toho <strong>Kanada schv\u00e1lila koncom septembra 1968 z\u00e1kon, ktor\u00fd umo\u017e\u0148oval leg\u00e1lnu emigr\u00e1ciu Slov\u00e1kov a \u010cechov do Kanady<\/strong>.<\/p>\n<p>V lete 1969 \u0160tefan B. Roman prijal \u010destn\u00e9 predsedn\u00edctvo Svetov\u00e9ho kongresu Slov\u00e1kov.<\/p>\n<p>S cie\u013eom zjednotenie s\u00edl v\u0161etk\u00fdch Slov\u00e1kov \u017eij\u00facich v zahrani\u010d\u00ed a obnoven\u00ed demokracie na Slovensku zalo\u017eil \u0160tefan B. Roman Svetov\u00fd kongres Slov\u00e1kov. Jeho zakladaj\u00faci zjazd sa uskuto\u010dnil 19. \u2013 21. j\u00fana 1970 v New Yorku. V diskusi\u00e1ch o vzniknutej situ\u00e1cii na Slovensku ust\u00fapili v\u0161etky osobn\u00e9 a n\u00e1bo\u017eensk\u00e9 spory. Jednozna\u010dne prevl\u00e1dol zjednocuj\u00faci z\u00e1ujem v\u0161etk\u00fdch Slov\u00e1kov a t\u00fa\u017eba po sebaur\u010den\u00ed.<\/p>\n<p>Format\u00edvna f\u00e1za Svetov\u00e9ho kongresu Slov\u00e1kov bola zav\u0155\u0161en\u00e1 na gener\u00e1lnom zhroma\u017eden\u00ed v Toronte v d\u0148och 16. &#8211; 20. j\u00fana. Nadviazal styk s in\u00fdmi organiz\u00e1ciami vo svete, s ve\u013evyslanectvami, s radou Eur\u00f3py v \u0160trasburgu, s Eur\u00f3pskou konferenciou v Kol\u00edne a so Sv\u00e4tou stolicou. Predsedom Svetov\u00e9ho kongresu Slov\u00e1kov sa stal \u0160tefan B. Roman.<\/p>\n Gener\u00e1lne zhroma\u017edenie 1990 v Toronte. Z\u013eava D. T\u00f3th, M \u010ci\u010d, A. Dub\u010dek, R. Schuster, J. Kri\u0161tof\u00edk, v\u00fdkonn\u00fd predseda SKS | Arch\u00edv Du\u0161an T\u00f3th\n<p><strong>Najd\u00f4le\u017eitej\u0161ie podujatia v existencii Svetov\u00e9ho kongresu Slov\u00e1kov boli gener\u00e1lne zhroma\u017edenia<\/strong>. V rokoch 1970 a\u017e 1989 sa uskuto\u010dnilo pr\u00edpravn\u00e9ho zhroma\u017edenie v New Yorku a 7 riadnych zhroma\u017eden\u00ed \u2013 v roku 1971 v Toronte, 1973 v Chicagu, 1975 v R\u00edme, 1978 vo Washingtone, 1981 v Toronte, 1984 v New Yorku a 1987 v Toronte.<\/p>\n<p>Pre slovensk\u00fa vec na medzin\u00e1rodnom poli boli v\u00fdznamn\u00e9 najm\u00e4 Gener\u00e1lne zhroma\u017edenia Svetov\u00e9ho kongresu Slov\u00e1kov v R\u00edme v roku 1975, vo Washingtone v roku 1978 a v Toronte v roku 1981.<\/p>\n<p>Z konferencie v R\u00edme vznikla obsiahla kniha <strong>Slovak Culture through the Centuries<\/strong> and <strong>R\u00edmske vyhl\u00e1senie<\/strong>, ktor\u00fdm sa Slov\u00e1ci prihl\u00e1sili ku kres\u0165anskej viere a cyrilometodskej trad\u00edcii a deklarovali svoju t\u00fa\u017ebu po sebaur\u010den\u00ed a spoluzodpovednosti za \u010fal\u0161\u00ed v\u00fdvin Eur\u00f3py. Odmietali rozdelenie svata na z\u00e1ujmov\u00e9 sf\u00e9ry.<\/p>\n<p>Z pr\u00edle\u017eitosti gener\u00e1lneho zhroma\u017edenia vo Washingtone SKS adresoval prezidentovi USA <strong>29-stranov\u00e9 memorandum o poru\u0161ovan\u00ed \u013eudsk\u00fdch pr\u00e1v na Slovensku<\/strong> a recepcia v budove sen\u00e1tu USA obr\u00e1tila pozornos\u0165 na slovensk\u00fa ot\u00e1zku mnoh\u00fdch americk\u00fdch kongresmanov a sen\u00e1torov.<\/p>\n<p>Gener\u00e1lne zhroma\u017edenia sa v\u017edy konali v najlep\u0161\u00edch hoteloch a kongresov\u00fdch s\u00e1lach. Na ich zasadan\u00ed sa z\u00fa\u010dast\u0148ovali prominentn\u00ed podnikatelia, kanadsk\u00ed premi\u00e9ri a ministri, americk\u00ed kongresmani a sen\u00e1tori, zn\u00e1mi kardin\u00e1li a arcibiskupi a v\u00fdznamn\u00ed akademici.<\/p>\n \u0160tefan B. Roman za re\u010dn\u00edckym pultom po\u010das GZ SKS v Toronte v roku 1987. Zdroj: SNA, fond Du\u0161an T\u00f3th\n<p>V okt\u00f3bri 1976 sa z\u00e1sluhou stykov Romana podarilo dosta\u0165 slovensk\u00fa ot\u00e1zku aj na f\u00f3rum Eur\u00f3pskeho parlamentu v \u0160trasburgu. <strong>Prijatie deleg\u00e1cie SKS v Eur\u00f3pskom parlamente<\/strong> bolo zo slovensk\u00e9ho h\u013eadiska v\u00fdznamn\u00fdm krokom na medzin\u00e1rodnom poli. Doposia\u013e \u017eiadna exilov\u00e1 reprezent\u00e1cia nebola zast\u00fapen\u00e1 v Eur\u00f3pskom parlamente tak\u00fdm po\u010dtom. Slovensk\u00fa deleg\u00e1ciu predstavil <strong>arcivojvoda Otto von Habsburg, najstar\u0161\u00ed syn posledn\u00e9ho cis\u00e1ra Rak\u00fasko-Uhorska<\/strong>.<\/p>\n<p>Svetov\u00fd kongres Slov\u00e1kov predniesol v roku 1977 slovensk\u00fa ot\u00e1zku na konferencii v Belehrade \u2013 \u201e<strong>Review Conference on Helsinki Accords<\/strong>\u201c o <strong>Z\u00e1vere\u010dnom akte Konferencie o bezpe\u010dnosti a spolupr\u00e1ci v Eur\u00f3pe<\/strong>. Z\u00e1vere\u010dn\u00fd akt podp\u00edsalo 1. augusta 1975 v Helsink\u00e1ch 33 eur\u00f3pskych \u0161t\u00e1tov, USA a Kanada.<\/p>\n<p>Bli\u017e\u0161ie inform\u00e1cie n\u00e1jdete na port\u00e1li www.Kanada.sk.<\/p>\n<p>&nbsp;<\/p>\n<h3>Dokument: \u0160tefan Boleslav Roman, ur\u00e1nov\u00fd kr\u00e1\u013e v z\u00e1pase o slobodu Slov\u00e1kov<\/h3>\n<p><iframe title=\"\u0160tefan Boleslav Roman, ur\u00e1nov\u00fd kr\u00e1\u013e v z\u00e1pase o slobodu Slov\u00e1kov\" src=\"https:\/\/www.youtube.com\/embed\/1gKyjMAuIwg\" width=\"100%\" height=\"500\" frameborder=\"0\" allowfullscreen=\"allowfullscreen\"><span data-mce-type=\"bookmark\" style=\"display: inline-block; width: 0px; overflow: hidden; line-height: 0;\" class=\"mce_SELRES_start\"><\/span><\/iframe><\/p>","protected":false},"excerpt":{"rendered":"<p>\u0160tefan Boleslav Roman je pova\u017eovan\u00fd spolu s\u00a0Milanom Rastislavom \u0160tef\u00e1nikom za najv\u00fdznamnej\u0161ieho Slov\u00e1ka 20. storo\u010dia. Z\u00e1rove\u0148 ide o najbohat\u0161ieho a najvplyvnej\u0161ieho\u00a0 podnikate\u013ea slovensk\u00e9ho p\u00f4vodu v hist\u00f3rii. Nie je ve\u013ea Slov\u00e1kov, \u010do sa presadilo vo svete a z\u00edskalo medzin\u00e1rodn\u00e9 renom\u00e9.\u00a0<\/p>","protected":false},"author":1,"featured_media":0,"comment_status":"closed","ping_status":"closed","sticky":false,"template":"","format":"standard","meta":{"footnotes":""},"categories":[51],"tags":[],"class_list":["post-7943","post","type-post","status-publish","format-standard","hentry","category-archiv","two-columns"],"_links":{"self":[{"href":"https:\/\/instrid.sk\/en\/wp-json\/wp\/v2\/posts\/7943","targetHints":{"allow":["GET"]}}],"collection":[{"href":"https:\/\/instrid.sk\/en\/wp-json\/wp\/v2\/posts"}],"about":[{"href":"https:\/\/instrid.sk\/en\/wp-json\/wp\/v2\/types\/post"}],"author":[{"embeddable":true,"href":"https:\/\/instrid.sk\/en\/wp-json\/wp\/v2\/users\/1"}],"replies":[{"embeddable":true,"href":"https:\/\/instrid.sk\/en\/wp-json\/wp\/v2\/comments?post=7943"}],"version-history":[{"count":0,"href":"https:\/\/instrid.sk\/en\/wp-json\/wp\/v2\/posts\/7943\/revisions"}],"wp:attachment":[{"href":"https:\/\/instrid.sk\/en\/wp-json\/wp\/v2\/media?parent=7943"}],"wp:term":[{"taxonomy":"category","embeddable":true,"href":"https:\/\/instrid.sk\/en\/wp-json\/wp\/v2\/categories?post=7943"},{"taxonomy":"post_tag","embeddable":true,"href":"https:\/\/instrid.sk\/en\/wp-json\/wp\/v2\/tags?post=7943"}],"curies":[{"name":"wp","href":"https:\/\/api.w.org\/{rel}","templated":true}]}}