{"id":7946,"date":"2022-10-24T00:00:00","date_gmt":"2022-10-23T23:00:00","guid":{"rendered":"https:\/\/instrid.sk\/uncategorized\/joy-milne-citi-na-ludoch-pachy-chorob-teraz-pomaha-odbornikom\/"},"modified":"2022-10-24T00:00:00","modified_gmt":"2022-10-23T23:00:00","slug":"joy-milne-citi-na-ludoch-pachy-chorob-teraz-pomaha-odbornikom","status":"publish","type":"post","link":"https:\/\/instrid.sk\/en\/archiv\/joy-milne-citi-na-ludoch-pachy-chorob-teraz-pomaha-odbornikom\/","title":{"rendered":"Joy Milne c\u00edti na \u013eu\u010foch pachy chor\u00f4b, teraz pom\u00e1ha odborn\u00edkom"},"content":{"rendered":"<p style=\"font-weight: 400;text-align: center\">Zdrav\u00ed vo\u0148aj\u00fa inak ako chor\u00ed. Vedci zistili, \u017ee desiatky chor\u00f4b maj\u00fa zvl\u00e1\u0161tny z\u00e1pach. Napr\u00edklad cukrovka m\u00f4\u017ee sp\u00f4sobi\u0165, \u017ee v\u00e1\u0161 mo\u010d m\u00e1 \u0161pecifick\u00fd odor zhnit\u00fdch jab\u013ak.<\/p>\n<p>&nbsp;<\/p>\n<p style=\"font-weight: 400\">Sedemdesiatdvaro\u010dn\u00e1\u00a0Joy Milne poch\u00e1dza zo \u0160k\u00f3tska a trp\u00ed vz\u00e1cnym ochoren\u00edm. Vn\u00edma tak\u00e9 pachy, ktor\u00e9 be\u017en\u00fd \u010dlovek nikdy neuc\u00edti. T\u00e1to porucha sa vol\u00e1 \u2013 <strong>hyperosmia<\/strong>. Ide o\u00a0zv\u00fd\u0161en\u00fa citlivos\u0165 na \u201ev\u00f4ne\u201c. Pr\u00ed\u010dinou ochorenia m\u00f4\u017ee by\u0165 genetika, hormon\u00e1lne zmeny (tehotenstvo), autoimunitn\u00e9 ochorenia, ale aj migr\u00e9ny.<\/p>\n<blockquote><p>\u201eTam, kde in\u00ed pou\u017e\u00edvaj\u00fa zrak, ja pou\u017e\u00edvam svoj \u010duch.\u00a0Z dezinfek\u010dn\u00fdch prostriedkov mi je nevo\u013eno,\u201c povedala Joy Milne<\/p><\/blockquote>\n<p style=\"font-weight: 400\">Prv\u00fdkr\u00e1t sa o\u00a0svojom ochoren\u00ed dozvedela na z\u00e1kladnej \u0161kole. Po\u010das hodiny zac\u00edtila \u0161tip\u013eav\u00fd z\u00e1pach mo\u010doviny. Zodvihla ruku a\u00a0u\u010dite\u013eovi prezradila, \u017ee spolu\u017eiak, ktor\u00fd sed\u00ed dva rady za \u0148ou sa pomo\u010dil. O\u00a0incidente sa dozvedela aj jej star\u00e1 mama, t\u00e1 Joy vysvetlila, \u017ee <strong>zdedila \u201esuperschopnos\u0165\u201c<\/strong> (hypersomniu) &#8211; zv\u00fd\u0161en\u00fa genetick\u00fa predispoz\u00edciu na rozpozn\u00e1vanie pachov.<\/p>\n<div>\n<h2 class=\"dcr-18sg7f2\"><strong>Man\u017eelovu chorobu odhalila sk\u00f4r ako lek\u00e1ri<\/strong><\/h2>\n<\/div>\n<div>\n<p class=\"dcr-18sg7f2\">Joy poznala svojho man\u017eela od \u0161estn\u00e1stich rokov, obaja sa venovali zdravotn\u00edctvu. On ako konzultant anest\u00e9ziol\u00f3g a\u00a0ona ako zdravotn\u00e1 sestra. Po\u010das nemocni\u010dn\u00fdch slu\u017eieb c\u00edtila r\u00f4zne choroby na pacientoch. <strong>Nau\u010dila sa rozpozn\u00e1va\u0165 pach cukrovky<\/strong>, no vedela, \u017ee lek\u00e1ri by neakceptovali jej pred\u010dasn\u00e9 diagn\u00f3zy, a\u00a0tak sa o\u00a0svoj dar s\u00a0odborn\u00edkmi \u201enepodelila\u201c.<\/p>\n<div>\n<p class=\"dcr-18sg7f2\">V\u00a0roku 1982 Joy spozornela, ke\u010f zac\u00edtila zo svojho man\u017eela nov\u00fd<em> drevit\u00fd<\/em> pi\u017emov\u00fd pach. Neprikladala tomu ve\u013ek\u00fa v\u00e1hu, preto\u017ee si myslela, \u017ee nap\u00e1chol z\u00a0opera\u010dn\u00fdch s\u00e1l. Povedala mu v\u0161ak, aby sa viac sprchoval. <strong>\u010cast\u00e9 um\u00fdvanie z\u00e1pach neodstr\u00e1nilo<\/strong> a postupom \u010dasu bolo pi\u017emo intenz\u00edvnej\u0161ie.<\/p>\n<p class=\"dcr-18sg7f2\">O dvan\u00e1s\u0165 rokov nesk\u00f4r, v roku 1994, <strong>mu diagnostikovali Parkinsonovu chorobu &#8211;\u00a0<\/strong>v\u00a0nezvratnom \u0161t\u00e1diu. Za\u010dali nav\u0161tevova\u0165 miestnu podporn\u00fa skupinu Parkinson&#8217;s UK. V\u00a0momente, ke\u010f vo\u0161la do miestnosti zostala ne\u010dinne st\u00e1\u0165.<strong> V\u0161etci t\u00ed \u013eudia vo\u0148ali \u00faplne rovnako ako jej man\u017eel<\/strong>.<\/p>\n Joy z\u00e1pach spojila s chorobou a\u017e po tom, \u010do bola diagnostikovan\u00e1 jej man\u017eelovi Lesovi a stretli \u013eud\u00ed v podpornej skupine Parkinson&#8217;s UK, ktor\u00ed mali rovnak\u00fd charakteristick\u00fd z\u00e1pach. Les zomrel v j\u00fani 2015 ZDROJ: nationalgeographic\n<div>\n<h2 class=\"dcr-18sg7f2\"><strong>Absolvovala test tri\u010diek<\/strong><\/h2>\n<div>\n<p class=\"dcr-18sg7f2\">Parkinsonova choroba je zlo\u017eit\u00e1 na diagnostiku. K\u00fdm sa v\u00e4\u010d\u0161ina \u013eud\u00ed dozvie, tak je u\u017e neskoro. V s\u00fa\u010dasnosti \u013eudia musia \u010daka\u0165 mesiace alebo roky, k\u00fdm bud\u00fa diagnostikovan\u00ed. Neexistuje \u017eiadna lie\u010dba a \u017eiadny definit\u00edvny diagnostick\u00fd test, pri\u010dom lek\u00e1ri identifikuj\u00fa pacientov pozorovan\u00edm sympt\u00f3mov.\u00a0Joy sa o\u00a0svojom pozorovan\u00ed zmienila aj v\u00fdskumn\u00edkom Parkinsonovej choroby v\u00a0Edinburghu. T\u00ed v\u0161ak zhodnotili, \u017ee si pani Milne v\u0161imla zrejme charakteristick\u00fd <strong>z\u00e1pach star\u00fdch \u013eud\u00ed.<\/strong> \u010ealej sa jej \u201edarom\u201c nezaoberali.<\/p>\n<div>\n<p class=\"dcr-18sg7f2\">Nesk\u00f4r s\u00a0av\u0161ak s\u00a0Joy Milne skontaktoval v\u00fdskumn\u00edk doktor\u00a0Tilo Kunath, ktor\u00fd <strong>vymyslel<\/strong>\u00a0spolu s profesorkou Perditou Barran <strong>experiment zameran\u00fd na jej dar<\/strong> rozpozna\u0165 Parkinsonovu chorobu. Skupina \u013eud\u00ed, ktor\u00ed mali diagnostikovan\u00fa Parkinsonovu chorobu spolu s\u00a0druhou skupinou zdrav\u00fdch \u013eud\u00ed si mala vzia\u0165 domov tri\u010dk\u00e1 ur\u010denie na spanie. Nasleduj\u00faci de\u0148 boli tri\u010dk\u00e1m pridelen\u00e9 n\u00e1hodn\u00e9 \u010d\u00edsla. Milne ovo\u0148ala ka\u017ed\u00e9 jedno a ohodnotila ho.<\/p>\n<blockquote>\n<p class=\"dcr-18sg7f2\" style=\"text-align: center\">\u201eJoy Milne bola neuverite\u013ene presn\u00e1\u201c, zhodnotil Tilo Kunath<\/p>\n<\/blockquote>\n<div>\n<p class=\"dcr-18sg7f2\">Doktor Kunath povedal, \u017ee Joy nespr\u00e1vne identifikovala iba jeden odev. Malo \u00eds\u0165 o\u00a0mu\u017ea, ktor\u00fd bol pod\u013ea zdravotnej dokument\u00e1cie \u00faplne zdrav\u00fd, no o\u00a0dvan\u00e1s\u0165 mesiacov nesk\u00f4r aj jemu mali diagnostikova\u0165 Parkinsonov\u00fa chorobu.<\/p>\n<p>&nbsp;<\/p>\n<h2><strong>Teraz pom\u00e1ha odborn\u00edkom<\/strong><\/h2>\n<\/div>\n<p style=\"font-weight: 400\">Vedci sa domnievali, \u017ee nov\u00e9 pi\u017emo m\u00f4\u017ee by\u0165 sp\u00f4soben\u00e9 chemickou zmenou ko\u017en\u00e9ho mazu, ktor\u00e9ho pr\u00ed\u010dinou je Parkinsonova choroba. Potvrdenie tejto hypot\u00e9zy by mohlo vies\u0165 k vyvinutiu testu na detekciu choroby. Teda dalo by sa ju identifikova\u0165 pomocou jednoduch\u00fdch ko\u017en\u00fdch tamp\u00f3nov.<\/p>\n<p>Teraz t\u00edm z univerzity v Manchestri v spolupr\u00e1ci s Joy vyvinul <strong>jednoduch\u00fd ko\u017en\u00fd test<\/strong>, o ktorom tvrdia, \u017ee je v laborat\u00f3rnych podmienkach <strong>95% presn\u00fd,<\/strong> pokia\u013e ide o zistenie, \u010di \u013eudia maj\u00fa Parkinsonovu chorobu.<\/p>\n<p style=\"font-weight: 400\">Profesorka Perdita Barran, ktor\u00e1 viedla v\u00fdskum a\u00a0experiment, vyhl\u00e1sila, \u017ee v s\u00fa\u010dasnosti neexistuje \u017eiaden chemick\u00fd test na Parkinsonovu chorobu a na \u010dakac\u00edch zoznamoch na neurologick\u00fa konzult\u00e1ciu je mnoho tis\u00edc \u013eud\u00ed. Hoci test vyvinuli, tak a\u017e o dva roky bud\u00fa m\u00f4c\u0165 za\u010da\u0165 testova\u0165 \u013eud\u00ed z\u00a0oblasti Manchestera. Napriek tomu sa z v\u00fdsledkov te\u0161\u00ed.<\/p>\n<p>V s\u00fa\u010dasnosti s Joy spolupracuj\u00fa v\u00fdskumn\u00edci z cel\u00e9ho sveta. T\u00ed zistili, \u017ee dok\u00e1\u017ee identifikova\u0165 nieko\u013eko druhov chor\u00f4b \u2013 <strong>tuberkul\u00f3zu, Alzheimerovu chorobu, rakovinu a cukrovku.<\/strong><\/p>\n<\/div>\n<div>\n<p>&nbsp;<\/p>\n<\/div>\n<\/div>\n<\/div>\n<\/div>\n<\/div>","protected":false},"excerpt":{"rendered":"<p>Zdrav\u00ed vo\u0148aj\u00fa inak ako chor\u00ed. Vedci zistili, \u017ee desiatky chor\u00f4b maj\u00fa zvl\u00e1\u0161tny z\u00e1pach. Napr\u00edklad cukrovka m\u00f4\u017ee sp\u00f4sobi\u0165, \u017ee v\u00e1\u0161 mo\u010d m\u00e1 \u0161pecifick\u00fd odor zhnit\u00fdch jab\u013ak.<\/p>","protected":false},"author":1,"featured_media":0,"comment_status":"closed","ping_status":"closed","sticky":false,"template":"","format":"standard","meta":{"footnotes":""},"categories":[51],"tags":[],"class_list":["post-7946","post","type-post","status-publish","format-standard","hentry","category-archiv","two-columns"],"_links":{"self":[{"href":"https:\/\/instrid.sk\/en\/wp-json\/wp\/v2\/posts\/7946","targetHints":{"allow":["GET"]}}],"collection":[{"href":"https:\/\/instrid.sk\/en\/wp-json\/wp\/v2\/posts"}],"about":[{"href":"https:\/\/instrid.sk\/en\/wp-json\/wp\/v2\/types\/post"}],"author":[{"embeddable":true,"href":"https:\/\/instrid.sk\/en\/wp-json\/wp\/v2\/users\/1"}],"replies":[{"embeddable":true,"href":"https:\/\/instrid.sk\/en\/wp-json\/wp\/v2\/comments?post=7946"}],"version-history":[{"count":0,"href":"https:\/\/instrid.sk\/en\/wp-json\/wp\/v2\/posts\/7946\/revisions"}],"wp:attachment":[{"href":"https:\/\/instrid.sk\/en\/wp-json\/wp\/v2\/media?parent=7946"}],"wp:term":[{"taxonomy":"category","embeddable":true,"href":"https:\/\/instrid.sk\/en\/wp-json\/wp\/v2\/categories?post=7946"},{"taxonomy":"post_tag","embeddable":true,"href":"https:\/\/instrid.sk\/en\/wp-json\/wp\/v2\/tags?post=7946"}],"curies":[{"name":"wp","href":"https:\/\/api.w.org\/{rel}","templated":true}]}}