{"id":7965,"date":"2022-10-31T00:00:00","date_gmt":"2022-10-30T23:00:00","guid":{"rendered":"https:\/\/instrid.sk\/uncategorized\/oprava-namiesto-vymeny-za-nove-allianz-podporuje-zelene-opravy-vozidiel\/"},"modified":"2022-10-31T00:00:00","modified_gmt":"2022-10-30T23:00:00","slug":"oprava-namiesto-vymeny-za-nove-allianz-podporuje-zelene-opravy-vozidiel","status":"publish","type":"post","link":"https:\/\/instrid.sk\/en\/archiv\/oprava-namiesto-vymeny-za-nove-allianz-podporuje-zelene-opravy-vozidiel\/","title":{"rendered":"Oprava namiesto v\u00fdmeny za nov\u00e9: Allianz podporuje zelen\u00e9 opravy vozidiel"},"content":{"rendered":"<ul>\n<li><strong>Zv\u00fd\u0161enie miery ekologick\u00fdch opr\u00e1v o 2 percentu\u00e1lne body m\u00f4\u017ee u\u017e za rok zn\u00ed\u017ei\u0165 emisie oxidu uhli\u010dit\u00e9ho v Eur\u00f3pe o 30-tis\u00edc ton.<\/strong><\/li>\n<li><strong>Allianz po\u017eaduje \u0161tandardy udr\u017eate\u013enosti pre autoservisy.<\/strong><\/li>\n<li><strong>Za\u010diatkom bud\u00faceho roka spust\u00ed Allianz v Nemecku celoeur\u00f3psku platformu s inform\u00e1ciami, produktmi a slu\u017ebami s\u00favisiacimi s elektromobilitou.<\/strong><\/li>\n<\/ul>\n<p>&nbsp;<\/p>\n<div class=\"wrapper container\">\n<div class=\"l-grid__column-medium-8 offset-medium-1\">\n<div class=\"l-container l-container--full-width  t-bg-\">\n<div class=\"l-grid l-grid--max-width\">\n<div class=\"c-wrapper\">\n<div class=\"text\">\n<div class=\"l-grid__column-medium-10 offset-medium-2\">\n<div class=\"c-copy     u-text-hyphen-auto\">\n<p><b>Ako m\u00f4\u017ee by\u0165 poistenie \u00e1ut udr\u017eate\u013en\u00e9?<\/b>\u00a0To bolo t\u00e9mou\u00a0<b>10. ro\u010dn\u00edka Allianz Motor Day<\/b>, ktor\u00fd h\u013eadal odpovede na propagovanie elektromobility ako k\u013e\u00fa\u010da k dekarboniz\u00e1cii na strane produktov a\u00a0slu\u017eieb, \u010di mo\u017enosti zn\u00ed\u017eenia emisi\u00ed oxidu uhli\u010dit\u00e9ho prostredn\u00edctvom udr\u017eate\u013en\u00e9ho mana\u017ementu poistn\u00fdch udalost\u00ed.<\/p>\n<h3>\n<b>Oprava namiesto v\u00fdmeny za nov\u00e9 diely<\/b><\/h3>\n<p>N\u00e1vrh Allianz je jasn\u00fd:\u00a0<i>\u201eUdr\u017eate\u013en\u00fd mana\u017ement poistn\u00fdch udalost\u00ed m\u00f4\u017ee v\u00fdrazne zn\u00ed\u017ei\u0165 emisie CO<sub>2<\/sub>. V tejto s\u00favislosti je najd\u00f4le\u017eitej\u0161ie vozidl\u00e1 vhodne opravova\u0165 namiesto pou\u017e\u00edvania nov\u00fdch dielov,\u201c<\/i>\u00a0hovor\u00ed Klaus-Peter Roehler, \u010dlen predstavenstva skupiny Allianz. V\u00e4\u010d\u0161ina \u0161k\u00f4d sp\u00f4soben\u00fdch zr\u00e1\u017ekami motorov\u00fdch vozidiel s\u00fa mal\u00e9 a stredne ve\u013ek\u00e9 po\u0161kodenia, najm\u00e4 na vonkaj\u0161\u00edch \u010dastiach vozidla. Pre ne existuj\u00fa zelen\u00e9 mo\u017enosti opravy.<\/p>\n<p>V\u00fdroba nov\u00e9ho dielu m\u00e1 toti\u017e v\u00fdrazne vy\u0161\u0161iu CO<i><sub>2<\/sub><\/i>\u00a0stopu ako oprava.\u00a0<i>\u201eHoci sa tieto mo\u017enosti opr\u00e1v vyu\u017e\u00edvaj\u00fa u\u017e dnes, st\u00e1le je tu ve\u013ek\u00fd potenci\u00e1l na zlep\u0161enie. Ak pois\u0165ovne zv\u00fd\u0161ia sadzby opr\u00e1v v Eur\u00f3pe len o dva percentu\u00e1lne body ro\u010dne, pod\u013ea na\u0161ich expertov to ro\u010dne zn\u00ed\u017ei takmer 30-tis\u00edc ton emisi\u00ed CO<sub>2<\/sub>, \u010do zodpoved\u00e1 ro\u010dnej spotrebe energie pribli\u017ene 5 100 dom\u00e1cnost\u00ed,\u201c<\/i>\u00a0vysvet\u013euje Roehler.<\/p>\n Z\u00e1ber z konferencie Allianz Motor Day 2022\n<h3><b>Elektromobily pre masy<\/b><\/h3>\n<p>\u010eal\u0161ou p\u00e1kou pre udr\u017eate\u013enej\u0161ie riadenie poistn\u00fdch udalost\u00ed je \u0161tandardizovan\u00e1 certifik\u00e1cia autoopravovn\u00ed na eur\u00f3pskych trhoch pod\u013ea krit\u00e9ri\u00ed udr\u017eate\u013enosti. Eur\u00f3pa by sa pod\u013ea klimatick\u00e9ho z\u00e1kona E\u00da mala do roku 2050 sta\u0165 klimaticky neutr\u00e1lnou a do roku 2030 by malo d\u00f4js\u0165 k zn\u00ed\u017eeniu emisi\u00ed sklen\u00edkov\u00fdch plynov aspo\u0148 o 55 percent v porovnan\u00ed s \u00farov\u0148ami z roku 1990.<\/p>\n<p><i>\u201eJedna vec je jasn\u00e1 &#8211; bez udr\u017eate\u013enej mobility a d\u00f4sledn\u00e9ho roz\u0161irovania elektrickej mobility nie je mo\u017en\u00e9 dosiahnu\u0165 ambici\u00f3zne ciele E\u00da. Aby bola elektrick\u00e1 mobilita vhodn\u00e1 pre \u0161irok\u00e9 masy, v\u0161etci \u00fa\u010dastn\u00edci trhu musia vytv\u00e1ra\u0165 rie\u0161enia, ktor\u00e9 bud\u00fa priate\u013esk\u00e9 k z\u00e1kazn\u00edkom ako r\u00fdchlej\u0161ie roz\u0161irovanie nab\u00edjacej infra\u0161trukt\u00fary, konkurencieschopn\u00e9 ceny a u\u017eito\u010dn\u00e9 slu\u017eby s\u00favisiace s elektromobilmi,\u201d\u00a0<\/i>dod\u00e1va Roehler.<\/p>\n<p>&nbsp;<\/p>\n<h3><b>Platforma pre elektromobily<\/b><\/h3>\n<p>Allianz spolupracuje s uzn\u00e1van\u00fdmi odborn\u00edkmi a zna\u010dkami na vytvoren\u00ed \u0161peci\u00e1lnej\u00a0<b>digit\u00e1lnej platformy pre elektrick\u00e9 vozidl\u00e1<\/b>.<\/p>\n<p>Platforma poskytne inform\u00e1cie o pokryt\u00ed nab\u00edjac\u00edch stan\u00edc, slu\u017eb\u00e1ch kontroly bat\u00e9ri\u00ed pred k\u00fapou alebo predajom ojazden\u00e9ho elektromobilu, in\u0161tal\u00e1cie s kontrolou na mieste \u010di nab\u00edjac\u00edch kart\u00e1ch za v\u00fdhodn\u00fdch podmienok. Zah\u0155\u0148a aj vhodn\u00e9 poistn\u00e9 produkty pre elektromobily.<\/p>\n<p>Prv\u00fa platformu spustia za\u010diatkom roka 2023 v Nemecku a v priebehu bud\u00faceho roka na \u010fal\u0161\u00edch trhoch.<\/p>\n<p><i>\u201ePomocou tejto platformy chce Allianz pom\u00f4c\u0165 z\u00e1kazn\u00edkom rozhodn\u00fa\u0165 sa v prospech udr\u017eate\u013enej mobility t\u00fdm, \u017ee im pon\u00fakne \u0161irok\u00fa \u0161k\u00e1lu inform\u00e1ci\u00ed, produktov a slu\u017eieb s\u00favisiacich s elektromobilitou na jednom mieste,\u201c<\/i>\u00a0dod\u00e1va Roehler.<\/p>\n<\/div>\n<h3>Poistenie pre elektrick\u00e9 vozidl\u00e1<\/h3>\n<p>Aktu\u00e1lny finan\u010dn\u00fd trh u\u017e stihol reagova\u0165 na rast\u00faci po\u010det elektrick\u00fdch vozidiel na na\u0161ich cest\u00e1ch. Pois\u0165ov\u0148a Allianz napr\u00edklad spustila aj samostatn\u00fa podstr\u00e1nku na svojom webe, na ktorom objas\u0148uje v\u00fdhody tak\u00e9hoto poistenia, napr\u00edklad:<\/p>\n<ul>\n<li><strong>Pomoc na ceste<\/strong>: Ak sa v\u00e1m vybije vysokonap\u00e4\u0165ov\u00e1 bat\u00e9ria, odtiahneme v\u00e1s k najbli\u017e\u0161ej nab\u00edjacej stanici, aby ste si ju mohli dobi\u0165 a pokra\u010dova\u0165 v ceste. Ak sa s autom stane nie\u010do in\u00e9, vyu\u017eite na\u0161u asistenciu a my v\u00e1s odtiahneme. Nebude to ma\u0165 vplyv na v\u00fd\u0161ku v\u00e1\u0161ho \u010fal\u0161ieho poistn\u00e9ho.<\/li>\n<li><strong>Poistenie nab\u00edjacej v\u00fdbavy auta:<\/strong> Va\u0161e nab\u00edjacie k\u00e1ble, nab\u00edja\u010dky (wallbox), adapt\u00e9ry a \u010fal\u0161ie zariadenia m\u00f4\u017eete ma\u0165 poisten\u00edm kryt\u00e9 aj v pr\u00edpade hav\u00e1rie, po\u017eiaru alebo kr\u00e1de\u017ee.<\/li>\n<li><strong>Poistenie vysokonap\u00e4tovej bat\u00e9rie<\/strong>: Vieme, \u017ee vysokonap\u00e4\u0165ov\u00e1 bat\u00e9ria m\u00f4\u017ee by\u0165 jednou z najdrah\u0161\u00edch \u010dast\u00ed v\u00e1\u0161ho elektroauta. Na\u0161e poistenie ju m\u00f4\u017ee chr\u00e1ni\u0165 v pr\u00edpade hav\u00e1rie, po\u017eiaru alebo kr\u00e1de\u017ee. A to aj vtedy, ke\u010f si ju prenaj\u00edmate oddelene od auta.<\/li>\n<\/ul>\n<p>Ak teda zva\u017eujete n\u00e1kup elektrick\u00e9ho vozidla, venujte predt\u00fdm pozornos\u0165 aj jeho poisteniam &#8211; spr\u00e1vnym v\u00fdberom m\u00f4\u017eete z\u00edska\u0165 d\u00f4le\u017eit\u00e9 v\u00fdhody.<\/p>\n<p>&nbsp;<\/p>\n<\/div>\n<\/div>\n<\/div>\n<\/div>\n<\/div>\n<\/div>\n<\/div>\n<div class=\"experiencefragment\">\n<div class=\"aem-Grid aem-Grid--12 aem-Grid--default--12\">\n<div class=\"author-details aem-GridColumn aem-GridColumn--default--12\">\n<div class=\"l-grid__column-12 l-grid__column-medium-8\" style=\"text-align: right;\">Zdroje: tla\u010dov\u00e1 spr\u00e1va Allianz, Poistenie elektrick\u00fdch vozidiel<\/div>\n<\/div>\n<\/div>\n<\/div>\n<p>&nbsp;<\/p>","protected":false},"excerpt":{"rendered":"<p>Zv\u00fd\u0161enie miery ekologick\u00fdch opr\u00e1v o 2 percentu\u00e1lne body m\u00f4\u017ee u\u017e za rok zn\u00ed\u017ei\u0165 emisie oxidu uhli\u010dit\u00e9ho v Eur\u00f3pe o 30-tis\u00edc ton. Allianz po\u017eaduje \u0161tandardy udr\u017eate\u013enosti<\/p>","protected":false},"author":1,"featured_media":0,"comment_status":"closed","ping_status":"closed","sticky":false,"template":"","format":"standard","meta":{"footnotes":""},"categories":[51],"tags":[],"class_list":["post-7965","post","type-post","status-publish","format-standard","hentry","category-archiv","two-columns"],"_links":{"self":[{"href":"https:\/\/instrid.sk\/en\/wp-json\/wp\/v2\/posts\/7965","targetHints":{"allow":["GET"]}}],"collection":[{"href":"https:\/\/instrid.sk\/en\/wp-json\/wp\/v2\/posts"}],"about":[{"href":"https:\/\/instrid.sk\/en\/wp-json\/wp\/v2\/types\/post"}],"author":[{"embeddable":true,"href":"https:\/\/instrid.sk\/en\/wp-json\/wp\/v2\/users\/1"}],"replies":[{"embeddable":true,"href":"https:\/\/instrid.sk\/en\/wp-json\/wp\/v2\/comments?post=7965"}],"version-history":[{"count":0,"href":"https:\/\/instrid.sk\/en\/wp-json\/wp\/v2\/posts\/7965\/revisions"}],"wp:attachment":[{"href":"https:\/\/instrid.sk\/en\/wp-json\/wp\/v2\/media?parent=7965"}],"wp:term":[{"taxonomy":"category","embeddable":true,"href":"https:\/\/instrid.sk\/en\/wp-json\/wp\/v2\/categories?post=7965"},{"taxonomy":"post_tag","embeddable":true,"href":"https:\/\/instrid.sk\/en\/wp-json\/wp\/v2\/tags?post=7965"}],"curies":[{"name":"wp","href":"https:\/\/api.w.org\/{rel}","templated":true}]}}