{"id":7988,"date":"2022-11-17T00:00:00","date_gmt":"2022-11-16T23:00:00","guid":{"rendered":"https:\/\/instrid.sk\/uncategorized\/skore-priznaky-parkinsonovej-choroby-otestujte-sa-a-podchytte-to-vcas\/"},"modified":"2022-11-17T00:00:00","modified_gmt":"2022-11-16T23:00:00","slug":"skore-priznaky-parkinsonovej-choroby-otestujte-sa-a-podchytte-to-vcas","status":"publish","type":"post","link":"https:\/\/instrid.sk\/en\/archiv\/skore-priznaky-parkinsonovej-choroby-otestujte-sa-a-podchytte-to-vcas\/","title":{"rendered":"Skor\u00e9 pr\u00edznaky Parkinsonovej choroby: OTESTUJTE SA a podchy\u0165te to v\u010das!"},"content":{"rendered":"<p>Parkinsonova choroba je porucha, ktor\u00e1 <strong>postihuje nervov\u00fd syst\u00e9m a \u010dasti tela ovl\u00e1dan\u00e9 nervami<\/strong>.<\/p>\n<p>Sp\u00f4sobuje ne\u00famyseln\u00e9 alebo nekontrolovate\u013en\u00e9 pohyby, ako je trasenie, stuhnutos\u0165 a \u0165a\u017ekosti s rovnov\u00e1hou a koordin\u00e1ciou.<\/p>\n<p><strong>Sympt\u00f3my zvy\u010dajne za\u010d\u00ednaj\u00fa pomaly<\/strong> a \u010dasom sa zhor\u0161uj\u00fa. Prv\u00fdm pr\u00edznakom m\u00f4\u017ee by\u0165 sotva znate\u013en\u00e9 chvenie jednej ruky.<\/p>\n<p>Ako choroba<strong> postupuje, \u013eudia m\u00f4\u017eu ma\u0165 probl\u00e9my s ch\u00f4dzou a rozpr\u00e1van\u00edm<\/strong>. M\u00f4\u017eu ma\u0165 tie\u017e <strong>du\u0161evn\u00e9 zmeny a zmeny spr\u00e1vania, probl\u00e9my so sp\u00e1nkom, depresiu, probl\u00e9my s pam\u00e4\u0165ou<\/strong> a \u00fanavu.<\/p>\n<p>Hoci Parkinsonovu chorobu<strong> nemo\u017eno vylie\u010di\u0165, lieky m\u00f4\u017eu v\u00fdrazne zlep\u0161i\u0165 pr\u00edznaky<\/strong>. Pr\u00edle\u017eitostne m\u00f4\u017ee poskytovate\u013e zdravotnej starostlivosti navrhn\u00fa\u0165<strong> oper\u00e1ciu na regul\u00e1ciu ur\u010dit\u00fdch oblast\u00ed mozgu, a zlep\u0161enie<\/strong> pr\u00edznakov.<\/p>\n<p>V\u00e4\u010d\u0161ina \u013eud\u00ed s Parkinsonovou chorobou prv\u00fdkr\u00e1t spozoruje t\u00fato chorobu po 60. roku \u017eivota, asi u 5 % a\u017e 10 % sa prejav\u00ed pred dosiahnut\u00edm veku 50 rokov. <strong>Skor\u00e9 formy Parkinsonovej choroby s\u00fa \u010dasto, ale nie v\u017edy, dedi\u010dn\u00e9,<\/strong> a niektor\u00e9 formy boli spojen\u00e9 so \u0161pecifick\u00fdmi g\u00e9nov\u00fdmi mut\u00e1ciami.<\/p>\n<p>&nbsp;<\/p>\n 5 \u0161t\u00e1di\u00ed Parkinsonovej choroby. Zdoj: thegoldenconcepts.com\n<p>&nbsp;<\/p>\n<h3>Skor\u00e9 pr\u00edznaky Parkinsonovej choroby<\/h3>\n<p>&nbsp;<\/p>\n<h3>#1, Chvenie a trasenie<\/h3>\n<p>V\u0161imli ste si jemn\u00e9 chvenie alebo tras na prste, palci, ruke alebo brade?<\/p>\n<p><strong>Tremor (tras) v pokoji, je be\u017en\u00fdm skor\u00fdm pr\u00edznakom<\/strong> Parkinsonovej choroby.<\/p>\n<p><strong>\u010co je norm\u00e1lne?<\/strong><\/p>\n<p>Trasenie m\u00f4\u017ee by\u0165 norm\u00e1lne po <strong>n\u00e1ro\u010dnom cvi\u010den\u00ed, ak ste v strese, alebo ak ste sa zranili<\/strong>.<\/p>\n<p>Trasenie m\u00f4\u017ee sp\u00f4sobi\u0165 napr\u00edklad aj liek, ktor\u00fd u\u017e\u00edvate.<br \/>\n&nbsp;<\/p>\n<h3>#2, Strata \u010duchu<\/h3>\n<p>V\u0161imli ste si, \u017ee <strong>niektor\u00e9 jedl\u00e1 u\u017e nec\u00edtite ve\u013emi dobre? <\/strong><\/p>\n<p>Ak sa v\u00e1m zd\u00e1, \u017ee m\u00e1te<strong> probl\u00e9my s v\u00f4\u0148ou viacer\u00fdch potrav\u00edn, ako s\u00fa napr\u00edklad ban\u00e1ny alebo k\u00f4por<\/strong>, mali by ste o tom informova\u0165 svojho lek\u00e1ra, a op\u00fdta\u0165 sa na mo\u017en\u00fd s\u00favis s Parkinsonovou chorobou.<\/p>\n<p><strong>\u010co je norm\u00e1lne?<\/strong><\/p>\n<p>V\u00e1\u0161 \u010duch m\u00f4\u017ee zmeni\u0165<strong> n\u00e1dcha, chr\u00edpka \u010di upchat\u00fd nos, no mal by sa vr\u00e1ti\u0165<\/strong>, ke\u010f v\u00e1m bude lep\u0161ie.<\/p>\n<p>&nbsp;<\/p>\n<h3>#3, Skl\u00e1\u0148anie alebo hrbenie sa<\/h3>\n<p>Nestoj\u00edte tak <strong>rovno ako predt\u00fdm? <\/strong><\/p>\n<p>Ak si vy alebo va\u0161i bl\u00edzki v\u0161imnete, \u017ee sa <strong>skl\u00e1\u0148ate, nakl\u00e1\u0148ate alebo hrb\u00edte, ke\u010f stoj\u00edte<\/strong>, m\u00f4\u017ee to by\u0165 pr\u00edznak Parkinsonovej choroby.<\/p>\n<p><strong>\u010co je norm\u00e1lne?<\/strong><\/p>\n<p>Ak m\u00e1te bolesti zo zranenia alebo ak ste chor\u00fd, m\u00f4\u017ee to sp\u00f4sobi\u0165, \u017ee budete st\u00e1\u0165 krivo. Tie\u017e za t\u00fdm m\u00f4\u017ee by\u0165 <strong>probl\u00e9m s kos\u0165ami, \u010di k\u013abami<\/strong>.<\/p>\n<p>&nbsp;<\/p>\n<h3><\/h3>\n<h3>#4, Probl\u00e9my so sp\u00e1nkom<\/h3>\n<p><strong>Hm\u00fdrite sa v posteli<\/strong> alebo sa v\u00e1m sn\u00edvaj\u00fa zvl\u00e1\u0161tne sny, ke\u010f hlboko sp\u00edte?<\/p>\n<p>N\u00e1hle pohyby po\u010das sp\u00e1nku m\u00f4\u017eu by\u0165 pr\u00edznakom Parkinsonovej choroby.<\/p>\n<p><strong>\u010co je norm\u00e1lne?<\/strong><\/p>\n<p>Pre ka\u017ed\u00e9ho je norm\u00e1lne, \u017ee m\u00e1 noc, ke\u010f sa namiesto sp\u00e1nku \u201eprehadzuje\u201c. Podobne je be\u017en\u00e9 a \u010dasto norm\u00e1lne, r\u00fdchle trhnutie tela pri zasp\u00e1van\u00ed alebo pri \u013eah\u0161om sp\u00e1nku.<\/p>\n<h3><\/h3>\n Pr\u00edklad sympt\u00f3mov Parkinsonovej choroby. Zdroj: ayushmanhhs.in\n<p>&nbsp;<\/p>\n<h3>#5, Probl\u00e9my s pohybom alebo ch\u00f4dzou<\/h3>\n<p>C\u00edtite <strong>stuhnutos\u0165 tela, r\u00fak alebo n\u00f4h? <\/strong><\/p>\n<p>V\u0161imli si in\u00ed, \u017ee va\u0161e ruky sa pri ch\u00f4dzi nek\u00fdvaj\u00fa ako kedysi? Niekedy zmizne stuhnutos\u0165 pri pohybe.<\/p>\n<p>Ak sa tak nestane, m\u00f4\u017ee to by\u0165 pr\u00edznakom Parkinsonovej choroby. Prv\u00fdm pr\u00edznakom m\u00f4\u017ee by\u0165<strong> stuhnutos\u0165 alebo boles\u0165 v ramene, alebo bedr\u00e1ch<\/strong>.<\/p>\n<p>\u013dudia s Parkinsonom niekedy hovoria, \u017ee ich <strong>nohy sa zdaj\u00fa by\u0165 \u201eprilepen\u00e9 k podlahe\u201c<\/strong>.<\/p>\n<p><strong>\u010co je norm\u00e1lne?<\/strong><\/p>\n<p>Ak ste si zranili ruku alebo rameno, je pravdepodobn\u00e9, \u017ee jeho pohyblivos\u0165, k\u00fdm sa nezahoj\u00ed, bude odli\u0161n\u00e1.\u00a0Taktie\u017e aj in\u00e1 choroba, ako je napr\u00edklad<strong> artrit\u00edda, m\u00f4\u017ee sp\u00f4sobi\u0165 rovnak\u00e9 pr\u00edznaky<\/strong>.<\/p>\n<p>&nbsp;<\/p>\n<h3>#6, Z\u00e1pcha<\/h3>\n<p>M\u00e1te probl\u00e9my s pohybom \u010driev?<\/p>\n<p><strong>Nam\u00e1hanie na pohyb \u010driev m\u00f4\u017ee by\u0165 skor\u00fdm pr\u00edznakom<\/strong> Parkinsonovej choroby, a ak ste tento jav spozorovali (v kombin\u00e1ci\u00ed s \u010fal\u0161\u00edmi prejavmi Parkinsonovej choroby), \u00a0mali by ste sa porozpr\u00e1va\u0165 so svoj\u00edm lek\u00e1rom.<\/p>\n<p><strong>\u010co je norm\u00e1lne?<\/strong><\/p>\n<p>Ak nem\u00e1te v strave dostatok vody alebo vl\u00e1kniny, m\u00f4\u017ee to sp\u00f4sobi\u0165 probl\u00e9my s tr\u00e1ven\u00edm. Tie\u017e niektor\u00e9 <strong>lieky, najm\u00e4 tie, ktor\u00e9 sa pou\u017e\u00edvaj\u00fa na boles\u0165<\/strong>, sp\u00f4sobuj\u00fa z\u00e1pchu.<\/p>\n<p>Ak neexistuje \u017eiadny in\u00fd d\u00f4vod, ako napr\u00edklad di\u00e9ta alebo liek, ktor\u00fd by v\u00e1m mohol sp\u00f4sobi\u0165 probl\u00e9my s pohybom \u010driev, mali by ste sa porozpr\u00e1va\u0165 so svoj\u00edm lek\u00e1rom.<\/p>\n<p>&nbsp;<\/p>\n<h3>#7, Zmenen\u00fd hlas<\/h3>\n<p>Povedali v\u00e1m in\u00ed \u013eudia, \u017ee m\u00e1te ve\u013emi<strong> jemn\u00fd hlas, alebo \u017ee zniete zad\u00fdchane a\/alebo chrap\u013eavo? <\/strong><\/p>\n<p>Niekedy si m\u00f4\u017eete<strong> myslie\u0165, \u017ee in\u00ed \u013eudia str\u00e1caj\u00fa sluch,<\/strong> pri\u010dom vy v skuto\u010dnosti naozaj hovor\u00edte tich\u0161ie.<\/p>\n<p><strong>\u010co je norm\u00e1lne?<\/strong><\/p>\n<p>Prechladnutie hrudn\u00edka alebo v\u00edrus m\u00f4\u017ee sp\u00f4sobi\u0165, \u017ee v\u00e1\u0161 hlas bude znie\u0165 inak, no po odoznen\u00ed choroby, by sa V\u00e1\u0161 hlas mal vr\u00e1ti\u0165 do norm\u00e1lu.<\/p>\n<p>&nbsp;<\/p>\n<h3>#8, Zmena v\u00fdrazu tv\u00e1re<\/h3>\n<p>Povedali v\u00e1m, \u017ee m\u00e1te na tv\u00e1ri <strong>v\u00e1\u017eny, depres\u00edvny alebo \u0161ialen\u00fd v\u00fdraz, aj ke\u010f nem\u00e1te zl\u00fa n\u00e1ladu?<\/strong><\/p>\n<p>Toto sa <strong>\u010dasto naz\u00fdva maskovanie tv\u00e1re<\/strong>.<\/p>\n<p><strong>\u010co je norm\u00e1lne?<\/strong><\/p>\n<p>Niektor\u00e9 lieky m\u00f4\u017eu sp\u00f4sobi\u0165, \u017ee budete ma\u0165 rovnak\u00fd typ v\u00e1\u017eneho alebo upren\u00e9ho poh\u013eadu, no po vysaden\u00ed liekov, by sa to malo vr\u00e1ti\u0165 do norm\u00e1lu.<\/p>\n<p>&nbsp;<\/p>\n<h3><\/h3>\n<h3>#9, Mal\u00fd rukopis<\/h3>\n<p>Zmen\u0161il sa v\u00e1\u0161 rukopis oproti tomu, ak\u00fd b\u00fdval v minulosti?<\/p>\n<p>M\u00f4\u017eete si v\u0161imn\u00fa\u0165, \u017ee sp\u00f4sob, ak\u00fdm p\u00ed\u0161ete slov\u00e1 na str\u00e1nku, sa zmenil, napr\u00edklad<strong> ve\u013ekos\u0165 p\u00edsmen je men\u0161ia a slov\u00e1 s\u00fa nahusten\u00e9<\/strong>.<\/p>\n<p><strong>\u010co je norm\u00e1lne?<\/strong><\/p>\n<p>P\u00edsanie sa niekedy m\u00f4\u017ee zmeni\u0165, ke\u010f <strong>starnete, ak m\u00e1te stuhnut\u00e9 ruky alebo prsty, alebo slab\u00fd zrak<\/strong>.<\/p>\n<p>&nbsp;<\/p>\n<h3>#10, Z\u00e1vraty alebo mdloby<\/h3>\n<p>V\u0161imli ste si, \u017ee sa v\u00e1m <strong>\u010dasto to\u010d\u00ed hlava, ke\u010f vstanete zo stoli\u010dky? <\/strong><\/p>\n<p>Pocit z\u00e1vratu alebo mdloby, m\u00f4\u017eu by\u0165 pr\u00edznakom n\u00edzkeho krvn\u00e9ho tlaku, a m\u00f4\u017eu s\u00favisie\u0165 s Parkinsonovou chorobou.<\/p>\n<p><strong>\u010co je norm\u00e1lne?<\/strong><\/p>\n<p>Ka\u017ed\u00fd niekedy vstal a c\u00edtil z\u00e1vraty, ale ak sa to st\u00e1va pravidelne, m\u00f4\u017ee to by\u0165 prejav Parkinsonovej choroby.<\/p>\n<p>&nbsp;<\/p>\n<h3>Pokia\u013e ste spozorovali niektor\u00e9 z uveden\u00fdch pr\u00edznakov, mali by ste nav\u0161t\u00edvi\u0165 svojho lek\u00e1ra a poradi\u0165 sa s n\u00edm.<\/h3>","protected":false},"excerpt":{"rendered":"<p>Parkinsonova choroba je porucha, ktor\u00e1 postihuje nervov\u00fd syst\u00e9m a \u010dasti tela ovl\u00e1dan\u00e9 nervami. Sp\u00f4sobuje ne\u00famyseln\u00e9 alebo nekontrolovate\u013en\u00e9 pohyby, ako je trasenie, stuhnutos\u0165 a \u0165a\u017ekosti s<\/p>","protected":false},"author":1,"featured_media":0,"comment_status":"closed","ping_status":"closed","sticky":false,"template":"","format":"standard","meta":{"footnotes":""},"categories":[51],"tags":[],"class_list":["post-7988","post","type-post","status-publish","format-standard","hentry","category-archiv","two-columns"],"_links":{"self":[{"href":"https:\/\/instrid.sk\/en\/wp-json\/wp\/v2\/posts\/7988","targetHints":{"allow":["GET"]}}],"collection":[{"href":"https:\/\/instrid.sk\/en\/wp-json\/wp\/v2\/posts"}],"about":[{"href":"https:\/\/instrid.sk\/en\/wp-json\/wp\/v2\/types\/post"}],"author":[{"embeddable":true,"href":"https:\/\/instrid.sk\/en\/wp-json\/wp\/v2\/users\/1"}],"replies":[{"embeddable":true,"href":"https:\/\/instrid.sk\/en\/wp-json\/wp\/v2\/comments?post=7988"}],"version-history":[{"count":0,"href":"https:\/\/instrid.sk\/en\/wp-json\/wp\/v2\/posts\/7988\/revisions"}],"wp:attachment":[{"href":"https:\/\/instrid.sk\/en\/wp-json\/wp\/v2\/media?parent=7988"}],"wp:term":[{"taxonomy":"category","embeddable":true,"href":"https:\/\/instrid.sk\/en\/wp-json\/wp\/v2\/categories?post=7988"},{"taxonomy":"post_tag","embeddable":true,"href":"https:\/\/instrid.sk\/en\/wp-json\/wp\/v2\/tags?post=7988"}],"curies":[{"name":"wp","href":"https:\/\/api.w.org\/{rel}","templated":true}]}}