{"id":8020,"date":"2022-11-29T00:00:00","date_gmt":"2022-11-28T23:00:00","guid":{"rendered":"https:\/\/instrid.sk\/uncategorized\/co-je-eklekticky-styl-a-ako-s-nim-pracovat\/"},"modified":"2022-11-29T00:00:00","modified_gmt":"2022-11-28T23:00:00","slug":"co-je-eklekticky-styl-a-ako-s-nim-pracovat","status":"publish","type":"post","link":"https:\/\/instrid.sk\/en\/archiv\/co-je-eklekticky-styl-a-ako-s-nim-pracovat\/","title":{"rendered":"\u010co je eklektick\u00fd \u0161t\u00fdl a ako s n\u00edm pracova\u0165"},"content":{"rendered":"<p><em><strong>\u201eEklektick\u00fd interi\u00e9rov\u00fd dizajn<\/strong> je moment\u00e1lne ve\u013emi trendy a\u00a0 uvid\u00edte ho v ka\u017edom \u010dasopise o zaria\u010fovan\u00ed dom\u00e1cnosti. Netr\u00e9novan\u00e9mu oku sa zd\u00e1, \u017ee ide len o n\u00e1hodne nah\u00e1dzan\u00e9 predmety, ktor\u00e9 z\u00e1zra\u010dne funguj\u00fa. Ak ste sa v\u0161ak niekedy pok\u00fa\u0161ali vytvori\u0165 eklektick\u00fd interi\u00e9r, mo\u017eno ste si v\u0161imli, \u017ee to nie je tak\u00e9 jednoduch\u00e9, ako to vyzer\u00e1\u201c<\/em> Dolores Williams<\/p>\n<p>&nbsp;<\/p>\n<h3>\u010co je eklektick\u00fd \u0161t\u00fdl?<\/h3>\n<p>Eklektick\u00fd \u0161t\u00fdl zah\u0155\u0148a <strong>kombin\u00e1ciu mnoh\u00fdch r\u00f4znych individu\u00e1lnych prvkov \u0161t\u00fdlov, t\u00e9m, m\u00e9di\u00ed alebo in\u0161pir\u00e1ci\u00ed z\u00edskan\u00fdch z mnoh\u00fdch zdrojov<\/strong>. Na rozdiel od niektor\u00fdch \u0161t\u00fdlov, ktor\u00e9 sa riadia pr\u00edsnymi pravidlami a trendmi, eklektick\u00fd vzh\u013ead nem\u00e1 to\u013eko po\u017eiadaviek. Vyzna\u010duje sa <strong>rozmanitos\u0165ou a nepredv\u00eddate\u013enos\u0165ou<\/strong>.<\/p>\n<p>&nbsp;<\/p>\n<h3>In\u0161pir\u00e1cia z Par\u00ed\u017ea<\/h3>\n<p>Novodob\u00fd eklektick\u00fd \u0161t\u00fdl vznikol v Par\u00ed\u017ei koncom dev\u00e4tn\u00e1steho a za\u010diatkom dvadsiateho storo\u010dia. <strong>\u00c9cole des Beaux-Arts<\/strong>, jedna z hlavn\u00fdch \u0161k\u00f4l architekt\u00fary a dizajnu, bola zn\u00e1ma svoj\u00edm programom dekorat\u00edvneho umenia, kde sa <strong>\u0161tudenti z cel\u00e9ho sveta stret\u00e1vali a vym\u00fd\u0161\u013eali \u00faplne nov\u00e9 \u0161t\u00fdly.<\/strong> Niektor\u00ed z t\u00fdchto \u0161tudentov boli americk\u00ed architekti, ktor\u00ed so sebou priniesli \u0161t\u00fdl Beaux-Art a dali budov\u00e1m klasick\u00fd a historick\u00fd \u0161t\u00fdl s aktualizovan\u00fdmi, modern\u00fdmi prvkami.<\/p>\n<p>&nbsp;<\/p>\n<h3>3 stavebn\u00e9 piliere<\/h3>\n<p>&nbsp;<\/p>\n<p><strong>Mie\u0161anie r\u00f4znych vizu\u00e1lnych prvkov.<\/strong><\/p>\n<p>Z\u00e1kladom eklektick\u00e9ho dizajnu je <strong>mie\u0161anie potla\u010d\u00ed, vzorov a text\u00far<\/strong>. Eklektick\u00fd dekor sp\u00e1ja <strong>r\u00f4zne tvary, kompoz\u00edcie a dizajnov\u00e9 prvky,<\/strong> ktor\u00e9 by ste za norm\u00e1lnych okolnost\u00ed nekombinovali dokopy.<\/p>\n<p>&nbsp;<\/p>\n<p><strong>Spojenie modern\u00e9ho a tradi\u010dn\u00e9ho.<\/strong><\/p>\n<p>Eklektick\u00fd dizajn sp\u00e1ja <strong>dekor z r\u00f4znych \u010dasov\u00fdch obdob\u00ed.<\/strong> M\u00f4\u017eete vidie\u0165 napr\u00edklad vintage n\u00e1bytok kombinovan\u00fd s minimalistick\u00fdm umen\u00edm, k\u00fape\u013e\u0148u v modernom \u0161t\u00fdle z polovice storo\u010dia doplnen\u00fa o dekor\u00e1cie z franc\u00fazskej renesancie.<\/p>\n<p>&nbsp;<\/p>\n<p><strong>Premyslen\u00e9 detaily.<\/strong><\/p>\n<p>Eklektick\u00fd interi\u00e9rov\u00fd dizajn m\u00f4\u017ee vyzera\u0165\u00a0 bez rozmyslu, av\u0161ak dekorat\u00e9ri<strong> starostlivo vyberaj\u00fa jednotliv\u00e9 k\u00fasky, aby sa uistili, \u017ee v\u0161etko spolu funguje.<\/strong><\/p>\n<p>&nbsp;<\/p>\n<h3>Ako prinies\u0165 eklektick\u00fd \u0161t\u00fdl domov?<\/h3>\n<p><strong>Farebn\u00e1 paleta<\/strong><\/p>\n<p>V\u00fdber farebnej s\u00e9rie v\u00e1m posl\u00fa\u017ei ako pom\u00f4cka pri vytv\u00e1ran\u00ed s\u00fadr\u017en\u00e9ho vzh\u013eadu a sp\u00e1jan\u00ed prvkov eklektick\u00e9ho dizajnu. Na za\u010diatok je vhodn\u00e9 si vybra\u0165 <strong>jeden neutr\u00e1lny odtie\u0148 a jednu akcentov\u00fa farbu. <\/strong>Ako budete postupova\u0165 \u010falej, dopl\u0148te a roz\u0161\u00edrte svoju z\u00e1kladn\u00fa paletu o r\u00f4zne odtiene zvolen\u00fdch farieb.<\/p>\n<p><strong>Jednoducho nama\u013eovan\u00e9 steny<\/strong><\/p>\n<p>Najlep\u0161ie je zachova\u0165 jednoduch\u00e9 steny, \u017eiadne zlo\u017eit\u00e9 \u0165a\u017ekop\u00e1dne tapety. Jednoducho vyma\u013eovan\u00e9 steny <strong>vytvoria pevn\u00fd z\u00e1klad na vnesenie eklektick\u00e9ho dekoru.<\/strong> Taktie\u017e prid\u00e1va\u0165 \u017eiv\u00e9 doplnky na jednoliate pozadie je ove\u013ea jednoduch\u0161ie ako na ru\u0161iv\u00e9 pozadie.<\/p>\n Foto: Unsplash (Louis Hansel)\n<p><strong>Vzory a text\u00fary<\/strong><\/p>\n<p>Pri vyberan\u00ed vhodn\u00fdch kombin\u00e1cii vzorov pom\u00f4\u017ee v\u00fdber \u00fastrednej t\u00e9my a pou\u017eitie podobn\u00fdch t\u00f3nov a farieb v celej sch\u00e9me eklektick\u00e9ho interi\u00e9ru. Av\u0161ak okrem prvopl\u00e1nov\u00fdch vzorov, <strong>nar\u00fa\u0161ajte priestor ne\u010dakan\u00fdmi kombin\u00e1ciami, ktor\u00e9 sa k sebe nemusia nevyhnutne hodi\u0165.<\/strong> Sk\u00faste sp\u00e1ja\u0165 spolu predmety, ktor\u00e9 si zvy\u010dajne odporuj\u00fa, a bu\u010fte odv\u00e1\u017eny. <strong>Hladk\u00e9 text\u00fary postavte ved\u013ea drsn\u00fdch a hrub\u00fdch<\/strong> (mramorov\u00e9 povrchy ved\u013ea dreva) a <strong>m\u00e4kk\u00e9 ved\u013ea tvrd\u00fdch<\/strong> (luxusn\u00e9 pohovky a vank\u00fa\u0161e ved\u013ea industri\u00e1lneho n\u00e1bytku).<\/p>\n<h3>Gal\u00e9ria<\/h3>\n<p>Najlep\u0161\u00ed priestor na dekorovanie v eklektickom \u0161t\u00fdle je jednozna\u010dne ob\u00fdvacia izba. A pr\u00e1ve sem sa skvele hod\u00ed va\u0161a dom\u00e1ca gal\u00e9ria. Gal\u00e9ria vyzer\u00e1 skvele na jednoduch\u00fdch sten\u00e1ch a<strong> vn\u00e1\u0161a osobitos\u0165 a zauj\u00edmavos\u0165. <\/strong>Pre va\u0161u osobn\u00fa gal\u00e9riu si vyberte r\u00f4zne \u0161t\u00fdly r\u00e1mov aj rozli\u010dn\u00e9 umeleck\u00e9 diela, ktor\u00e9 do nich vlo\u017e\u00edte.<\/p>\n<blockquote class=\"twitter-tweet\" data-width=\"550\" data-dnt=\"true\">\n<p lang=\"en\" dir=\"ltr\">In 2019, we are in love with &#39;dark electric&#39; schemes. Gothic coloured walls with sharp pops of neon. It&#39;s perfect for bringing together an eclectic style and creating cosy vibes.<\/p>\n<p>See more: <a href=\"https:\/\/t.co\/IRpvdM8LzJ\" rel=\"nofollow\">https:\/\/t.co\/IRpvdM8LzJ<\/a> <a href=\"https:\/\/t.co\/rGi2gUtXrv\" rel=\"nofollow\">pic.twitter.com\/rGi2gUtXrv<\/a><\/p>\n<p>&mdash; Resi (@resi_uk) <a href=\"https:\/\/twitter.com\/resi_uk\/status\/1108813025321107456?ref_src=twsrc%5Etfw\" rel=\"nofollow noopener\" target=\"_blank\">March 21, 2019<\/a><\/p><\/blockquote>\n<p><script async src=\"https:\/\/platform.twitter.com\/widgets.js\" charset=\"utf-8\"><\/script><\/p>\n<h3>Jedine\u010dn\u00e9 objekty<\/h3>\n<p>Jedine\u010dn\u00fd objekt mus\u00ed by\u0165 <strong>v\u00fdrazn\u00fd a odv\u00e1\u017eny<\/strong>. V z\u00e1vislosti od ve\u013ekosti miestnosti bude <strong>jeden v\u00fdrazn\u00fd predmet alebo mo\u017eno dva<\/strong> viac ne\u017e dos\u0165 na to, aby ste rozpr\u00fadili v\u00e1\u0161niv\u00fa debatu. D\u00e1vajte si pozor na pr\u00edli\u0161 ve\u013ea odv\u00e1\u017enych predmetov, ktor\u00e9 by si mohli navz\u00e1jom konkurova\u0165.<\/p>\n<blockquote class=\"tiktok-embed\" cite=\"https:\/\/www.tiktok.com\/@kaarinjoy\/video\/7155962997163167019\" data-video-id=\"7155962997163167019\" data-embed-from=\"oembed\" style=\"max-width:605px; min-width:325px;\">\n<section> <a target=\"_blank\" title=\"@kaarinjoy\" href=\"https:\/\/www.tiktok.com\/@kaarinjoy?refer=embed\" rel=\"nofollow noopener\">@kaarinjoy<\/a> <\/p>\n<p>All of these are a vibe <a title=\"greenscreen\" target=\"_blank\" href=\"https:\/\/www.tiktok.com\/tag\/greenscreen?refer=embed\" rel=\"nofollow noopener\">#greenscreen<\/a> <a title=\"fyp\" target=\"_blank\" href=\"https:\/\/www.tiktok.com\/tag\/fyp?refer=embed\" rel=\"nofollow noopener\">#fyp<\/a> <a title=\"foryou\" target=\"_blank\" href=\"https:\/\/www.tiktok.com\/tag\/foryou?refer=embed\" rel=\"nofollow noopener\">#foryou<\/a> <a title=\"houseinspo\" target=\"_blank\" href=\"https:\/\/www.tiktok.com\/tag\/houseinspo?refer=embed\" rel=\"nofollow noopener\">#houseinspo<\/a> <a title=\"homedecor\" target=\"_blank\" href=\"https:\/\/www.tiktok.com\/tag\/homedecor?refer=embed\" rel=\"nofollow noopener\">#homedecor<\/a> <a title=\"design\" target=\"_blank\" href=\"https:\/\/www.tiktok.com\/tag\/design?refer=embed\" rel=\"nofollow noopener\">#design<\/a> <a title=\"diy\" target=\"_blank\" href=\"https:\/\/www.tiktok.com\/tag\/diy?refer=embed\" rel=\"nofollow noopener\">#diy<\/a> <\/p>\n<p> <a target=\"_blank\" title=\"\u266c original sound - Kaarin Joy\" href=\"https:\/\/www.tiktok.com\/music\/original-sound-7155962958329072430?refer=embed\" rel=\"nofollow noopener\">\u266c original sound &#8211; Kaarin Joy<\/a> <\/section>\n<\/blockquote>\n<p> <script async src=\"https:\/\/www.tiktok.com\/embed.js\"><\/script><\/p>\n<p>&nbsp;<\/p>\n<p>Ilustra\u010dn\u00e1 foto: Unsplash, Jennifer Griffin<\/p>","protected":false},"excerpt":{"rendered":"<p>\u201eEklektick\u00fd interi\u00e9rov\u00fd dizajn je moment\u00e1lne ve\u013emi trendy a\u00a0 uvid\u00edte ho v ka\u017edom \u010dasopise o zaria\u010fovan\u00ed dom\u00e1cnosti. Netr\u00e9novan\u00e9mu oku sa zd\u00e1, \u017ee ide len o n\u00e1hodne<\/p>","protected":false},"author":1,"featured_media":0,"comment_status":"closed","ping_status":"closed","sticky":false,"template":"","format":"standard","meta":{"footnotes":""},"categories":[51],"tags":[],"class_list":["post-8020","post","type-post","status-publish","format-standard","hentry","category-archiv","two-columns"],"_links":{"self":[{"href":"https:\/\/instrid.sk\/en\/wp-json\/wp\/v2\/posts\/8020","targetHints":{"allow":["GET"]}}],"collection":[{"href":"https:\/\/instrid.sk\/en\/wp-json\/wp\/v2\/posts"}],"about":[{"href":"https:\/\/instrid.sk\/en\/wp-json\/wp\/v2\/types\/post"}],"author":[{"embeddable":true,"href":"https:\/\/instrid.sk\/en\/wp-json\/wp\/v2\/users\/1"}],"replies":[{"embeddable":true,"href":"https:\/\/instrid.sk\/en\/wp-json\/wp\/v2\/comments?post=8020"}],"version-history":[{"count":0,"href":"https:\/\/instrid.sk\/en\/wp-json\/wp\/v2\/posts\/8020\/revisions"}],"wp:attachment":[{"href":"https:\/\/instrid.sk\/en\/wp-json\/wp\/v2\/media?parent=8020"}],"wp:term":[{"taxonomy":"category","embeddable":true,"href":"https:\/\/instrid.sk\/en\/wp-json\/wp\/v2\/categories?post=8020"},{"taxonomy":"post_tag","embeddable":true,"href":"https:\/\/instrid.sk\/en\/wp-json\/wp\/v2\/tags?post=8020"}],"curies":[{"name":"wp","href":"https:\/\/api.w.org\/{rel}","templated":true}]}}