{"id":8050,"date":"2022-12-16T00:00:00","date_gmt":"2022-12-15T23:00:00","guid":{"rendered":"https:\/\/instrid.sk\/uncategorized\/kvoli-comu-si-dedina-kalaci-vysluzila-privlastok-ospala-diera\/"},"modified":"2022-12-16T00:00:00","modified_gmt":"2022-12-15T23:00:00","slug":"kvoli-comu-si-dedina-kalaci-vysluzila-privlastok-ospala-diera","status":"publish","type":"post","link":"https:\/\/instrid.sk\/en\/archiv\/kvoli-comu-si-dedina-kalaci-vysluzila-privlastok-ospala-diera\/","title":{"rendered":"Kv\u00f4li \u010domu si dedina Kala\u010di vysl\u00fa\u017eila pr\u00edvlastok \u201eospal\u00e1 diera\u201c?"},"content":{"rendered":"<p>Obyvatelia dediny Kala\u010di znenazdajky zasp\u00e1vali po\u010das ch\u00f4dze, v pr\u00e1ci, v parku&#8230;nakoniec vedci na toto zvl\u00e1\u0161tne spr\u00e1vanie na\u0161li odpove\u010f.<\/p>\n<h3>Nezvy\u010dajn\u00e1 publicita<\/h3>\n<p>Mest\u00e1 duchov nie s\u00fa ni\u010d\u00edm v\u00fdnimo\u010dn\u00fdm. Hoci je tento titul najzn\u00e1mej\u0161\u00ed pre Pripia\u0165, ostatn\u00e9 miesta obyvatelia neopustili kv\u00f4li ni\u010div\u00fdm n\u00e1sledkom v\u00fdbuchu jadrovej elektr\u00e1rne. Pr\u00ed\u010dinou \u010dasto b\u00fdva zlyhanie ekonomiky, ktor\u00e9 n\u00fati \u013eud\u00ed <strong>ods\u0165ahova\u0165 sa <\/strong>za lep\u0161\u00edmi podmienkami.<\/p>\n<p><strong>Kala\u010di<\/strong> do tohto vzorca s\u00edce nezapad\u00e1, no p\u00e1r rokov dozadu <strong>jeho okolie ne\u010dakane st\u00edchlo<\/strong>. Dedinsk\u00e1 oblas\u0165 v Kazachstane sa pred p\u00e1r rokmi dostala na str\u00e1nky nov\u00edn skuto\u010dne ne\u010dakan\u00fdm sp\u00f4sobom. Hlbok\u00fd sp\u00e1nok, do ktor\u00e9ho upadli desiatky miestnych, trval nieko\u013eko dn\u00ed. Pr\u00ed\u010dina bola ist\u00fd \u010das nezn\u00e1ma aj vedcom z rozli\u010dn\u00fdch k\u00fatov sveta.<\/p>\n<h3>Zl\u00e9 sny a\u00a0neo\u010dak\u00e1van\u00fd \u00fatlm<\/h3>\n<p>Prvou obe\u0165ou sp\u00e1nkov\u00e9ho ataku sa stala Lyubov Belkova. V apr\u00edli 2010 ju po\u010das pr\u00e1ce na trhu zasiahla nekontrolovate\u013en\u00e1 ospalos\u0165, kv\u00f4li ktorej stratila vedomie. Zobudila sa o \u0161tyri dni nesk\u00f4r a\u00a0lek\u00e1r jej ozn\u00e1mil, \u017ee utrpela mozgov\u00fa pr\u00edhodu. Nesk\u00f4r v\u0161ak n\u00e1hla <strong>\u00fanava naraz zasiahla \u010fal\u0161\u00edch p\u00e4\u0165 obyvate\u013eov<\/strong>, vr\u00e1tane die\u0165a\u0165a. Po nieko\u013ek\u00fdch mesiacoch trpelo nevysvetlite\u013enou chorobou 140 z 810 obyvate\u013eov, \u010do sa u\u017e javilo ako epid\u00e9mia.<\/p>\n Dedin\u010dania nemohli nieko\u013eko rokov \u017ei\u0165 bez ne\u010dakan\u00fdch n\u00e1valov \u00fanavy. zdroj: pinterest.com\n<p>\u201eSpav\u00e1 nemoc\u201c ne\u0161etrila nikoho. \u0160tudenti po\u010das vyu\u010dovania upadali do hlbok\u00e9ho sp\u00e1nku, no po zobuden\u00ed sa nec\u00edtili odd\u00fdchnuto. \u017diaci opisovali<strong> znepokojuj\u00face halucin\u00e1cie<\/strong>, v\u00a0ktor\u00fdch vystupovali okr\u00eddlen\u00e9 kone, hady v\u00a0posteliach a\u00a0m\u00e4so\u017erav\u00e9 \u010dervy. Niektor\u00ed obyvatelia dokonca nahl\u00e1sili podivn\u00e9 spr\u00e1vanie svojich dom\u00e1cich mil\u00e1\u010dikov. Napriek tomu bola pr\u00ed\u010dina prudk\u00e9ho sp\u00e1nku st\u00e1le nezn\u00e1ma.<\/p>\n<h3>Bola za t\u00fdm davov\u00e1 psych\u00f3za?<\/h3>\n<p>\u010cas, po\u010das ktor\u00e9ho obyvatelia dosahovali takmer komat\u00f3zne stavy, bol dva a\u017e \u0161es\u0165 dn\u00ed. <strong>Preb\u00fadzanie sprev\u00e1dzala slabos\u0165, strata pam\u00e4te a\u00a0boles\u0165 hlavy.<\/strong> Lek\u00e1ri testovali nieko\u013ek\u00fdch zasiahnut\u00fdch, no z\u00e1hadn\u00e1 choroba sa vzpierala ich vysvetleniam. Najprv si mysleli, \u017ee pacienti trpia n\u00e1sledkami po vypit\u00ed pan\u010dovan\u00e9ho alkoholu. Preto\u017ee sa obete \u201espavej nemoci\u201c zvy\u0161ovali, <strong>za\u010dali \u013eu\u010fom diagnostikova\u0165 \u201eencefalopatiu nezn\u00e1meho p\u00f4vodu\u201c,<\/strong> \u010do je v\u0161eobecn\u00fd term\u00edn pre mozgov\u00e9 choroby.<\/p>\n<p>Niektor\u00ed somnol\u00f3govia, \u0161pecialisti venuj\u00faci sa sp\u00e1nkovej medic\u00edne, polemizovali o\u00a0p\u00f4vode sp\u00e1nkov\u00e9ho fenom\u00e9nu. Mohlo \u00eds\u0165 o\u00a0masov\u00fa psych\u00f3zu vyvolan\u00fa stresom, podobne ako u\u00a0americk\u00fdch det\u00ed v\u00a0roku 2002. Takzvan\u00e9 <strong>\u201eBin L\u00e1denovo svrbenie\u201c<\/strong> postihlo \u0161kol\u00e1kov zo strachu pred \u010fal\u0161\u00edmi teroristick\u00fdmi \u00fatokmi \u2013 de\u0165om nasko\u010dila \u010derven\u00e1 vyr\u00e1\u017eka, ktor\u00e1 zmizla po pr\u00edchode zo \u0161koly.<\/p>\n<h3>Splodiny, ktor\u00e9 usp\u00e1vali<\/h3>\n<p>Domnienka o\u00a0psychologickej pr\u00ed\u010dine sa nakoniec nepotvrdila. Podozrenie teda padlo na <strong>b\u00fdval\u00e9 ur\u00e1nov\u00e9 bane<\/strong>, ktor\u00e9 po rozpade Sovietskeho zv\u00e4zu stratili svoje vyu\u017eitie. Pod\u013ea vedcov sa toxick\u00e9 zvy\u0161ky z\u00a0\u0165a\u017eenia nach\u00e1dzali v\u00a0okolitej p\u00f4de. Na overenie tejto te\u00f3rie <strong>sa rozhodli spusti\u0165 do bane \u0161peci\u00e1lne navrhnut\u00fd dron<\/strong>, aby odobrali vzorky p\u00f4dy a\u00a0vody. Kaza\u0161sk\u00e9 ministerstvo zdravotn\u00edctva nakoniec skon\u0161tatovalo, \u017ee v\u00a0p\u00f4de sa nenach\u00e1dzalo ni\u010d, \u010do by mohlo obyvate\u013eom Kala\u010di u\u0161kodi\u0165.<\/p>\n<p>Ur\u00e1nov\u00e9 bane sa v\u0161ak predsa stali p\u00f4vodcom probl\u00e9mov. Po anal\u00fdze v\u00fdsledkov lek\u00e1rskych vy\u0161etren\u00ed v\u0161etk\u00fdch obyvate\u013eov v\u00fdskumn\u00edci dospeli k z\u00e1veru, \u017ee ne\u010dakan\u00fd<strong> sp\u00e1nok u\u00a0nich nastal kv\u00f4li zv\u00fd\u0161enej hladine oxidu uho\u013enat\u00e9ho<\/strong> a\u00a0uh\u013eovod\u00edkov. Vo vzduchu sa nach\u00e1dzali <strong>v\u00a0desa\u0165kr\u00e1t vy\u0161\u0161om mno\u017estve<\/strong>, napriek tomu, \u017ee bane boli zatvoren\u00e9 takmer 40 rokov.<\/p>\n<p>Nezvy\u010dajn\u00fd jav trval s prest\u00e1vkami od roku 2010 do roku 2015. Zasiahnut\u00e9 dom\u00e1cnosti vl\u00e1da evakuovala, ale v s\u00fa\u010dasnosti to vyzer\u00e1 tak, \u017ee vzduch sa vy\u010distil a obyvatelia Kala\u010di zasp\u00e1vaj\u00fa vo vlastn\u00fdch posteliach a nie na neobvykl\u00fdch miestach.<\/p>\n<p>N\u00e1sledky otravy oxidom uhli\u010dit\u00fdm m\u00f4\u017eu by\u0165 nane\u0161\u0165astie fat\u00e1lne. Viac sa dozviete v \u010dl\u00e1nku ni\u017e\u0161ie.<\/p>\n<blockquote class=\"wp-embedded-content\" data-secret=\"XQUUyBPcgp\"><p><a href=\"https:\/\/www.unitedlife.sk\/jazero-nyos-je-miestom-kde-lapate-po-dychu\/\" rel=\"nofollow noopener\" target=\"_blank\">Katastrofu jazera Nyos pre\u017eili iba \u0161tyria \u013eudia. Dnes je lokalita atrakciou na vlastn\u00fa zodpovednos\u0165<\/a><\/p><\/blockquote>\n<p><iframe class=\"wp-embedded-content\" sandbox=\"allow-scripts\" security=\"restricted\" style=\"position: absolute; visibility: hidden;\" title=\"&#8220;Katastrofu jazera Nyos pre\u017eili iba \u0161tyria \u013eudia. Dnes je lokalita atrakciou na vlastn\u00fa zodpovednos\u0165&#8221; &#8212; UnitedLife\" src=\"https:\/\/www.unitedlife.sk\/jazero-nyos-je-miestom-kde-lapate-po-dychu\/embed\/#?secret=8pq1qcEnId#?secret=XQUUyBPcgp\" data-secret=\"XQUUyBPcgp\" width=\"600\" height=\"338\" frameborder=\"0\" marginwidth=\"0\" marginheight=\"0\" scrolling=\"no\"><\/iframe><\/p>\n<p><strong>Zdroje: www.arabiaweather.com, www.theguardian.com<\/strong><\/p>\n<p><strong>Zdroj titulnej fotografie: www.pexels.com<\/strong><\/p>","protected":false},"excerpt":{"rendered":"<p>Obyvatelia dediny Kala\u010di znenazdajky zasp\u00e1vali po\u010das ch\u00f4dze, v pr\u00e1ci, v parku&#8230;nakoniec vedci na toto zvl\u00e1\u0161tne spr\u00e1vanie na\u0161li odpove\u010f. Nezvy\u010dajn\u00e1 publicita Mest\u00e1 duchov nie s\u00fa ni\u010d\u00edm<\/p>","protected":false},"author":1,"featured_media":0,"comment_status":"closed","ping_status":"closed","sticky":false,"template":"","format":"standard","meta":{"footnotes":""},"categories":[51],"tags":[],"class_list":["post-8050","post","type-post","status-publish","format-standard","hentry","category-archiv","two-columns"],"_links":{"self":[{"href":"https:\/\/instrid.sk\/en\/wp-json\/wp\/v2\/posts\/8050","targetHints":{"allow":["GET"]}}],"collection":[{"href":"https:\/\/instrid.sk\/en\/wp-json\/wp\/v2\/posts"}],"about":[{"href":"https:\/\/instrid.sk\/en\/wp-json\/wp\/v2\/types\/post"}],"author":[{"embeddable":true,"href":"https:\/\/instrid.sk\/en\/wp-json\/wp\/v2\/users\/1"}],"replies":[{"embeddable":true,"href":"https:\/\/instrid.sk\/en\/wp-json\/wp\/v2\/comments?post=8050"}],"version-history":[{"count":0,"href":"https:\/\/instrid.sk\/en\/wp-json\/wp\/v2\/posts\/8050\/revisions"}],"wp:attachment":[{"href":"https:\/\/instrid.sk\/en\/wp-json\/wp\/v2\/media?parent=8050"}],"wp:term":[{"taxonomy":"category","embeddable":true,"href":"https:\/\/instrid.sk\/en\/wp-json\/wp\/v2\/categories?post=8050"},{"taxonomy":"post_tag","embeddable":true,"href":"https:\/\/instrid.sk\/en\/wp-json\/wp\/v2\/tags?post=8050"}],"curies":[{"name":"wp","href":"https:\/\/api.w.org\/{rel}","templated":true}]}}