{"id":8052,"date":"2022-12-17T00:00:00","date_gmt":"2022-12-16T23:00:00","guid":{"rendered":"https:\/\/instrid.sk\/uncategorized\/generecia-z-sa-povazuje-za-najviac-depresivnu\/"},"modified":"2022-12-17T00:00:00","modified_gmt":"2022-12-16T23:00:00","slug":"generecia-z-sa-povazuje-za-najviac-depresivnu","status":"publish","type":"post","link":"https:\/\/instrid.sk\/en\/archiv\/generecia-z-sa-povazuje-za-najviac-depresivnu\/","title":{"rendered":"Gener\u00e1cia Z sa pova\u017euje za najviac depres\u00edvnu. V\u00fdznamn\u00fa rolu zohr\u00e1vaj\u00fa aj ekonomick\u00e9 faktory"},"content":{"rendered":"<p>Mlad\u0161ie gener\u00e1cie sa \u010dasto stret\u00e1vaj\u00fa s nepochopen\u00edm. Predo\u0161l\u00e9 gener\u00e1cie ich pova\u017euj\u00fa za leniv\u00e9, zah\u013eaden\u00e9 do seba a slab\u0161ie. <strong>Nejde<\/strong><strong>\u00a0o \u017eiaden nov\u00fd fenom\u00e9n, nako\u013eko v spolo\u010dnosti u\u017e nieko\u013eko desa\u0165ro\u010d\u00ed star\u0161\u00ed \u013eudia kritizuj\u00fa mlad\u0161\u00edch<\/strong>.<\/p>\n<p>D\u00f4kazy v\u0161ak poukazuj\u00fa na to, \u017ee <strong>nov\u0161ie gener\u00e1cie s\u00fa naozaj disponovan\u00e9 s vlastnos\u0165ami, ktor\u00e9 by predo\u0161l\u00e9 gener\u00e1cie mohli pova\u017eova\u0165 za slabosti<\/strong>, uv\u00e1dza port\u00e1l BBC. Odborn\u00edci dan\u00fd fakt pripisuj\u00fa k tomu, \u017ee star\u0161\u00ed \u013eudia sa st\u00e1le riadia normami, ktor\u00e9 postupom \u010dasu zanikli. Genera\u010dn\u00fd kontext m\u00f4\u017ee vyrie\u0161i\u0165 tento dlhodob\u00fd probl\u00e9m, av\u0161ak kritizovanie mlad\u00fdch dospel\u00fdch patr\u00ed k dlhodobo zau\u017e\u00edvan\u00e9mu vroden\u00e9mu in\u0161tinktu, ktor\u00e9ho sa pravdepodobne nebude \u013eahk\u00e9 zbavi\u0165.<\/p>\n<h3>Vedeck\u00e9 d\u00f4kazy<\/h3>\n<p>Niektor\u00ed odborn\u00edci poukazuj\u00fa na to, \u017ee predo\u0161l\u00e9 gener\u00e1cie sa so svojimi tvrdeniami a\u017e tak nem\u00fdlia. Pr\u00edkladom m\u00f4\u017ee by\u0165 \u0161t\u00fadia z roku 2010, ktor\u00e1 sk\u00famala mil\u00e9ni\u00e1lov, ktor\u00ed ukon\u010dili univerzitu v rokoch 2004 a\u017e 2008. Z v\u00fdsledkov vypl\u00fdva, \u017ee disponovali s viacer\u00fdmi vlastnos\u0165ami sp\u00e4t\u00fdmi s n\u00edzkou odolnos\u0165ou ne\u017e \u013eudia, ktor\u00ed ukon\u010dili \u0161t\u00fadium pred rokom 1987. \u010eal\u0161\u00ed v\u00fdskum pouk\u00e1zal aj na to, \u017ee<strong> mlad\u0161\u00ed \u013eudia t\u00fa\u017eia viac po pocite uznania<\/strong>. Z toho vypl\u00fdva, \u017ee ml\u00e1de\u017e sa viac s\u00fastre\u010fuje na seba ne\u017e v minulosti.<\/p>\n<p>Mnoh\u00ed odborn\u00edci v\u0161ak tvrdia, \u017ee <strong>dan\u00e9 v\u00fdsledky nepotvrdzuj\u00fa fakt, \u017ee mlad\u0161ie gener\u00e1cie s\u00fa slab\u0161ie<\/strong>. Av\u0161ak existuj\u00fa sp\u00f4soby, ako posudzova\u0165 gener\u00e1ciu formovan\u00fa modernou a technologicky orientovanou spolo\u010dnos\u0165ou pod\u013ea noriem spred desa\u0165ro\u010d\u00ed.<\/p>\n Mlad\u0161\u00ed \u013eudia t\u00fa\u017eia viac po pocite uznania. Zdroj: pexels.com\n<p><strong><em>\u201ePredch\u00e1dzaj\u00face gener\u00e1cie sa u\u010dili potl\u00e1\u010da\u0165 svoje em\u00f3cie namiesto ich vyjadrovania, k\u00fdm pre nov\u0161ie gener\u00e1cie plat\u00ed presn\u00fd opak. To sp\u00f4sobilo trhlinu vo vn\u00edman\u00ed, pri\u010dom star\u0161ie gener\u00e1cie vn\u00edmali tento v\u00fdraz ako prejav slabosti, preto\u017ee sa u\u010dili, \u017ee zranite\u013enos\u0165 je prejav slabosti a nie sily,\u201c<\/em><\/strong> vysvet\u013euje odborn\u00edk na du\u0161evn\u00e9 zdravie Dr Carl Nassar.<\/p>\n<p>Okrem toho slabos\u0165 mlad\u0161\u00edch gener\u00e1cii pova\u017euje do zna\u010dnej miery za neofici\u00e1lnu, nako\u013eko<strong> r\u00f4zne gener\u00e1cie sa k svojim probl\u00e9mom stavaj\u00fa rozdielne<\/strong>. Ved\u00faca redaktorka americkej analytickej a prieskumnej spolo\u010dnosti Gallup Jennifer Robison jeho tvrdenia potvrdzuje.<\/p>\n<p><strong><em>\u201eGener\u00e1cia X m\u00e1 tie\u017e probl\u00e9my, ale ich vyjadrovanie je neprofesion\u00e1lne. To, \u010do sa u mlad\u00fdch jav\u00ed ako n\u00fadza, m\u00f4\u017ee by\u0165 v skuto\u010dnosti len spolo\u010densk\u00e1 norma transparentnosti,\u201c<\/em><\/strong> dod\u00e1va Robison.<\/p>\n<h3>Depres\u00edvna gener\u00e1cia<\/h3>\n<p>O mlad\u0161\u00edch gener\u00e1ci\u00e1ch sa naj\u010dastej\u0161ie tvrd\u00ed, \u017ee konaj\u00fa sebecky, \u010do im bran\u00ed si zaobstara\u0165 hodnotn\u00fd majetok. Ide o m\u00fdtus, nako\u013eko v s\u00fa\u010dasnosti \u010del\u00edme raketov\u00e9mu n\u00e1rastu cien nehnute\u013enost\u00ed \u010di stagn\u00e1cii miezd. Okrem toho Gener\u00e1cie Y a Z str\u00e1caj\u00fa istotu v st\u00e1losti pr\u00e1ce, \u010do je \u010fal\u0161\u00edm faktorom,<strong> ktor\u00fd im br\u00e1ni z\u00edska\u0165 hypot\u00e9ku<\/strong>.<\/p>\n<p><strong>Ekonomick\u00e9 faktory s\u00fa jednou z pr\u00ed\u010din, ktor\u00e9 negat\u00edvne ovplyv\u0148uj\u00fa aj osobn\u00fd \u017eivot novej gener\u00e1cie.<\/strong> Poukazuje na to glob\u00e1lny prieskum st\u00e1\u017e\u00ed Goldman Sachs z roku 2022, ktor\u00fd sa uskuto\u010dnil na vzorke 2 470 st\u00e1\u017eistov, informuje port\u00e1l CNBC. Pribli\u017ene 86 % st\u00e1\u017eistov patriacich do Gener\u00e1cie Z si mysl\u00ed, \u017ee prich\u00e1dza recesia, pri\u010dom mnoh\u00ed z nich pracuj\u00fa najm\u00e4 preto, aby po\u010das svojej bud\u00facej kari\u00e9ry jej odolali.<\/p>\n<p>Pokia\u013e ide o ich ve\u013ek\u00e9 \u017eivotn\u00e9 m\u00ed\u013eniky, niektor\u00ed z nich ich za\u010d\u00ednaj\u00fa prehodnocova\u0165. <strong>K\u00fdm e\u0161te v roku 2021 a\u017e 88 % st\u00e1\u017eistov uviedlo, \u017ee po\u010das najbli\u017e\u0161\u00edch 10 rokov o\u010dak\u00e1vaj\u00fa sob\u00e1\u0161, v tomto roku dan\u00e9 o\u010dak\u00e1vanie kleslo len na 45 %.<\/strong> Okrem toho v predo\u0161lom roku 57 % verilo, \u017ee v nasleduj\u00facom desa\u0165ro\u010d\u00ed privedie na svet potomstvo. V s\u00fa\u010dasnosti ide len o n\u00edzkych 25 %.<\/p>\n<p>\u010eal\u0161ou skuto\u010dnos\u0165ou je, \u017ee nov\u0161ia gener\u00e1cia sa vyzna\u010duje aj ako <strong>najviac depres\u00edvna a \u00fazkostliv\u00e1 gener\u00e1cia<\/strong>, dod\u00e1va BBC. Nejde o znak slabosti, nako\u013eko jej jedinci prich\u00e1dzaj\u00fa do dospelosti po\u010das glob\u00e1lnej pand\u00e9mie, ktor\u00e1 im relat\u00edvne dlh\u00fa dobu br\u00e1nila socializ\u00e1cii. Netreba v\u0161ak zab\u00fada\u0165 ani na spom\u00ednan\u00fa ekonomick\u00fa neistotu.<\/p>\n Ekonomick\u00e9 faktory negat\u00edvne ovplyv\u0148uj\u00fa aj osobn\u00fd \u017eivot Gener\u00e1cie Z. Zdroj: pexels.com\n<p><strong><em>\u201eSkuto\u010dnos\u0165 je tak\u00e1, \u017ee Gener\u00e1cia Z dospieva a \u010del\u00ed r\u00f4znym v\u00fdzvam, ktor\u00fdm in\u00e9 gener\u00e1cie ne\u010delili v rovnakej \u017eivotnej f\u00e1ze, najm\u00e4 ak ide o pand\u00e9miu Covid-19 alebo neust\u00e1ly tlak soci\u00e1lnych m\u00e9di\u00ed,\u201c<\/em> <\/strong>vysvet\u013euje prezident Centra pre genera\u010dn\u00fa kinetiku v Texase Jason Dorsey.<\/p>\n<p><strong><em>\u201ePripo\u010d\u00edtajte k tomu v\u00fdzvy v oblasti du\u0161evn\u00e9ho zdravia, ako s\u00fa soci\u00e1lne di\u0161tancovanie a izol\u00e1cia po\u010das pand\u00e9mie, v\u00fdzvy di\u0161tan\u010dn\u00e9ho vzdel\u00e1vania a v\u0161etky format\u00edvne prvky mladej dospelosti, a je \u013eahk\u00e9 pochopi\u0165, pre\u010do m\u00e1 gener\u00e1cia pocit, \u017ee ide o n\u00e1ro\u010dn\u00e9 obdobie,\u201c<\/em><\/strong> dod\u00e1va.<\/p>\n<h3>Pomoc na Slovensku<\/h3>\n<p>Ako sme p\u00edsali v na\u0161om predo\u0161lom \u010dl\u00e1nku,<strong> projekt Club30 sa sna\u017e\u00ed pom\u00f4c\u0165 mlad\u0161ej gener\u00e1cii v kari\u00e9rnej sf\u00e9re<\/strong>. Jeho cie\u013eom je, \u017ee vybran\u00e9 osobnosti z podnikate\u013esk\u00e9ho prostredia im zadarmo pon\u00fakaj\u00fa st\u00e1\u017ee a priebe\u017en\u00e9 vzdel\u00e1vanie, prostredn\u00edctvom \u010doho m\u00f4\u017eu zisti\u0165, na \u010do sa maj\u00fa s\u00fastredi\u0165. Okrem toho im m\u00f4\u017ee pom\u00f4c\u0165 aj v sebarozvoji, pri\u010dom si m\u00f4\u017eu uvedomi\u0165 vlastn\u00fa hodnotu.<\/p>\n<p><strong><em>\u201eNa\u0161im cie\u013eom nie je nahradi\u0165 tradi\u010dn\u00e9 vzdelanie, ale doplni\u0165 ho o praktick\u00e9 sk\u00fasenosti, \u010do m\u00f4\u017ee jednotlivcovi pom\u00f4c\u0165 odhali\u0165 seba sam\u00e9ho,\u201c<\/em><\/strong> p\u00ed\u0161e Club30 na svojich str\u00e1nkach. Okrem toho uv\u00e1dza, \u017ee jeho z\u00e1merom nie je n\u00fati\u0165 ka\u017ed\u00e9ho, aby sa stal podnikate\u013eom, ale identifikova\u0165 mlad\u00fdch ambici\u00f3znych \u013eud\u00ed, ktor\u00ed maj\u00fa chu\u0165 zmeni\u0165 svet.<\/p>\n<p><strong>Pokia\u013e ide o du\u0161evn\u00e9 zdravie<\/strong>, vhodn\u00fdm rie\u0161en\u00edm je internetov\u00e1 porad\u0148a pre mlad\u00fdch \u013eud\u00ed IP\u010dko.sk. Mladistv\u00ed naj\u010dastej\u0161ie kontaktuj\u00fa psychol\u00f3gov cez chat, ale v\u00fdnimkou nie je ani e-mailov\u00e1 komunik\u00e1cia.<\/p>","protected":false},"excerpt":{"rendered":"<p>Mlad\u0161ie gener\u00e1cie sa \u010dasto stret\u00e1vaj\u00fa s nepochopen\u00edm. Predo\u0161l\u00e9 gener\u00e1cie ich pova\u017euj\u00fa za leniv\u00e9, zah\u013eaden\u00e9 do seba a slab\u0161ie. Nejde\u00a0o \u017eiaden nov\u00fd fenom\u00e9n, nako\u013eko v spolo\u010dnosti<\/p>","protected":false},"author":1,"featured_media":0,"comment_status":"closed","ping_status":"closed","sticky":false,"template":"","format":"standard","meta":{"footnotes":""},"categories":[51],"tags":[],"class_list":["post-8052","post","type-post","status-publish","format-standard","hentry","category-archiv","two-columns"],"_links":{"self":[{"href":"https:\/\/instrid.sk\/en\/wp-json\/wp\/v2\/posts\/8052","targetHints":{"allow":["GET"]}}],"collection":[{"href":"https:\/\/instrid.sk\/en\/wp-json\/wp\/v2\/posts"}],"about":[{"href":"https:\/\/instrid.sk\/en\/wp-json\/wp\/v2\/types\/post"}],"author":[{"embeddable":true,"href":"https:\/\/instrid.sk\/en\/wp-json\/wp\/v2\/users\/1"}],"replies":[{"embeddable":true,"href":"https:\/\/instrid.sk\/en\/wp-json\/wp\/v2\/comments?post=8052"}],"version-history":[{"count":0,"href":"https:\/\/instrid.sk\/en\/wp-json\/wp\/v2\/posts\/8052\/revisions"}],"wp:attachment":[{"href":"https:\/\/instrid.sk\/en\/wp-json\/wp\/v2\/media?parent=8052"}],"wp:term":[{"taxonomy":"category","embeddable":true,"href":"https:\/\/instrid.sk\/en\/wp-json\/wp\/v2\/categories?post=8052"},{"taxonomy":"post_tag","embeddable":true,"href":"https:\/\/instrid.sk\/en\/wp-json\/wp\/v2\/tags?post=8052"}],"curies":[{"name":"wp","href":"https:\/\/api.w.org\/{rel}","templated":true}]}}