{"id":8103,"date":"2023-01-12T00:00:00","date_gmt":"2023-01-11T23:00:00","guid":{"rendered":"https:\/\/instrid.sk\/uncategorized\/granada-klenot-spanielska-ktory-uchvati-aj-vas\/"},"modified":"2023-01-12T00:00:00","modified_gmt":"2023-01-11T23:00:00","slug":"granada-klenot-spanielska-ktory-uchvati-aj-vas","status":"publish","type":"post","link":"https:\/\/instrid.sk\/en\/archiv\/granada-klenot-spanielska-ktory-uchvati-aj-vas\/","title":{"rendered":"Granada: klenot \u0160panielska, ktor\u00fd uchv\u00e1ti aj v\u00e1s"},"content":{"rendered":"<p>Granada je rozhodne jedno z <strong>najkraj\u0161\u00edch a najzauj\u00edmavej\u0161\u00edch miest v \u0160panielsku<\/strong>.<\/p>\n<p>Ak pl\u00e1nujete n\u00e1v\u0161tevu tohto mesta, tu je nieko\u013eko tipov na miesta, ktor\u00e9 by ste mali vidie\u0165.<\/p>\n<h3><\/h3>\n<h3>Alhambra<\/h3>\n<p>Alhambra je<strong> najnav\u0161tevovanej\u0161ia pamiatka v Granade a dokonca aj v \u0160panielsku!<\/strong><\/p>\n<p>Ke\u010f ju uvid\u00edte, pochop\u00edte, pre\u010do do Granady<strong> ro\u010dne prich\u00e1dzaj\u00fa viac ako dva mili\u00f3ny \u013eud\u00ed<\/strong> from all over the world.<\/p>\n<p>Toto <strong>miesto svetov\u00e9ho dedi\u010dstva UNESCO<\/strong>, naz\u00fdvan\u00e9 aj \u010cerven\u00fd pal\u00e1c, bolo postaven\u00e9 v 13. storo\u010d\u00ed maursk\u00fdmi panovn\u00edkmi, aby sl\u00fa\u017eilo ako ich s\u00eddlo.<\/p>\n<p>V monument\u00e1lnom prostred\u00ed Alhambry n\u00e1jdete nieko\u013eko <strong>stredovek\u00fdch pal\u00e1cov, n\u00e1dhern\u00e9 okolit\u00e9 z\u00e1hrady, starobyl\u00e9 hradby a str\u00e1\u017ene ve\u017ee<\/strong>.<\/p>\n<p><strong>Pal\u00e1ce Nasrid, najm\u00e4 Pal\u00e1c Comares (b\u00fdval\u00fd sult\u00e1nov pal\u00e1c) a Pal\u00e1c levov<\/strong> so zn\u00e1mym dvorom levov a 124 mramorov\u00fdmi st\u013apmi, ur\u010dite pri va\u0161ej n\u00e1v\u0161teve nevynechajte.<\/p>\n<p><strong>Generalife b\u00fdval letn\u00fdm s\u00eddlom sult\u00e1nov<\/strong>. M\u00f4\u017eete sa prejs\u0165 a u\u017ei\u0165 si prepychov\u00e9 kvetinov\u00e9 z\u00e1hrady s font\u00e1nami.<\/p>\n<p><strong>Alcazaba je vojensk\u00e1 pevnos\u0165 z 11. storo\u010dia<\/strong>. Je to <strong>najstar\u0161ia \u010das\u0165 Alhambry<\/strong> a sl\u00fa\u017eila ako z\u00e1klad pre v\u0161etky neskor\u0161ie stavby.<\/p>\n<p>M\u00f4\u017eete sa dosta\u0165 do nieko\u013ek\u00fdch <strong>ve\u017e\u00ed a vychutna\u0165 si v\u00fdh\u013ead na mesto<\/strong>.<\/p>\n<p>Preto\u017ee ve\u013ea \u013eud\u00ed chce nav\u0161t\u00edvi\u0165 Alhambru, existuje<strong> denn\u00e1 kv\u00f3ta n\u00e1v\u0161tevn\u00edkov<\/strong>.<\/p>\n<p>Mali by ste teda k\u00fapu l\u00edstkov rie\u0161i\u0165 dopredu, v ide\u00e1lnom pr\u00edpade by ste to mali urobi\u0165 aspo\u0148 <strong>t\u00fd\u017edne alebo dokonca mesiace vopred po\u010das hlavnej sez\u00f3ny!<\/strong><\/p>\n<p>K dispoz\u00edcii je nieko\u013eko mo\u017enost\u00ed: prehliadky so sprievodcom, vstupy s audio sprievodcom alebo no\u010dn\u00e9 prehliadky.<\/p>\n<p>&nbsp;<\/p>\n Alhambra. Zdroj: spain.info\n<h3>\u0160tvr\u0165 Albaicin<\/h3>\n<p>Po\u010das va\u0161ej cesty do Granady by ste sa mali vyda\u0165 na prech\u00e1dzku do \u0161tvrte Albaicin.<\/p>\n<p><strong>Nach\u00e1dza sa na vrchole kopca<\/strong>, priamo cez Alhambru.<\/p>\n<p>So svojimi vydl\u00e1\u017eden\u00fdmi \u00fazkymi uli\u010dkami a bielymi domami, je to jedna z najautentickej\u0161\u00edch a naj\u010darovnej\u0161\u00edch \u0161tvrt\u00ed mesta.<\/p>\n<p>Ide o <strong>b\u00fdval\u00fa arabsk\u00fa \u0161tvr\u0165<\/strong> Granady, je to ide\u00e1lne miesto na objavovanie orient\u00e1lnych produktov a u\u017eijete si tam jedine\u010dn\u00fa atmosf\u00e9ru.<\/p>\n<p>&nbsp;<\/p>\n Sacromonte. Zdroj: itinari.com\n<p>&nbsp;<\/p>\n<h3>Sacromonte<\/h3>\n<p>Nach\u00e1dza sa severov\u00fdchodne od Albaic\u00ednu, na kopci Valparaiso.<\/p>\n<p>T\u00e1to <strong>b\u00fdval\u00e1 r\u00f3mska \u0161tvr\u0165<\/strong> je zn\u00e1ma svojimi troglodytsk\u00fdmi domami, \u201ecuevas\u201c.<\/p>\n<p>Niektor\u00e9 z nich<strong> usporad\u00favaj\u00fa tane\u010dn\u00e9 predstavenia flamenca<\/strong> a obdobn\u00e9 predstavenia.<\/p>\n<p>Ak sa chcete dozvedie\u0165 viac o hist\u00f3rii a trad\u00edci\u00e1ch \u0161tvrte Sacromonte, mali by ste nav\u0161t\u00edvi\u0165 M\u00fazeum Cuevas del Sacromonte.<\/p>\n<p>\u010eal\u0161ou skvelou vecou je \u00eds\u0165 na <strong>prehliadku op\u00e1tstva Sacromonte a jeho katakomb<\/strong> so sprievodcom.<\/p>\n<p>Odtia\u013e si m\u00f4\u017eete vychutna\u0165 <strong>kr\u00e1sny v\u00fdh\u013ead na Alhambru, Albaicin a Sacromonte<\/strong>.<\/p>\n<p>&nbsp;<\/p>\n Grandadsk\u00e1 katedr\u00e1la. Zdroj: spain.info\n<p>&nbsp;<\/p>\n<h3>Granadsk\u00e1 katedr\u00e1la<\/h3>\n<p>T\u00e1to katedr\u00e1la je jednozna\u010dne nevyhnutnos\u0165ou v Granade!<\/p>\n<p>Katol\u00edcki kr\u00e1li sa rozhodli postavi\u0165 t\u00fato katedr\u00e1lu v priebehu 16. storo\u010dia. <strong>Dokon\u010denie v\u0161ak trvalo takmer 200 rokov! <\/strong><\/p>\n<p>Pri n\u00e1v\u0161teve je to jasne vidie\u0165, je tu <strong>architektonick\u00fd mix renesancie, baroka a gotiky<\/strong>.<\/p>\n<p>&nbsp;<\/p>\n Ba\u00f1uelo. Zdroj: andalucia.org\n<p>&nbsp;<\/p>\n<h3>Ba\u00f1uelo, starovek\u00e9 arabsk\u00e9 k\u00fapele<\/h3>\n<p>&nbsp;<\/p>\n<p>Arabsk\u00e9 k\u00fapele Ba\u00f1uelo z 11. storo\u010dia s\u00fa jedn\u00fdm z <strong>najkompletnej\u0161\u00edch a najzachovalej\u0161\u00edch starovek\u00fdch arabsk\u00fdch k\u00fape\u013eov<\/strong> v \u0160panielsku, a nach\u00e1dzaj\u00fa sa na \u00fap\u00e4t\u00ed Alhambry.<\/p>\n<p><strong>Ba\u00f1uelo a Granadsk\u00e1 katedr\u00e1la sa nach\u00e1dzaj\u00fa v centre mesta, asi 5 min\u00fat ch\u00f4dze od seba<\/strong>.<\/p>\n<p>Je teda v\u00fdhodn\u00e9 si v\u00fdlety napl\u00e1nova\u0165 tak, \u017ee tieto dve zast\u00e1vky zarad\u00edte za sebou, u\u0161etr\u00edte tak mnoho \u010dasu.<\/p>\n<p>&nbsp;<\/p>\n Corral del Carb\u00f3n. Zdroj: conciertosengranada.es\n<p>&nbsp;<\/p>\n<h3>Corral del Carb\u00f3n<\/h3>\n<p>Corral del Carb\u00f3n je <strong>najstar\u0161ia stojaca pamiatka<\/strong> postaven\u00e1 po\u010das dynastie Nasridov, v roku 1200.<\/p>\n<p>Kedysi to bolo miesto, kde si <strong>obchodn\u00edci, ktor\u00ed cestovali z dia\u013eky do ne\u010falekej Alcaicerie, mohli ulo\u017ei\u0165 svoj tovar a odd\u00fdchnu\u0165 si na noc<\/strong>.<\/p>\n<p>Vst\u00fapite cez kr\u00e1snu dvojobl\u00fakov\u00fa br\u00e1nu, ktor\u00e1 vedie na centr\u00e1lne n\u00e1dvorie, okolo ktor\u00e9ho s\u00fa b\u00fdvale ubytovania, ktor\u00e9 dnes sl\u00fa\u017eia ako kancel\u00e1rie mestsk\u00e9ho orchestra.<\/p>\n<p>Na n\u00e1dvor\u00ed sa po\u010das <strong>letn\u00fdch ve\u010derov konaj\u00fa hry a predstavenia flamenca<\/strong>.<\/p>\n<p>&nbsp;<\/p>\n Kr\u00e1\u013eovsk\u00e1 kaplnka. Zdroj: patrimonionacional.es\n<p>&nbsp;<\/p>\n<h3>Kr\u00e1\u013eovsk\u00e1 kaplnka<\/h3>\n<p>Granadu <strong>nem\u00f4\u017eete skuto\u010dne nav\u0161t\u00edvi\u0165 bez toho, aby ste si pozreli aj Kr\u00e1\u013eovsk\u00fa kaplnku<\/strong> (po \u0161panielsky Capilla Real).<\/p>\n<p>Je to hne\u010f ved\u013ea katedr\u00e1ly, ale je to samostatn\u00e1 n\u00e1v\u0161teva.<\/p>\n<p>Kr\u00e1\u013eovsk\u00e1 kaplnka bola <strong>postaven\u00e1 v 15. storo\u010d\u00ed, aby sl\u00fa\u017eila ako pohrebisko \u0161panielskych panovn\u00edkov<\/strong>.<\/p>\n<p>Vn\u00fatri n\u00e1jdete kryptu, hrobky nieko\u013ek\u00fdch katol\u00edckych kr\u00e1\u013eov a tie\u017e m\u00fazeum.<\/p>\n<p>&nbsp;<\/p>\n<h3>Madraza a Alcaicer\u00eda<\/h3>\n<p>Nav\u0161t\u00edvte Madrazu, jedin\u00fa Nasridsk\u00fa budovu, ktor\u00e1 st\u00e1le stoj\u00ed na predmest\u00ed Ve\u013ekej me\u0161ity (dnes premenen\u00e1 na granadsk\u00fa katedr\u00e1lu).<\/p>\n<p>Bola to <strong>prv\u00e1 univerzita v Granade<\/strong>, ktor\u00fa zalo\u017eil Yusuf I. v roku 1349.<\/p>\n<p>Pri odchode z Madrazy si m\u00f4\u017eete vychutna\u0165 atmosf\u00e9ru n\u00e1mestia Bib Rambla, a pozrie\u0165 sa do Alcaicerie plnej st\u00e1nkov s arabsk\u00fdm hodv\u00e1bom.<\/p>\n<p>Existuje mnoho \u00fazkych uli\u010diek, ktor\u00e9 ved\u00fa do Zacat\u00edn a Plaza Bib-Rambla, obchodn\u00e9 oblasti v \u010dasoch staroveku, ktor\u00fdmi sa oplat\u00ed prejs\u0165 a urobi\u0165 si zast\u00e1vku.<\/p>\n<p>&nbsp;<\/p>\n Z\u00e1hrada Carmen de los Martires. Zdroj: andalusien360.de\n<p>&nbsp;<\/p>\n<h3>Z\u00e1hrada Carmen de los Martires<\/h3>\n<p>H\u013ead\u00e1te <strong>pokoj a zele\u0148 v Granade?<\/strong><\/p>\n<p>Mali by ste \u00eds\u0165 na prech\u00e1dzku do z\u00e1hrady Carmen de los Martires, uvid\u00edte tu viacero typov \u010darovn\u00fdch z\u00e1hrad.<\/p>\n<p>Je to skuto\u010dne<strong> kr\u00e1sny a dobre udr\u017eiavan\u00fd park<\/strong>, s kr\u00e1snymi font\u00e1nami a terasami.<\/p>\n<p>Dokonca si tam <strong>m\u00f4\u017eete urobi\u0165 piknik<\/strong> a odd\u00fdchnu\u0165 si od mesta.<\/p>\n<p><strong>Vstup do parku je zadarmo<\/strong>.<\/p>\n<p>&nbsp;<\/p>\n<h3>Bazilika San Juan de Dios<\/h3>\n<p>Bazilika San Juan de Dios je zasv\u00e4ten\u00e1 patr\u00f3novi nemocn\u00edc a zdravotn\u00fdch sestier.<\/p>\n<p>Zvonku bazilika vyzer\u00e1 celkom jednoducho, no<strong> jej interi\u00e9r je naozaj \u00fachvatn\u00fd! <\/strong><\/p>\n<p>Zna\u010dn\u00e1<strong> \u010das\u0165 stien, st\u013apov a stropov je pokryt\u00e1 zlatom<\/strong> a je tu ve\u013ea obrazov a dreven\u00fdch s\u00f4ch, ktor\u00e9 sa oplat\u00ed vidie\u0165.<\/p>","protected":false},"excerpt":{"rendered":"<p>Granada je rozhodne jedno z najkraj\u0161\u00edch a najzauj\u00edmavej\u0161\u00edch miest v \u0160panielsku. Ak pl\u00e1nujete n\u00e1v\u0161tevu tohto mesta, tu je nieko\u013eko tipov na miesta, ktor\u00e9 by ste<\/p>","protected":false},"author":1,"featured_media":0,"comment_status":"closed","ping_status":"closed","sticky":false,"template":"","format":"standard","meta":{"footnotes":""},"categories":[51],"tags":[],"class_list":["post-8103","post","type-post","status-publish","format-standard","hentry","category-archiv","two-columns"],"_links":{"self":[{"href":"https:\/\/instrid.sk\/en\/wp-json\/wp\/v2\/posts\/8103","targetHints":{"allow":["GET"]}}],"collection":[{"href":"https:\/\/instrid.sk\/en\/wp-json\/wp\/v2\/posts"}],"about":[{"href":"https:\/\/instrid.sk\/en\/wp-json\/wp\/v2\/types\/post"}],"author":[{"embeddable":true,"href":"https:\/\/instrid.sk\/en\/wp-json\/wp\/v2\/users\/1"}],"replies":[{"embeddable":true,"href":"https:\/\/instrid.sk\/en\/wp-json\/wp\/v2\/comments?post=8103"}],"version-history":[{"count":0,"href":"https:\/\/instrid.sk\/en\/wp-json\/wp\/v2\/posts\/8103\/revisions"}],"wp:attachment":[{"href":"https:\/\/instrid.sk\/en\/wp-json\/wp\/v2\/media?parent=8103"}],"wp:term":[{"taxonomy":"category","embeddable":true,"href":"https:\/\/instrid.sk\/en\/wp-json\/wp\/v2\/categories?post=8103"},{"taxonomy":"post_tag","embeddable":true,"href":"https:\/\/instrid.sk\/en\/wp-json\/wp\/v2\/tags?post=8103"}],"curies":[{"name":"wp","href":"https:\/\/api.w.org\/{rel}","templated":true}]}}