{"id":8120,"date":"2023-01-22T00:00:00","date_gmt":"2023-01-21T23:00:00","guid":{"rendered":"https:\/\/instrid.sk\/uncategorized\/mesto-carovnejsie-ako-z-pana-prstenov-poznate-rondu-v-spanielsku\/"},"modified":"2023-01-22T00:00:00","modified_gmt":"2023-01-21T23:00:00","slug":"mesto-carovnejsie-ako-z-pana-prstenov-poznate-rondu-v-spanielsku","status":"publish","type":"post","link":"https:\/\/instrid.sk\/en\/archiv\/mesto-carovnejsie-ako-z-pana-prstenov-poznate-rondu-v-spanielsku\/","title":{"rendered":"Mesto \u010darovnej\u0161ie ako z P\u00e1na Prste\u0148ov! Pozn\u00e1te Rondu v \u0160panielsku?"},"content":{"rendered":"<p>Ronda je \u010darovn\u00e9 meste\u010dko balansuj\u00face na okraji zr\u00e1zu, v provincii M\u00e1laga.<\/p>\n<p>Mo\u017eno ste o \u0148om nikdy nepo\u010duli, ale pravdepodobne ste u\u017e videli obr\u00e1zok <strong>Puente Nuevo, stavby z 18. storo\u010dia, ktor\u00e1 sa klenie cez 120 metrov hlbok\u00fa roklinu<\/strong> El Tajo, medzi citadelou a nov\u0161ou \u010das\u0165ou mesta.<\/p>\n<p>Je to jedna z <strong>najp\u00f4sobivej\u0161\u00edch pamiatok v \u0160panielsku<\/strong>.<\/p>\n<p>V r\u00e1mci starej citadely je mo\u017en\u00e9 objavi\u0165 <strong>mno\u017estvo zauj\u00edmav\u00fdch fragmentov 700-ro\u010dnej okup\u00e1cie Rondy Maurmi<\/strong>.<\/p>\n<p>Ronda je tie\u017e <strong>najlep\u0161\u00edm vin\u00e1rskym mestom na pobre\u017e\u00ed Costa del Sol, s viac ako 20 vin\u00e1rstvami<\/strong>, ktor\u00e9 dostan\u00fa aj skuto\u010dn\u00fdch labu\u017en\u00edkov.<\/p>\n<p>&nbsp;<\/p>\n<h3>Najlep\u0161ie veci, ktor\u00e9 m\u00f4\u017eete robi\u0165 v Ronde<\/h3>\n<p>&nbsp;<\/p>\n Puente Nuevo. Zdroj: orondanatura.com\n<p>&nbsp;<\/p>\n<h3>Puente Nuevo<\/h3>\n<p>Between <strong>najikonickej\u0161ie poh\u013eady nielen v Ronde, ale v celom \u0160panielsku patr\u00ed kon\u0161trukcia tohto mosta<\/strong> z 18. storo\u010dia, ktor\u00fd kles\u00e1 na dno rokliny El Tajo, o 120 metrov ni\u017e\u0161ie.<\/p>\n<p><strong>V\u00fdstavba sa za\u010dala v roku 1759<\/strong>, aby nahradila predch\u00e1dzaj\u00faci most, ktor\u00fd sa zr\u00fatil v predch\u00e1dzaj\u00facom desa\u0165ro\u010d\u00ed.<\/p>\n<p>Trvala \u010fal\u0161\u00edch 42 rokov a <strong>st\u00e1la \u017eivoty asi 50 robotn\u00edkov<\/strong>.<\/p>\n<p>V komore nad hlavn\u00fdm obl\u00fakom je mal\u00e1 v\u00fdstava o moste a jeho kon\u0161trukcii.<\/p>\n<p>Ten ist\u00fd <strong>mal\u00fd priestor sa po st\u00e1ro\u010dia pou\u017e\u00edval ako v\u00e4zenie<\/strong>.<\/p>\n<h3><\/h3>\n Z\u00e1ber na Star\u00e9 mesto v Ronde. Zdroj: blog.fuertehoteles.com\n<h3>La Ciudad<\/h3>\n<p>Najvhodnej\u0161\u00edm sp\u00f4sobom, ako vst\u00fapi\u0165 do tejto <strong>najstar\u0161ej \u010dasti mesta<\/strong>, je prejs\u0165 opevnenou br\u00e1nou Puerta de Almoc\u00e1bar.<\/p>\n<p>Za n\u00edm sa nach\u00e1dza <strong>p\u00f4vodn\u00e1 arabsk\u00e1 citadela Ronda, kde s\u00fa zauj\u00edmavosti o minulosti<\/strong> mesta.<\/p>\n<p>Jedn\u00fdm z miestnych klenotov je<strong> Alminar de San Sebasti\u00e1n, minaret z roku 1200<\/strong>, ktor\u00fd bol po op\u00e4tovnom dobyt\u00ed upraven\u00fd ako zvonica kostola, ale teraz stoj\u00ed samostatne.<\/p>\n<p>&nbsp;<\/p>\n B\u00fd\u010dia ar\u00e9na v Ronde. Zdroj: outdooractive.com\n<p>&nbsp;<\/p>\n<h3>B\u00fd\u010dia ar\u00e9na<\/h3>\n<p>Majest\u00e1tna b\u00fd\u010dia ar\u00e9na v Ronde, ktor\u00e1 bola<strong> otvoren\u00e1 v roku 1785,<\/strong> sa teraz pou\u017e\u00edva<strong> len raz ro\u010dne na exkluz\u00edvne ka\u017edoro\u010dn\u00e9 b\u00fd\u010die z\u00e1pasy<\/strong>.<\/p>\n<p>Pr\u00e1ve na bledom piesku tejto historickej ar\u00e9ny <strong>vytvoril Francisco Romero v 18. storo\u010d\u00ed nov\u00fd druh b\u00fd\u010d\u00edch z\u00e1pasov<\/strong>.<\/p>\n<p>Romero<strong> predstavil dnes u\u017e ikonick\u00fd \u010derven\u00fd pl\u00e1\u0161\u0165<\/strong>, zn\u00e1my ako muleta, a postavil sa b\u00fdkovi na vlastn\u00fdch noh\u00e1ch, zatia\u013e \u010do predt\u00fdm matadori vystupovali na ko\u0148och.<\/p>\n<p>Pred ar\u00e9nou s\u00fa sochy Antonia Ordoneza, \u010fal\u0161ieho v\u00fdznamn\u00e9ho toreadora, a <strong>bojov\u00e9ho b\u00fdka v \u017eivotnej ve\u013ekosti, \u010do v\u00e1m umo\u017en\u00ed lep\u0161ie pochopi\u0165, ak\u00e9 \u0165a\u017ek\u00e9 mus\u00ed by\u0165 zachova\u0165 pokoj<\/strong>, ke\u010f jedno z t\u00fdchto poltonov\u00fdch zvierat be\u017e\u00ed na v\u00e1s.<\/p>\n<p>&nbsp;<\/p>\n Iglesia de Santa Mar\u00eda La Mayor. Zdroj: tudestino.es\n<p>&nbsp;<\/p>\n<h3>Iglesia de Santa Mar\u00eda La Mayor<\/h3>\n<p>Tento <strong>p\u00fatav\u00fd kostol m\u00e1 dlh\u00fa a komplikovan\u00fa hist\u00f3riu<\/strong>.<\/p>\n<p>Rovnako ako mnoh\u00e9 v \u0160panielsku, bol aj tento <strong>p\u00f4vodovne me\u0161itou<\/strong>, a st\u00e1le m\u00f4\u017eete vidie\u0165 mihrab, \u010das\u0165, ktor\u00e1 ukazovala smer Mekky.<\/p>\n<p>V\u00fdstavba sa za\u010dala hne\u010f po tom, \u010do sa <strong>Ronda koncom 15. storo\u010dia op\u00e4\u0165 stala kres\u0165anskou<\/strong>, ale dokon\u010den\u00e1 bude a\u017e v 17. storo\u010d\u00ed, \u010diasto\u010dne kv\u00f4li ni\u010div\u00e9mu zemetraseniu v roku 1580.<\/p>\n<p>Je tu teda <strong>zmes gotick\u00e9ho, renesan\u010dn\u00e9ho a barokov\u00e9ho \u0161t\u00fdlu<\/strong>.<\/p>\n<p>&nbsp;<\/p>\n Ba\u0148os Arabes v Ronde. Zdroj: flickr.com\n<p>&nbsp;<\/p>\n<h3>Ba\u00f1os Arabes (arabsk\u00e9 k\u00fapele)<\/h3>\n<p>Napriek tomu, \u017ee sa <strong>nepretr\u017eite pou\u017e\u00edvali pribli\u017ene 600 rokov<\/strong>, arabsk\u00e9 k\u00fapele v Ronde z 10. a 11. storo\u010dia,<strong> patria medzi najzachovalej\u0161ie v \u0160panielsku<\/strong> (spolu s k\u00fape\u013emi v Granade).<\/p>\n<p>Hoci niektor\u00e9 ich \u010dasti u\u017e neexistuj\u00fa, nie je \u0165a\u017ek\u00e9 si predstavi\u0165 ru\u0161n\u00fd spolo\u010densk\u00fd \u017eivot, ktor\u00fd sa odohr\u00e1val v t\u00fdchto chladn\u00fdch kupolovit\u00fdch miestnostiach, ktor\u00fdch <strong>stropy s\u00fa posiate vetrac\u00edmi otvormi v tvare hviezdy<\/strong>.<\/p>\n<p>Boli umiestnen\u00e9<strong> mimo star\u00fdch mestsk\u00fdch hradieb<\/strong>, v bl\u00edzkosti jedn\u00e9ho z p\u00f4vodn\u00fdch mostov Rondy, Puente Arabe.<\/p>\n<p>&nbsp;<\/p>\n Vin\u00e1rska oblas\u0165 v Ronde. Zdroj: lacazalladeronda.com\n<p>&nbsp;<\/p>\n<h3>Vin\u00e1rske oblasti<\/h3>\n<p>Ronda je s\u00fa\u010das\u0165ou pohoria Sierras de M\u00e1laga a vysok\u00e9 nadmorsk\u00e9 v\u00fd\u0161ky prin\u00e1\u0161aj\u00fa kl\u00edmu, ktor\u00e1 <strong>umo\u017e\u0148uje prekvita\u0165 \u0161irok\u00e9mu spektru hrozna<\/strong>, \u010d\u00edm vznikaj\u00fa oce\u0148ovan\u00e9 v\u00edna Crianza, Tinto Joven a Blanco Joven.<\/p>\n<p><strong>Ofici\u00e1lna v\u00ednna cesta v Ronde teraz zah\u0155\u0148a 21 vin\u00e1rstiev<\/strong>, tak\u017ee ak m\u00e1te radi v\u00edno a vinohradn\u00edctvo, Ronda m\u00f4\u017ee by\u0165 dokonal\u00fdm miestom na dovolenku, na ktor\u00fa nezabudnete.<\/p>\n<p>Okrem spojenia lahodn\u00fdch v\u00edn a tapasu, tu ocen\u00edte majest\u00e1tnu krajinu, kde je <strong>v\u00e4\u010d\u0161ina vin\u00edc vysaden\u00e1 vo v\u00fd\u0161ke viac ako 750 metrov!<\/strong><\/p>\n<p>&nbsp;<\/p>\n M\u00fazeum Lara v Ronde. Zdroj: museolara.org\n<p>&nbsp;<\/p>\n<h3>M\u00fazeum Lara<\/h3>\n<p>Toto m\u00fazeum je pomenovan\u00e9 po svojom zakladate\u013eovi Juanovi Antoniovi Larovi Juradovi, ktor\u00fd str\u00e1vil ve\u013ea \u010dasu a pe\u0148az\u00ed budovan\u00edm tohto ve\u013emi eklektick\u00e9ho sortimentu.<\/p>\n<p>Museo Lara sa nach\u00e1dza v historickom centre, v budove Casa Palacio de los Condes de las Conquistas z 18. storo\u010dia.<\/p>\n<p>K dispoz\u00edcii s\u00fa miestnosti venovan\u00e9 <strong>staro\u017eitn\u00fdm vedeck\u00fdm pr\u00edstrojom, zbraniam a hodin\u00e1m<\/strong>.<\/p>\n<p>Obzvl\u00e1\u0161\u0165 <strong>zauj\u00edmav\u00e1 \u010das\u0165 v\u00fdstavy sa zameriava na Sv\u00e4t\u00fa inkviz\u00edciu<\/strong>.<\/p>\n<p>V\u00fdber artefaktov predstavuje r\u00f4zne <strong>mu\u010diace n\u00e1stroje, vr\u00e1tane z\u00e1vesn\u00fdch klietok, \u017eeleznej panny a Jud\u00e1\u0161ovej kol\u00edsky<\/strong>.<\/p>\n<p>V\u00fdstava \u010carodejn\u00edctvo predstavuje historick\u00e9 \u010darodejn\u00edcke praktiky a elix\u00edry.<\/p>","protected":false},"excerpt":{"rendered":"<p>Ronda je \u010darovn\u00e9 meste\u010dko balansuj\u00face na okraji zr\u00e1zu, v provincii M\u00e1laga. Mo\u017eno ste o \u0148om nikdy nepo\u010duli, ale pravdepodobne ste u\u017e videli obr\u00e1zok Puente Nuevo,<\/p>","protected":false},"author":1,"featured_media":0,"comment_status":"closed","ping_status":"closed","sticky":false,"template":"","format":"standard","meta":{"footnotes":""},"categories":[51],"tags":[],"class_list":["post-8120","post","type-post","status-publish","format-standard","hentry","category-archiv","two-columns"],"_links":{"self":[{"href":"https:\/\/instrid.sk\/en\/wp-json\/wp\/v2\/posts\/8120","targetHints":{"allow":["GET"]}}],"collection":[{"href":"https:\/\/instrid.sk\/en\/wp-json\/wp\/v2\/posts"}],"about":[{"href":"https:\/\/instrid.sk\/en\/wp-json\/wp\/v2\/types\/post"}],"author":[{"embeddable":true,"href":"https:\/\/instrid.sk\/en\/wp-json\/wp\/v2\/users\/1"}],"replies":[{"embeddable":true,"href":"https:\/\/instrid.sk\/en\/wp-json\/wp\/v2\/comments?post=8120"}],"version-history":[{"count":0,"href":"https:\/\/instrid.sk\/en\/wp-json\/wp\/v2\/posts\/8120\/revisions"}],"wp:attachment":[{"href":"https:\/\/instrid.sk\/en\/wp-json\/wp\/v2\/media?parent=8120"}],"wp:term":[{"taxonomy":"category","embeddable":true,"href":"https:\/\/instrid.sk\/en\/wp-json\/wp\/v2\/categories?post=8120"},{"taxonomy":"post_tag","embeddable":true,"href":"https:\/\/instrid.sk\/en\/wp-json\/wp\/v2\/tags?post=8120"}],"curies":[{"name":"wp","href":"https:\/\/api.w.org\/{rel}","templated":true}]}}