{"id":8157,"date":"2023-02-08T00:00:00","date_gmt":"2023-02-07T23:00:00","guid":{"rendered":"https:\/\/instrid.sk\/uncategorized\/rezisera-dzafara-panahiho-prepustili-z-vazenia-v-irane-po-dvoch-dnoch-hladovky-jeho-boj-vsak-pokracuje\/"},"modified":"2023-02-08T00:00:00","modified_gmt":"2023-02-07T23:00:00","slug":"rezisera-dzafara-panahiho-prepustili-z-vazenia-v-irane-po-dvoch-dnoch-hladovky-jeho-boj-vsak-pokracuje","status":"publish","type":"post","link":"https:\/\/instrid.sk\/en\/archiv\/rezisera-dzafara-panahiho-prepustili-z-vazenia-v-irane-po-dvoch-dnoch-hladovky-jeho-boj-vsak-pokracuje\/","title":{"rendered":"Re\u017eis\u00e9ra D\u017eafara Pan\u00e1h\u00edho prepustili z v\u00e4zenia v Ir\u00e1ne po dvoch d\u0148och hladovky. Jeho boj v\u0161ak pokra\u010duje"},"content":{"rendered":"<p><strong>Oce\u0148ovan\u00e9ho ir\u00e1nskeho film\u00e1ra D\u017eafara Pan\u00e1h\u00edho prepustili na kauciu z v\u00e4zenia v Teher\u00e1ne. Na slobodu sa dostal 48 hod\u00edn po tom, ako ohl\u00e1sil protestn\u00fa hladovku a odmietal prij\u00edma\u0165 aj vodu. Pan\u00e1h\u00edho zatkli vlani v j\u00fali a nariadili mu odpyka\u0165 si \u0161es\u0165ro\u010dn\u00fd trest za \u00fadajn\u00fa proti\u0161t\u00e1tnu \u010dinnos\u0165 siahaj\u00faci a\u017e do roku 2010. Br\u00e1nil sa t\u00fdm, \u017ee Najvy\u0161\u0161\u00ed s\u00fad ozna\u010dil tento trest za neplatn\u00fd, ke\u010f\u017ee uplynula desa\u0165ro\u010dn\u00e1 preml\u010dacia lehota.<\/strong><\/p>\n<h2>D\u017eafar Pan\u00e1h\u00ed je na slobode<\/h2>\n<p>Prepustenie 62-ro\u010dn\u00e9ho umelca potvrdila prostredn\u00edctvom fotografie na soci\u00e1lnych sie\u0165ach aj jeho man\u017eelka Tahere Saeediov\u00e1. <em><strong>\u201eAj ke\u010f m\u00e1m z tohto kroku rados\u0165, je potrebn\u00e9 poveda\u0165, \u017ee sa mal udia\u0165 u\u017e pred troma mesiacmi. Vtedy bolo vyhoven\u00e9 na\u0161ej n\u00e1mietke proti predch\u00e1dzaj\u00facemu rozhodnutiu s\u00fadu,\u201d<\/strong><\/em> komentoval situ\u00e1ciu Pan\u00e1h\u00edho pr\u00e1vny z\u00e1stupca Saleh Nikbacht.<\/p>\n<p>Spr\u00e1vu uv\u00edtala glob\u00e1lna filmov\u00e1 komunita, ktor\u00e1 sa mesiace sna\u017eila o jeho do\u010dasn\u00e9 prepustenie. \u201e<em><strong>Je to obrovsk\u00e1 \u00fa\u013eava a obrovsk\u00e1 rados\u0165. Chceme sa po\u010fakova\u0165 v\u0161etk\u00fdm, ktor\u00ed sa o to pri\u010dinili. Teraz bude bojova\u0165 o ofici\u00e1lne uznania zru\u0161enia odsudzuj\u00faceho rozsudku. Je vonku, je vo\u013en\u00fd a u\u017e to je \u00fa\u017easn\u00e9,\u201d<\/strong><\/em> povedala Pan\u00e1h\u00edho franc\u00fazska distrib\u00fatorka Michele Halberstadtov\u00e1 pre agent\u00faru AFP, citoval ju web The Guardian.<\/p>\n<p style=\"text-align: center\"><em><strong>D\u017eafar Pan\u00e1h\u00ed. Zdroj: screenshot, YouTube<\/strong><\/em><\/p>\n<p>Pan\u00e1h\u00ed patr\u00ed k popredn\u00fdm re\u017eis\u00e9rom s\u00fa\u010dasnosti a jeho diela s\u00fa pravidelne v programe troch najprest\u00ed\u017enej\u0161\u00edch eur\u00f3pskych festivalov v Cannes, Berl\u00edne a Ben\u00e1tkach. V roku 2015 <strong>z\u00edskal<\/strong> za sn\u00edmku Taxi Teher\u00e1n <strong>hlavn\u00fa cenu Berlinale<\/strong> &#8211; Zlat\u00e9ho medve\u010fa. Na podujatiach sa v\u0161ak nem\u00f4\u017ee z\u00fa\u010dast\u0148ova\u0165 osobne, v rodnej krajine bol striedavo <strong>v dom\u00e1com v\u00e4zen\u00ed<\/strong> a p\u00f4vodn\u00fd verdikt obsahoval aj <strong>z\u00e1kaz nakr\u00faca\u0165 filmy a cestova\u0165 na dvadsa\u0165 rokov<\/strong>. Napriek tomu \u010falej <strong>nat\u00e1\u010dal bez povolenia vl\u00e1dy<\/strong> a viacer\u00e9 jeho diela zo\u017eali medzin\u00e1rodn\u00e9 uznanie. Ir\u00e1nska vl\u00e1da sa dokonca s\u0165a\u017eovala, ke\u010f dostal Zlat\u00e9ho medve\u010fa.<\/p>\n<p><strong>Obvinenia Pan\u00e1h\u00edho s\u00faviseli s jeho pr\u00edtomnos\u0165ou na pohrebe \u0161tudenta, ktor\u00e9ho zastrelili v roku 2009<\/strong> po\u010das Zelenej revol\u00facie. Re\u017eis\u00e9r chcel nato\u010di\u0165 film o vtedaj\u0161om povstan\u00ed. S\u00fa\u010dasn\u00e9 protivl\u00e1dne demon\u0161tr\u00e1cie vypukli vlani v septembri po smrti 22-ro\u010dnej Kurdky Mahsy Am\u00edn\u00edovej v policajnej v\u00e4zbe. Mravnostn\u00e1 pol\u00edcia ju zadr\u017eala za \u00fadajn\u00e9 poru\u0161enie predpisov o oble\u010den\u00ed. Odvtedy u\u017e \u00farady zatkli tis\u00edce demon\u0161trantov. Pod\u013ea port\u00e1lu deadline.com u\u017e minim\u00e1lne<strong> \u0161tyroch popravili<\/strong> a \u010fal\u0161ia <strong>stovka je ods\u00faden\u00e1 na smr\u0165<\/strong>.<\/p>\n<h3>Ne\u013eudsk\u00e9 zaobch\u00e1dzanie<\/h3>\n<p>Pan\u00e1h\u00ed pri\u0161iel do kancel\u00e1rie prokur\u00e1tora a v\u00e4znice Ev\u00edn v Teher\u00e1ne s \u010fal\u0161\u00edmi \u010dlenmi ir\u00e1nskej inteligencie, s ktor\u00fdmi protestoval proti zadr\u017eaniu film\u00e1rov Mohammada Rasoulofa a Mostafu Al-Ahmada. \u00darady n\u00e1sledne zatkli aj jeho, ke\u010f sa rozhodli obnovi\u0165 jeho trest od\u0148atia slobody. Po\u010das \u010dakania na nov\u00fd proces mal by\u0165 na slobode, no toto pr\u00e1vo mu bolo nieko\u013eko mesiacov odopret\u00e9. <em><strong>\u201eObzriem sa za seba a vid\u00edm to\u013ek\u00fdch \u0161tudentov, u\u010dite\u013eov, robotn\u00edkov, pr\u00e1vnikov, aktivistov, ktor\u00ed s\u00fa st\u00e1le za mre\u017eami. Ako m\u00f4\u017eem poveda\u0165, \u017ee som \u0161\u0165astn\u00fd?\u201d<\/strong><\/em> uviedol Pan\u00e1h\u00ed, jeho reakciu sprostredkovala novin\u00e1rka Samira Mohjeddinov\u00e1 na soci\u00e1lnej sieti Twitter.<\/p>\n<p><em><strong>\u201eHoci viem, \u017ee justi\u010dn\u00fd syst\u00e9m a bezpe\u010dnostn\u00e9 zlo\u017eky nemaj\u00fa amb\u00edciu dodr\u017eiava\u0165 z\u00e1kony, na ktor\u00fdch tak trvaj\u00fa, s \u00facty k mojim pr\u00e1vnym z\u00e1stupcom a priate\u013eom som podnikol v\u0161etky kroky, aby som sa dovolal mojich pr\u00e1v. Dnes u\u017e nem\u00e1m in\u00fa mo\u017enos\u0165, ako protestova\u0165 proti tomuto ne\u013eudsk\u00e9mu zaobch\u00e1dzaniu t\u00fdm najcennej\u0161\u00edm, \u010do m\u00e1m &#8211; moj\u00edm \u017eivotom,\u201d<\/strong><\/em> p\u00edsal Pan\u00e1h\u00ed z v\u00e4zenia v \u010dase, ke\u010f sa odhodlal dr\u017ea\u0165 hladovku a neprij\u00edma\u0165 ani vodu.<\/p>\n<p><strong>Hladovku<\/strong> u\u017e nieko\u013eko t\u00fd\u017ed\u0148ov dr\u017e\u00ed aj <strong>disident Farhad Mejsami<\/strong>. Pod\u013ea BBC \u017eiada zastavenie popr\u00e1v, uvo\u013enenie z\u00e1konov o pokr\u00fdvkach hlavy pre \u017eeny a prepustenie politick\u00fdch v\u00e4z\u0148ov. Pan\u00e1h\u00ed sa po svojom prepusten\u00ed kr\u00e1tko zhov\u00e1ral s report\u00e9rmi a spomenul aj Mejsamiho. <strong>Jeho zdravotn\u00fd a stav v\u00fdzor prirovnal k \u013eu\u010fom, ktor\u00ed pre\u017eili nacistick\u00fd koncentra\u010dn\u00fd t\u00e1bor Auschwitz.<\/strong><\/p>\n<p style=\"text-align: center\"><em><strong>S\u00famrak nad Teher\u00e1nom. Zdroj: unsplash.com<\/strong><\/em><\/p>\n<h3>Kto je D\u017eafar Pan\u00e1h\u00ed?<\/h3>\n<p>D\u017eafar Pan\u00e1h\u00ed sa narodil 11. j\u00fala 1960 v meste Mianeh. Je <strong>v\u00fdznamn\u00fdm predstavite\u013eom Ir\u00e1nskej novej vlny<\/strong>. Po rokoch nakr\u00facania kr\u00e1tkych filmov a pr\u00e1ce asistenta r\u00e9\u017eie s uzn\u00e1van\u00fdm krajanom Abbasom Kiarostamim sa vydal na samostatn\u00fa re\u017eis\u00e9rsku dr\u00e1hu. R\u00fdchlo sa stal jednou z najd\u00f4le\u017eitej\u0161\u00edch tv\u00e1r\u00ed miestnej kinematografie a <strong>k nev\u00f4li vl\u00e1dy<\/strong> za\u010dala jeho tvorba vzbudzova\u0165 z\u00e1ujem <strong>na v\u00fdznamn\u00fdch medzin\u00e1rodn\u00fdch f\u00f3rach<\/strong>. V zbierke m\u00e1 <strong>viacero ocenen\u00ed<\/strong>: Za Zrkadlo (1997) z\u00edskal <strong>Zlat\u00e9ho leoparda<\/strong> vo \u0161vaj\u010diarskom Locarne, za Kruh (2000) dostal <strong>Zlat\u00e9ho leva<\/strong> v Ben\u00e1tkach, pred <strong>Zlat\u00fdm medve\u010fom<\/strong> ho v Berl\u00edne ocenili <strong>Strieborn\u00fdm medve\u010fom<\/strong> za Ofsajd (2006). V roku 2018 si v Cannes vysl\u00fa\u017eil trofej za <strong>najlep\u0161\u00ed scen\u00e1r<\/strong> za sn\u00edmku Tri tv\u00e1re.<\/p>\n<p>&nbsp;<\/p>\n<p><em><strong>Zdroje: vulture.com, deadline.com, thewire.in, theguardian.com<\/strong><\/em><\/p>\n<p><em><strong>Zdroj titulnej fotografie: pixabay.com<\/strong><\/em><\/p>","protected":false},"excerpt":{"rendered":"<p>Oce\u0148ovan\u00e9ho ir\u00e1nskeho film\u00e1ra D\u017eafara Pan\u00e1h\u00edho prepustili na kauciu z v\u00e4zenia v Teher\u00e1ne. Na slobodu sa dostal 48 hod\u00edn po tom, ako ohl\u00e1sil protestn\u00fa hladovku a<\/p>","protected":false},"author":1,"featured_media":0,"comment_status":"closed","ping_status":"closed","sticky":false,"template":"","format":"standard","meta":{"footnotes":""},"categories":[51],"tags":[],"class_list":["post-8157","post","type-post","status-publish","format-standard","hentry","category-archiv","two-columns"],"_links":{"self":[{"href":"https:\/\/instrid.sk\/en\/wp-json\/wp\/v2\/posts\/8157","targetHints":{"allow":["GET"]}}],"collection":[{"href":"https:\/\/instrid.sk\/en\/wp-json\/wp\/v2\/posts"}],"about":[{"href":"https:\/\/instrid.sk\/en\/wp-json\/wp\/v2\/types\/post"}],"author":[{"embeddable":true,"href":"https:\/\/instrid.sk\/en\/wp-json\/wp\/v2\/users\/1"}],"replies":[{"embeddable":true,"href":"https:\/\/instrid.sk\/en\/wp-json\/wp\/v2\/comments?post=8157"}],"version-history":[{"count":0,"href":"https:\/\/instrid.sk\/en\/wp-json\/wp\/v2\/posts\/8157\/revisions"}],"wp:attachment":[{"href":"https:\/\/instrid.sk\/en\/wp-json\/wp\/v2\/media?parent=8157"}],"wp:term":[{"taxonomy":"category","embeddable":true,"href":"https:\/\/instrid.sk\/en\/wp-json\/wp\/v2\/categories?post=8157"},{"taxonomy":"post_tag","embeddable":true,"href":"https:\/\/instrid.sk\/en\/wp-json\/wp\/v2\/tags?post=8157"}],"curies":[{"name":"wp","href":"https:\/\/api.w.org\/{rel}","templated":true}]}}