{"id":8174,"date":"2023-02-26T00:00:00","date_gmt":"2023-02-25T23:00:00","guid":{"rendered":"https:\/\/instrid.sk\/uncategorized\/to-ako-koname-dnes-v-oblasti-klimy-ovplyvni-nase-nenarodene-deti\/"},"modified":"2023-02-26T00:00:00","modified_gmt":"2023-02-25T23:00:00","slug":"to-ako-koname-dnes-v-oblasti-klimy-ovplyvni-nase-nenarodene-deti","status":"publish","type":"post","link":"https:\/\/instrid.sk\/en\/archiv\/to-ako-koname-dnes-v-oblasti-klimy-ovplyvni-nase-nenarodene-deti\/","title":{"rendered":"To, ako kon\u00e1me dnes v oblasti kl\u00edmy, ovplyvn\u00ed na\u0161e nenaroden\u00e9 deti"},"content":{"rendered":"<h2>Klimatick\u00e9 opatrenia a hlas nenaroden\u00fdch: Komis\u00e1ra pre bud\u00face gener\u00e1cie by mala ma\u0165 ka\u017ed\u00e1 krajina<\/h2>\n<p>Pred siedmimi rokmi sa politi\u010dka Sophie Howe stala v\u00f4bec prvou komis\u00e1rkou pre bud\u00face gener\u00e1cie vo svete. Howe bola ochranky\u0148ou z\u00e1ujmov bud\u00facich gener\u00e1ci\u00ed vo Walese a poskytovala rady o dlhodob\u00fdch v\u00edzi\u00e1ch waleskej vl\u00e1de \u2013 vr\u00e1tane kl\u00edmy.<\/p>\n<p>Je to rola, ktor\u00e1 d\u00e1va zmysel, no z\u00e1rove\u0148 vyvol\u00e1va mno\u017estvo zlo\u017eit\u00fdch ot\u00e1zok. Ako m\u00f4\u017ee niekto na Zemi zastupova\u0165 \u013eud\u00ed, ktor\u00ed sa narodia napr\u00edklad o p\u00e4\u0165, 50 alebo 100 rokov? \u201eV\u017edy hovor\u00edm, \u017ee tak trochu zastupujem nenaroden\u00fdch, ale oni sa so mnou ve\u013emi \u010dasto nerozpr\u00e1vaj\u00fa,\u201e\u201c hovor\u00ed Howe.\u00a0 \u201eS presnos\u0165ou nevieme, \u010do bud\u00fa bud\u00face gener\u00e1cie potrebova\u0165.\u201c<\/p>\n<p>To v\u0161ak neznamen\u00e1, \u017ee by sme to nemali sk\u00fa\u0161a\u0165. Ke\u010f\u017ee klimatick\u00e9 vplyvy sa bud\u00fa \u010dasom iba zhor\u0161ova\u0165. <strong>Vl\u00e1dy, spolo\u010dnosti, filozofi a mlad\u00ed \u013eudia maj\u00fa \u010doraz v\u00e4\u010d\u0161iu \u00falohu.\u00a0 Ich dne\u0161n\u00e9 rozhodnutia ovplyv\u0148uj\u00fa blaho mili\u00e1rd \u013eud\u00ed, ktor\u00ed bud\u00fa \u017ei\u0165 v bud\u00facnosti.<\/strong>\u00a0 Ukazuje sa, \u017ee existuj\u00fa r\u00f4zne sp\u00f4soby, ako zahrn\u00fa\u0165 vplyv na\u0161ich potomkov do s\u00fa\u010dasn\u00fdch opatren\u00ed v oblasti kl\u00edmy, od nov\u00fdch pr\u00edstupov k pr\u00e1vnym pr\u00edpadom a ob\u010dianskym zhroma\u017edeniam a\u017e po komis\u00e1rov bud\u00facich gener\u00e1ci\u00ed, ako je Howe a prehodnotenie tradi\u010dn\u00fdch sp\u00f4sobov myslenia z dlhodob\u00e9ho h\u013eadiska.<\/p>\n Politi\u010dka Sophie Howe je hlasom bud\u00facich gener\u00e1ci\u00ed. Zdroj fotografie: Vox.com\n<h2>Komis\u00e1r pre va\u0161e pra-pra-pravn\u00fa\u010dat\u00e1<\/h2>\n<p>Klimatick\u00e9 zmeny a medzigenera\u010dn\u00e9 probl\u00e9my s\u00fa len kvapkou v mori, \u010do sa t\u00fdka dlhodob\u00fdch riz\u00edk, ktor\u00fdm svet \u010del\u00ed. Od hrozby jadrovej vojny cez technologick\u00e9 rizik\u00e1 spojen\u00e9 s umelou inteligenciou alebo biologick\u00fdmi zbra\u0148ami a\u017e po dlhotrvaj\u00face soci\u00e1lne rizik\u00e1. Tie zah\u0155\u0148aj\u00fa probl\u00e9my, ak\u00fdmi s\u00fa napr\u00edklad rasov\u00e1 nespravodlivos\u0165, hovor\u00ed Roman Krznaric, filozof a autor knihy The Good Ancestor.<\/p>\n<p>\u201eJedin\u00e1 vec, ktor\u00fa vieme o klimatickej kr\u00edze, je, \u017ee m\u00e1 neuverite\u013ene dlhodob\u00e9 d\u00f4sledky,\u201c hovor\u00ed. \u201eTo je jadro medzigenera\u010dn\u00e9ho klimatick\u00e9ho probl\u00e9mu: <strong>So Zemou zaobch\u00e1dzame ako so smetiskom, ekologicky ju degradujeme a vytv\u00e1rame technologick\u00e9 rizik\u00e1, akoby na nej nik ne\u017eil.\u201c<\/strong><\/p>\n Transparenty z odkazmi pre dne\u0161n\u00e9 gener\u00e1cie z klimatick\u00fdch \u0161trajkov. Zdroj: Pexels.com\n<h2>Je rie\u0161en\u00edm z\u00e1kon?<\/h2>\n<p>Nenaroden\u00e9 deti potrebuj\u00fa hlas v spolo\u010dnosti u\u017e dnes. \u201eNa\u0161a politika nebola navrhnut\u00e1 tak, aby umo\u017enila gener\u00e1ci\u00e1m, ktor\u00e9 ovplyvnia na\u0161e klimatick\u00e9 opatrenia, ak\u00fdko\u013evek druh hlasu v syst\u00e9me.\u201c Z\u00e1kon o blahobyte bud\u00facich gener\u00e1ci\u00ed, ktor\u00fd v roku 2015 schv\u00e1lila walesk\u00e1 vl\u00e1da je jedn\u00fdm zo sp\u00f4sobov rie\u0161enia tohto probl\u00e9mu.<\/p>\n<p>Z\u00e1kon po\u017eaduje, aby v\u0161etky verejn\u00e9 org\u00e1ny \u2013 od zdravotn\u00edckych, cez miestne org\u00e1ny a\u017e po samotn\u00fa walesk\u00fa vl\u00e1du \u2013 preuk\u00e1zali, ako ich rozhodnutia nap\u013a\u0148aj\u00fa dne\u0161n\u00e9 potreby bez toho, aby ohrozili schopnos\u0165 bud\u00facich gener\u00e1ci\u00ed uspokojova\u0165 svoje vlastn\u00e9 potreby. <strong>Stanovuje sedem d\u00f4le\u017eit\u00fdch n\u00e1rodn\u00fdch cie\u013eov, vr\u00e1tane prosperuj\u00faceho, zdrav\u0161ieho, rovnocenn\u00e9ho, glob\u00e1lne zodpovedn\u00e9ho a odoln\u00e9ho Walesu v zmysle ekol\u00f3gie.<\/strong> Komis\u00e1r pre bud\u00face gener\u00e1cie monitoruje a kontroluje pokrok verejn\u00fdch org\u00e1nov pri dosahovan\u00ed t\u00fdchto cie\u013eov, pri\u010dom vyd\u00e1va odpor\u00fa\u010dania.<\/p>\n<h2>My\u0161lienka bola in\u0161pir\u00e1ciou pre \u010fal\u0161ie krajiny<\/h2>\n<p style=\"text-align: center\"><strong>Budeme gener\u00e1ciou, ktor\u00e1 sa skuto\u010dne zaober\u00e1 skuto\u010dn\u00fdmi tvrd\u00fdmi, drsn\u00fdmi, mas\u00edvnymi dopadmi zmeny kl\u00edmy. \u2013 Nisreen Elsaim<\/strong><\/p>\n<p>Howeov\u00e1 ukon\u010dila svoje druh\u00e9 funk\u010dn\u00e9 obdobie ako komis\u00e1rka pre bud\u00face gener\u00e1cie pre Wales a \u010doskoro nast\u00fapi nov\u00e1 menovan\u00e1. Vo svojom \u0161es\u0165ro\u010dnom funk\u010dnom obdob\u00ed vydala r\u00f4znorod\u00e9 odpor\u00fa\u010dania t\u00fdkaj\u00face sa napr\u00edklad krat\u0161ieho pracovn\u00e9ho t\u00fd\u017ed\u0148a, univerz\u00e1lneho z\u00e1kladn\u00e9ho pr\u00edjmu \u010di vytvorenie n\u00e1rodnej pr\u00edrodnej slu\u017eby. Zamerala sa aj na opatrenia na zv\u00fd\u0161enie energetickej \u00fa\u010dinnosti dom\u00e1cnost\u00ed a rozvoj vzdel\u00e1vacieho syst\u00e9mu vhodn\u00e9ho do bud\u00facnosti s dlhodob\u00fdmi benefitmi.<\/p>\n<p><strong>T\u00e1to my\u0161lienka sa \u0161\u00edri \u010falej.<\/strong> Gibralt\u00e1r m\u00e1 u\u017e podobn\u00e9ho komis\u00e1ra a n\u00e1vrhy z\u00e1konov sa pripravuj\u00fa aj v parlamente Spojen\u00e9ho kr\u00e1\u013eovstva, \u00cdrska a \u0160k\u00f3tska. Jedn\u00e9ho pl\u00e1nuje vymenova\u0165 dokonca OSN. Medzit\u00fdm dokonca aj Futbalov\u00e1 asoci\u00e1cia Walesu prijala sedem cie\u013eov z aktu, aby zar\u00e1movala svoju pr\u00e1cu s cie\u013eom sta\u0165 sa najudr\u017eate\u013enej\u0161ou futbalovou asoci\u00e1ciou na svete.<\/p>\n Dne\u0161n\u00e9 gener\u00e1cie nemaj\u00fa predstavu, ak\u00fdm probl\u00e9mom m\u00f4\u017eu ich potomkovia v bud\u00facnosti \u010deli\u0165. Zdroj: Pexels.com\n<h2>D\u00f4le\u017eit\u00e9 je prin\u00fati\u0165 kona\u0165 vl\u00e1dy<\/h2>\n<p>Komis\u00e1rka nane\u0161\u0165astie nem\u00e1\u00a0 pr\u00e1vomoc prin\u00fati\u0165 vl\u00e1dy kona\u0165 v oblasti kl\u00edmy v mene bud\u00facich gener\u00e1ci\u00ed. M\u00f4\u017ee sa obr\u00e1ti\u0165 len na s\u00fad. V posledn\u00fdch rokoch do\u0161lo k prudk\u00e9mu n\u00e1rastu \u017eal\u00f4b v oblasti kl\u00edmy, ktor\u00fdch cie\u013eom je vyu\u017ei\u0165 pr\u00e1vny syst\u00e9m na odstr\u00e1nenie nedostatkov v opatreniach v oblasti zmeny kl\u00edmy. Mnoh\u00e9 sa zameriavaj\u00fa na d\u00f4sledky, ktor\u00e9 bude ma\u0165 na bud\u00face gener\u00e1cie.<\/p>\n<p>V roku 2021 sa dostal pr\u00edpad mlad\u00fdch ekologick\u00fdch aktivistov a\u017e k nemeck\u00e9mu \u00fastavn\u00e9mu s\u00fadu. S\u00fad dospel k z\u00e1veru, \u017ee s\u00fa\u010dasn\u00e9 zni\u017eovanie emisi\u00ed v krajine je nedostato\u010dn\u00e9 na ochranu bud\u00facich gener\u00e1ci\u00ed. V rozhodnut\u00ed sa uv\u00e1dza, \u017ee \u201ejednej gener\u00e1cii nesmie by\u0165 umo\u017enen\u00e9, aby spotrebovala tak\u00e9 mno\u017estvo CO2, pri\u010dom by sa nesna\u017eila o zni\u017eovanie emisi\u00ed.\u201c<\/p>\n<p>Luisa Neubauerov\u00e1, aktivistka z volebnej skupiny Piatky za bud\u00facnos\u0165 Nemecka, bola jednou z t\u00fdch, \u010do podali s\u0165a\u017enos\u0165. V rozhovore pre Future Planet kr\u00e1tko po vynesen\u00ed rozsudku v roku 2021 povedala, \u017ee to pomohlo pretvori\u0165 ch\u00e1panie politiky v klimatickej kr\u00edze.<\/p>\n V\u00fdraznej\u0161ie zmeny kl\u00edmy a oteplenie sme mohli bada\u0165 hlavne po\u010das minul\u00e9ho roku. Zdroj: Pexels.com\n<p>Zdroj: BBC.com<\/p>","protected":false},"excerpt":{"rendered":"<p>Klimatick\u00e9 opatrenia a hlas nenaroden\u00fdch: Komis\u00e1ra pre bud\u00face gener\u00e1cie by mala ma\u0165 ka\u017ed\u00e1 krajina Pred siedmimi rokmi sa politi\u010dka Sophie Howe stala v\u00f4bec prvou komis\u00e1rkou<\/p>","protected":false},"author":1,"featured_media":0,"comment_status":"closed","ping_status":"closed","sticky":false,"template":"","format":"standard","meta":{"footnotes":""},"categories":[51],"tags":[],"class_list":["post-8174","post","type-post","status-publish","format-standard","hentry","category-archiv","two-columns"],"_links":{"self":[{"href":"https:\/\/instrid.sk\/en\/wp-json\/wp\/v2\/posts\/8174","targetHints":{"allow":["GET"]}}],"collection":[{"href":"https:\/\/instrid.sk\/en\/wp-json\/wp\/v2\/posts"}],"about":[{"href":"https:\/\/instrid.sk\/en\/wp-json\/wp\/v2\/types\/post"}],"author":[{"embeddable":true,"href":"https:\/\/instrid.sk\/en\/wp-json\/wp\/v2\/users\/1"}],"replies":[{"embeddable":true,"href":"https:\/\/instrid.sk\/en\/wp-json\/wp\/v2\/comments?post=8174"}],"version-history":[{"count":0,"href":"https:\/\/instrid.sk\/en\/wp-json\/wp\/v2\/posts\/8174\/revisions"}],"wp:attachment":[{"href":"https:\/\/instrid.sk\/en\/wp-json\/wp\/v2\/media?parent=8174"}],"wp:term":[{"taxonomy":"category","embeddable":true,"href":"https:\/\/instrid.sk\/en\/wp-json\/wp\/v2\/categories?post=8174"},{"taxonomy":"post_tag","embeddable":true,"href":"https:\/\/instrid.sk\/en\/wp-json\/wp\/v2\/tags?post=8174"}],"curies":[{"name":"wp","href":"https:\/\/api.w.org\/{rel}","templated":true}]}}