{"id":8196,"date":"2023-03-01T00:00:00","date_gmt":"2023-02-28T23:00:00","guid":{"rendered":"https:\/\/instrid.sk\/uncategorized\/z-geologicky-sa-stala-hudobnickou-lucrecia-daltova-bude-v-aprili-koncertovat-v-cesku\/"},"modified":"2023-03-01T00:00:00","modified_gmt":"2023-02-28T23:00:00","slug":"z-geologicky-sa-stala-hudobnickou-lucrecia-daltova-bude-v-aprili-koncertovat-v-cesku","status":"publish","type":"post","link":"https:\/\/instrid.sk\/en\/archiv\/z-geologicky-sa-stala-hudobnickou-lucrecia-daltova-bude-v-aprili-koncertovat-v-cesku\/","title":{"rendered":"Z geologi\u010dky sa stala hudobn\u00ed\u010dkou. Lucrecia Daltov\u00e1 bude v apr\u00edli koncertova\u0165 v \u010cesku"},"content":{"rendered":"<p><strong>Lucrecia Daltov\u00e1 je kolumbijsk\u00e1 muzikantka, ktor\u00e1 p\u00f4sob\u00ed v Berl\u00edne. V minulosti pracovala ako geologi\u010dka a jej experiment\u00e1lna tvorba sp\u00e1ja poznatky z tejto pr\u00edrodnej vedy s fikciou a po\u00e9ziou. Britsk\u00fd hudobn\u00fd magaz\u00edn The Wire vyhl\u00e1sil jej album \u00a1Ay! za nahr\u00e1vku roka 2022. V apr\u00edli sa predstav\u00ed ne\u010faleko na\u0161ich hran\u00edc, odohr\u00e1 koncerty v Brne a Prahe.<\/strong><\/p>\n<h2>Lucrecia Daltov\u00e1<\/h2>\n<p>Rozpr\u00e1va <strong>stra\u0161ideln\u00e9 rozpr\u00e1vky pre dospel\u00fdch<\/strong> a pohr\u00e1va sa s na\u0161imi <strong>najtajnej\u0161\u00edmi t\u00fa\u017ebami<\/strong>. Niektor\u00e9 skladby s\u00fa vyslovene erotick\u00e9, predov\u0161etk\u00fdm na albume Anticlines z roku 2018. \u201eSom prekvapen\u00e1, \u017ee m\u00e1lo \u013eud\u00ed sa ma p\u00fdta na to, ak\u00e1 extremne erotick\u00e1 je napr\u00edklad skladba Edge. Je takmer sexu\u00e1lna. Ka\u017ed\u00fd sa na to pozer\u00e1 z poh\u013eadu stra\u0161idelnosti folkl\u00f3ru, ktor\u00e1 tam je tie\u017e, ale v kone\u010dnom d\u00f4sledku je to o <strong>extr\u00e9mnej l\u00e1ske<\/strong>. Je to pre m\u0148a nesmierne erotick\u00e9 a intenz\u00edvne. Je to o tom, \u017ee druh\u00e9ho \u010dloveka milujete tak ve\u013emi, \u017ee chcete<strong> za\u017e\u00edva\u0165 jeho subjektivitu<\/strong>. Chcete <strong>vidie\u0165 jeho o\u010dami a za\u017ei\u0165 nie\u010do, \u010do je pre\u0148ho unik\u00e1tne<\/strong>. Chcete dokonca za\u017ei\u0165 jeho ko\u017eu z druhej strany. Je to fikcia, ale je to extr\u00e9mne,\u201d hovor\u00ed Lucrecia Daltov\u00e1 v rozhovore pre Borshch Magazine.<\/p>\n<p><iframe title=\"Lucrecia Dalt - Tar\" width=\"640\" height=\"360\" src=\"https:\/\/www.youtube.com\/embed\/opR-ozxL0Oc?feature=oembed\" frameborder=\"0\" allow=\"accelerometer; autoplay; clipboard-write; encrypted-media; gyroscope; picture-in-picture; web-share\" referrerpolicy=\"strict-origin-when-cross-origin\" allowfullscreen><\/iframe><\/p>\n<h3>Juhoamerick\u00e1 mytol\u00f3gia<\/h3>\n<p>Lucrecia Daltov\u00e1 poch\u00e1dza z Ju\u017enej Ameriky bohatej na folkl\u00f3rne m\u00fdty. Fascinuje ju napr\u00edklad <strong>kolumbijsk\u00fd d\u00e9mon El Boraro<\/strong>, extr\u00e9mnej\u0161ia verzia <strong>braz\u00edlskej Curupiry<\/strong>. Pod\u013ea <strong>mytol\u00f3gie p\u00f4vodn\u00fdch kme\u0148ov severoz\u00e1padnej Amaz\u00f3nie<\/strong> s\u00fa Boraro aj Curupira <strong>str\u00e1\u017ecovia divo\u010diny<\/strong> a nap\u00e1daj\u00fa t\u00fdch, ktor\u00ed si z pralesa ber\u00fa viac, ako potrebuj\u00fa. Ich nohy smeruj\u00fa dozadu, aby zmiatli nepriate\u013eov, ktor\u00fdch doved\u00fa stopy na za\u010diatok a nie do cie\u013ea. Boraro dosahuje v\u00fd\u0161ku stromov, m\u00e1 \u010diernu srs\u0165, \u0161picat\u00e9 dopredu smeruj\u00face u\u0161i a tes\u00e1ky. V kolen\u00e1ch nem\u00e1 k\u013aby, tak\u017ee sa mu \u0165a\u017eko vst\u00e1va, ke\u010f spadne na zem. Obete zab\u00edja dvoma sp\u00f4sobmi &#8211; jeho mo\u010d je smrte\u013en\u00fd jed a ke\u010f niekoho dolap\u00ed, objat\u00edm pu\u010d\u00ed ko\u017eu a kosti, a\u017e k\u00fdm sa m\u00e4so nezmen\u00ed na du\u017einu. T\u00fa potom <strong>vpije cez mal\u00fa dieru v \u010dele obete<\/strong> a vycucan\u00fa ko\u017eu <strong>naf\u00fakne ako bal\u00f3n<\/strong>.<\/p>\n<p>\u201eNeviem pre\u010do, ale zauj\u00edmaj\u00fa ma hrany a bubliny. Chcela som vedie\u0165, \u010do je <strong>\u013eudsk\u00e1 bublina<\/strong>, a spomenula som si na kolumbijsk\u00fd m\u00fdtus o El Borarovi. Povedala som si, f\u00edha, toto je sp\u00f4sob, ako sa niekoho <strong>zmocni\u0165 zvn\u00fatra<\/strong>,\u201d vysvet\u013euje Daltov\u00e1. Znie to temne: \u201eSom presved\u010den\u00e1, \u017ee <strong>najhor\u0161ie no\u010dn\u00e9 mory na\u0161ej doby sa odohr\u00e1vaj\u00fa za denn\u00e9ho svetla<\/strong>. Je to symbolick\u00e9 a nerada uva\u017eujem len o \u010diernej alebo o bielej, ka\u017ed\u00fa situ\u00e1ciu mus\u00edme analyzova\u0165 v kontexte. To, \u010do sa niekomu m\u00f4\u017ee zda\u0165 ako temn\u00e9, ne\u010dakan\u00e9 \u010di odporn\u00e9, m\u00f4\u017ee by\u0165 pre m\u0148a norm\u00e1lne, ba a\u017e potrebn\u00e9. Sna\u017e\u00edm sa <strong>pos\u00fava\u0165 moje limity<\/strong>. Nie s\u00fa v na\u0161ej brand\u017ei ,temn\u00e9\u2019 miesta tie, kde za\u010d\u00edname <strong>objavova\u0165 na\u0161u slobodu?\u201d<\/strong><\/p>\n<p style=\"text-align: center\"><em><strong>Braz\u00edlska Curupira. Zdroj: pixabay.com<\/strong><\/em><\/p>\n<h3>Rada experimentuje<\/h3>\n<p>Lucrecia Daltov\u00e1 vydala <strong>\u0161es\u0165 albumov<\/strong> a nahrala aj hudbu pre <strong>nem\u00fd hororov\u00fd film<\/strong> The Seed (2021). Pod\u013ea Borshch Magazine vo svojej tvorbe <strong>\u010doraz viac experimentuje<\/strong>: \u201eU\u017e dlh\u0161ie sa sna\u017e\u00edm zisti\u0165, ako vyl\u00fadi\u0165 <strong>odli\u0161n\u00e9 zvuky<\/strong> z n\u00e1strojov, ktor\u00e9 pou\u017e\u00edvam. Napr\u00edklad album Commotus z roku 2012 som nahrala najm\u00e4 na basgitare t\u00fdm, \u017ee som roz\u0161irovala jej rozsah. Rada sk\u00fa\u0161am prvky, ktor\u00e9 <strong>bo\u010dia z komfortnej z\u00f3ny<\/strong>, aj ke\u010f by to mala by\u0165 iba jedna vec v jednej skladbe, ktor\u00e1 je v\u0161ak pre m\u0148a ve\u013emi d\u00f4le\u017eit\u00e1. Je to n\u00e1ro\u010dn\u00e9, ale p\u00e1\u010di sa mi tak\u00e1to hudba.\u201d<\/p>\n<p>Niektor\u00ed \u013eudia h\u013eadaj\u00fa v hudbe brutalitu, momenty, ktor\u00e9 ich vydesia. Ako to vn\u00edma Lucrecia Daltov\u00e1? \u201ePre m\u0148a je okamih vydesenia sk\u00f4r to, ke\u010f poc\u00edtim <strong>nie\u010do, \u010do som dovtedy neza\u017eila<\/strong>. Ke\u010f m\u00e1 hudba <strong>tak\u00fato silu<\/strong>, je to \u00fa\u017easn\u00e9. Nez\u00e1le\u017e\u00ed na tom, \u010di je to intenz\u00edvne, jemn\u00e9, n\u00e1siln\u00e9, pokojn\u00e9. M\u00f4\u017ee to by\u0165 nie\u010do nepatrn\u00e9, povedzme <strong>jednoduch\u00fd zvuk s gestom<\/strong>. Ak to v\u0161ak m\u00e1 moc <strong>pozdvihn\u00fa\u0165 ma, pom\u00f4c\u0165 mi zabudn\u00fa\u0165, \u017ee som trvalo zamotan\u00e1 v tejto realite,<\/strong> budem to vyh\u013ead\u00e1va\u0165 na\u010falej. Je to jeden z pocitov, ktor\u00e9 d\u00e1vaj\u00fa <strong>\u017eivotu zmysel<\/strong>, a, samozrejme, d\u00e1vaj\u00fa <strong>zmysel tvorbe umenia.\u201d<\/strong><\/p>\n<p style=\"text-align: center\"><em><strong>Lucrecia Daltov\u00e1. Zdroj: screenshot, YouTube<\/strong><\/em><\/p>\n<h3>\u010coskoro v \u010cesku<\/h3>\n<p>Kto by mal z\u00e1ujem o tak\u00fdto z\u00e1\u017eitok v podan\u00ed Lucrecie Daltovej, bude ma\u0165 <strong>\u010dochv\u00ed\u013ea ide\u00e1lnu pr\u00edle\u017eitos\u0165<\/strong>. Kolumbij\u010danka zav\u00edta do \u010ceska, <strong>22. apr\u00edla<\/strong> vyst\u00fapi na Festivale aktu\u00e1lnej hudby a zvukov\u00fdch umen\u00ed (FAUN) v divadle Husa na prov\u00e1zku <strong>v Brne<\/strong> a o <strong>de\u0148 nesk\u00f4r<\/strong> zahr\u00e1 v MeetFactory <strong>v Prahe<\/strong>. Tohtoro\u010dn\u00fa eur\u00f3psku koncertn\u00fa \u0161n\u00faru od\u0161tartuje u\u017e na prelome marca a apr\u00edla v Portugalsku, pokra\u010dova\u0165 bude vo Franc\u00fazsku, Slovinsku a \u0160vaj\u010diarsku, z \u010ceska sa presunie Nemecka, Belgicka, \u0160k\u00f3tska (v\u0161etko apr\u00edl), \u0160panielska (j\u00fan), D\u00e1nska (j\u00fal), Holandska, nasp\u00e4\u0165 do Nemecka (august) a na z\u00e1ver do Ma\u010farska (september) a Talianska (november).<\/p>\n<p>&nbsp;<\/p>\n<p><em><strong>Zdroje: borshchmagazine.com, cryptidz.fandom.com, facebook.com\/daltlucrecia<\/strong><\/em><\/p>\n<p><em><strong>Zdroj titulnej fotografie: screenshot, YouTube<\/strong><\/em><\/p>","protected":false},"excerpt":{"rendered":"<p>Lucrecia Daltov\u00e1 je kolumbijsk\u00e1 muzikantka, ktor\u00e1 p\u00f4sob\u00ed v Berl\u00edne. V minulosti pracovala ako geologi\u010dka a jej experiment\u00e1lna tvorba sp\u00e1ja poznatky z tejto pr\u00edrodnej vedy s<\/p>","protected":false},"author":1,"featured_media":0,"comment_status":"closed","ping_status":"closed","sticky":false,"template":"","format":"standard","meta":{"footnotes":""},"categories":[51],"tags":[],"class_list":["post-8196","post","type-post","status-publish","format-standard","hentry","category-archiv","two-columns"],"_links":{"self":[{"href":"https:\/\/instrid.sk\/en\/wp-json\/wp\/v2\/posts\/8196","targetHints":{"allow":["GET"]}}],"collection":[{"href":"https:\/\/instrid.sk\/en\/wp-json\/wp\/v2\/posts"}],"about":[{"href":"https:\/\/instrid.sk\/en\/wp-json\/wp\/v2\/types\/post"}],"author":[{"embeddable":true,"href":"https:\/\/instrid.sk\/en\/wp-json\/wp\/v2\/users\/1"}],"replies":[{"embeddable":true,"href":"https:\/\/instrid.sk\/en\/wp-json\/wp\/v2\/comments?post=8196"}],"version-history":[{"count":0,"href":"https:\/\/instrid.sk\/en\/wp-json\/wp\/v2\/posts\/8196\/revisions"}],"wp:attachment":[{"href":"https:\/\/instrid.sk\/en\/wp-json\/wp\/v2\/media?parent=8196"}],"wp:term":[{"taxonomy":"category","embeddable":true,"href":"https:\/\/instrid.sk\/en\/wp-json\/wp\/v2\/categories?post=8196"},{"taxonomy":"post_tag","embeddable":true,"href":"https:\/\/instrid.sk\/en\/wp-json\/wp\/v2\/tags?post=8196"}],"curies":[{"name":"wp","href":"https:\/\/api.w.org\/{rel}","templated":true}]}}