{"id":8211,"date":"2023-03-10T00:00:00","date_gmt":"2023-03-09T23:00:00","guid":{"rendered":"https:\/\/instrid.sk\/uncategorized\/vinterfestuka-oslavuje-historiu-a-pracovitost-norska\/"},"modified":"2023-03-10T00:00:00","modified_gmt":"2023-03-09T23:00:00","slug":"vinterfestuka-oslavuje-historiu-a-pracovitost-norska","status":"publish","type":"post","link":"https:\/\/instrid.sk\/en\/archiv\/vinterfestuka-oslavuje-historiu-a-pracovitost-norska\/","title":{"rendered":"Rozl\u00fa\u010dte sa so zimou v N\u00f3rsku. Vinterfestuka oslavuje hist\u00f3riu a pracovitos\u0165 \u013eud\u00ed bl\u00edzko pol\u00e1rneho kruhu"},"content":{"rendered":"<p><em>Vinterfestuka<\/em> si v\u00a0n\u00f3rskom meste Narvik ka\u017edoro\u010dne pripom\u00edna odhodlanos\u0165 miestnych obyvate\u013eov. Vybudovali \u017eeleznicu, ktor\u00e1 im zabezpe\u010dila ekonomick\u00fa samostatnos\u0165 a\u00a0odolala aj vojnov\u00fdm konfliktom.<\/p>\n<h3>Mal\u00e9 mesto s\u00a0d\u00f4le\u017eit\u00fdmi povinnos\u0165ami<\/h3>\n<p>Hoci Narvik le\u017e\u00ed v\u00a0severnej \u010dasti N\u00f3rska, nepokr\u00fdvaj\u00fa ho iba nemrzn\u00face n\u00e1nosy \u013eadu a\u00a0snehu. <strong>Pr\u00edstavn\u00e9 mesto<\/strong> sa nach\u00e1dza v\u00a0bl\u00edzkosti fjordu Ofotfjord, ktor\u00fd je od <strong>pol\u00e1rneho kruhu<\/strong> vzdialen\u00fd pribli\u017ene 200 kilometrov.<\/p>\n<p>Ekonomika mesta prekvit\u00e1 v\u010faka <strong>prevozu \u017eeleznej rudy<\/strong> z ban\u00ed v bl\u00edzkosti trasy ved\u00facej cez okresy Kiruna-G\u00e4llivare v severnom \u0160v\u00e9dsku. Hlavn\u00fdm d\u00f4vodom je fakt, \u017ee \u0161v\u00e9dske pr\u00edstavy v Botnickom z\u00e1live s\u00fa v zime zamrznut\u00e9. Preto Narvik u\u017e od roku 1883 z\u00edskal status rudn\u00e9ho pr\u00edstavu a v roku 1887 bol zn\u00e1my pod n\u00e1zvom Victoriahavn (Vikt\u00f3riin pr\u00edstav) &#8211; na po\u010des\u0165 korunnej princeznej \u0160v\u00e9dska.<\/p>\n zdroj: www.pinterest.com\n<p>S\u00fa\u010dasn\u00e9 pomenovanie z\u00edskalo mesto o\u00a0rok nesk\u00f4r, ke\u010f sa podniky dostali do r\u00fak n\u00f3rskej vl\u00e1dy. Nov\u00ed obyvatelia prib\u00fadali najm\u00e4 po dokon\u010den\u00ed jednej z najsevernej\u0161\u00edch \u017eelezni\u010dn\u00fdch trat\u00ed na svete medzi Narvikom a Kirunou.<\/p>\n<h3>Bitky o \u00fazemie<\/h3>\n<p>Hist\u00f3riu mesta ovplyvnila aj druh\u00e1 svetov\u00e1 vojna, ke\u010f sa ho zmocnili nemeck\u00e9 jednotky. V\u010faka v\u00fdstavbe impozantnej arktickej <strong>\u017eelezni\u010dnej trate &#8211; Ofotbanen<\/strong> sa mesto rozr\u00e1stlo a o\u017eilo. Nane\u0161\u0165astie, stanica sa stala svedkom ni\u010div\u00fdch n\u00e1sledkov druhej svetovej vojny. V roku 1940 sa vo fjordoch obklopuj\u00facich Narvik odohrala <strong>najv\u00e4\u010d\u0161ia n\u00e1morn\u00e1 bitka v severnom Atlantiku<\/strong>.<\/p>\n zdroj: unsplash.com\n<p>Anglo-franc\u00fazske sily pom\u00e1hali pri znovudobyt\u00ed pr\u00edstavu 28. m\u00e1ja 1940, ale 9. j\u00fana sa kv\u00f4li kolapsu na franc\u00fazskom fronte museli presun\u00fa\u0165 na \u010fal\u0161ie bojisko. Po vojne sa zni\u010den\u00e9 budovy zrekon\u0161truovali a obnovila sa funkcia rudn\u00e9ho pr\u00edstavu. <strong>Rybolov a cestovn\u00fd ruch<\/strong> s\u00fa dodnes ekonomick\u00fdmi oporami Narviku.<\/p>\n<h3>Mestsk\u00fd sviatok<\/h3>\n<p>Raz do roka sa mesto v severnom N\u00f3rsku preb\u00fadza k \u017eivotu pr\u00e1ve vtedy, ke\u010f Slnko op\u00e4\u0165 poraz\u00ed temn\u00fa arktick\u00fa zimu. <em>Vinterfestuka,<\/em> v\u00a0doslovnom preklade<em><strong> Zimn\u00fd festival<\/strong>,<\/em> na desa\u0165 dn\u00ed uvedie \u013eud\u00ed do <strong>radostn\u00e9ho kult\u00farneho festivalu<\/strong> pln\u00e9ho koncertov, tanca, divadla, umenia, v\u00fdstav a pouli\u010dn\u00fdch sprievodov.<\/p>\n<p>Okolnosti vzniku festivalu v\u00a0sebe sp\u00e1jaj\u00fa trad\u00edcie a\u00a0\u017eivot po industri\u00e1lnej revol\u00facii. Prv\u00fdkr\u00e1t sa sl\u00e1vnos\u0165 konala v\u00a0marci roku 1956, vtedy e\u0161te pod n\u00e1zvom<em> Franc\u00fazsky festival<\/em>. Oslavy odkazuj\u00fa na pr\u00edbehy, m\u00fdty a fakty z \u010dias v\u00fdstavby \u017eelezni\u010dn\u00e9ho syst\u00e9mu Narvik a Kiruna okolo roku 1900.<\/p>\n<p>Neoddelite\u013en\u00fdmi postavami\u00a0 Zimn\u00e9ho festivalu s\u00fa \u017eelezni\u010diari a\u00a0miestna hrdinka \u2013 <strong>\u201e\u010cierna Medvedica\u201c<\/strong> (Svarta Bjorn). O\u00a0tajomnej \u017eene vieme len p\u00e1r inform\u00e1ci\u00ed, ale obyvatelia jej vzdali poctu sochou, ktor\u00e1 je v bl\u00edzkosti \u017eelezni\u010dnej stanice Ofotban.<\/p>\n<p>V skuto\u010dnosti sa volala Anna Rebecka Hofstad a po\u010das v\u00fdstavby \u017eeleznice pracovala ako kuch\u00e1rka. Pod\u013ea z\u00e1znamov bola <strong>spo\u013eahliv\u00e1 a\u00a0temperamentn\u00e1<\/strong>, \u010do z nej urobilo legendu pre pr\u00e1cu, ktor\u00fa vykon\u00e1vala v arktickej divo\u010dine. Za svedomit\u00fa pr\u00e1cu bola \u201eodmenen\u00e1\u201c ne\u0161\u0165astn\u00fdm osudom. Zomrela ako 22-ro\u010dn\u00e1 po bitke s \u010fal\u0161\u00edm \u017eelezni\u010dn\u00fdm kuch\u00e1rom, ktor\u00fd jej zlomil rebr\u00e1 a smrte\u013ene udrel hlavu.<\/p>\n<h3>Festival, ktor\u00fd m\u00e1 h\u013abku<\/h3>\n<p>N\u00e1v\u0161teva Narviku po\u010das <em>Vinterfestuky<\/em> pripom\u00edna cestovanie v \u010dase sp\u00e4\u0165 na koniec 18. Storo\u010dia. Na po\u010des\u0165 t\u00fdchto \u00faspechov sa obyvatelia r\u00f4znych vekov\u00fdch kateg\u00f3ri\u00ed <strong>obliekaj\u00fa do historick\u00fdch \u0161iat<\/strong>. \u017deny nosia dlh\u00e9 \u0161aty a sukne a mu\u017ei volia dobov\u00e9 doplnky, ako s\u00fa n\u00e1morn\u00edcke klob\u00faky a \u0161atky.<\/p>\n zdroj: pinterest.com\n<p>Tohtoro\u010dn\u00e1 <em>Vinterfestuka<\/em> trv\u00e1 od<strong> 18. marca do 27. marca<\/strong>. V porad\u00ed 120. ro\u010dn\u00edk dopln\u00ed uvedenie <strong>nov\u00e9ho vlaku<\/strong> s\u00a0n\u00e1zvom Svarta Bjorn. Vzd\u00e1va poctu v\u0161etk\u00fdm, ktor\u00ed pri budovan\u00ed \u017eeleznice prilo\u017eili ruku k\u00a0dielu a\u00a0starali sa o\u00a0miestnych robotn\u00edkov.<\/p>\n<p>Vy\u0161e 14- tis\u00edcov\u00e9 mesto nav\u0161t\u00edvi po\u010das festivalu dvojn\u00e1sobn\u00fd po\u010det n\u00e1v\u0161tevn\u00edkov. Niet sa \u010do \u010dudova\u0165,\u00a0 <strong>viac<\/strong> <strong>ne\u017e 200 atrakci\u00ed<\/strong> v podobe hudobn\u00fdch vyst\u00fapen\u00ed, workshopov a prehliadok krojov zamestnaj\u00fa \u010dloveka na v\u0161etk\u00fdch desa\u0165 dn\u00ed.<\/p>\n<p><strong>Zdroje: www.britannica.com, www.visitnarvik.com<\/strong><\/p>\n<p><strong>Zdroj titulnej fotografie: www.unsplash.com<\/strong><\/p>","protected":false},"excerpt":{"rendered":"<p>Vinterfestuka si v\u00a0n\u00f3rskom meste Narvik ka\u017edoro\u010dne pripom\u00edna odhodlanos\u0165 miestnych obyvate\u013eov. Vybudovali \u017eeleznicu, ktor\u00e1 im zabezpe\u010dila ekonomick\u00fa samostatnos\u0165 a\u00a0odolala aj vojnov\u00fdm konfliktom. Mal\u00e9 mesto s\u00a0d\u00f4le\u017eit\u00fdmi povinnos\u0165ami<\/p>","protected":false},"author":1,"featured_media":0,"comment_status":"closed","ping_status":"closed","sticky":false,"template":"","format":"standard","meta":{"footnotes":""},"categories":[51],"tags":[],"class_list":["post-8211","post","type-post","status-publish","format-standard","hentry","category-archiv","two-columns"],"_links":{"self":[{"href":"https:\/\/instrid.sk\/en\/wp-json\/wp\/v2\/posts\/8211","targetHints":{"allow":["GET"]}}],"collection":[{"href":"https:\/\/instrid.sk\/en\/wp-json\/wp\/v2\/posts"}],"about":[{"href":"https:\/\/instrid.sk\/en\/wp-json\/wp\/v2\/types\/post"}],"author":[{"embeddable":true,"href":"https:\/\/instrid.sk\/en\/wp-json\/wp\/v2\/users\/1"}],"replies":[{"embeddable":true,"href":"https:\/\/instrid.sk\/en\/wp-json\/wp\/v2\/comments?post=8211"}],"version-history":[{"count":0,"href":"https:\/\/instrid.sk\/en\/wp-json\/wp\/v2\/posts\/8211\/revisions"}],"wp:attachment":[{"href":"https:\/\/instrid.sk\/en\/wp-json\/wp\/v2\/media?parent=8211"}],"wp:term":[{"taxonomy":"category","embeddable":true,"href":"https:\/\/instrid.sk\/en\/wp-json\/wp\/v2\/categories?post=8211"},{"taxonomy":"post_tag","embeddable":true,"href":"https:\/\/instrid.sk\/en\/wp-json\/wp\/v2\/tags?post=8211"}],"curies":[{"name":"wp","href":"https:\/\/api.w.org\/{rel}","templated":true}]}}