{"id":8217,"date":"2023-03-14T00:00:00","date_gmt":"2023-03-13T23:00:00","guid":{"rendered":"https:\/\/instrid.sk\/uncategorized\/zakaz-pouzivania-jednorazovych-plastov\/"},"modified":"2023-03-14T00:00:00","modified_gmt":"2023-03-13T23:00:00","slug":"zakaz-pouzivania-jednorazovych-plastov","status":"publish","type":"post","link":"https:\/\/instrid.sk\/en\/archiv\/zakaz-pouzivania-jednorazovych-plastov\/","title":{"rendered":"Franc\u00fazsko prijalo z\u00e1kaz pou\u017e\u00edvania jednorazov\u00fdch plastov v re\u0161taur\u00e1ci\u00e1ch. Na z\u00e1klade toho McDonald\u2019s rie\u0161i bizarn\u00fd probl\u00e9m"},"content":{"rendered":"<p>Od roku 2021 plat\u00ed pre mnoh\u00e9 eur\u00f3pske krajiny <strong>z\u00e1kaz pou\u017e\u00edvania jednorazov\u00fdch plastov v stravovac\u00edch zariadeniach.<\/strong> V\u00fdnimkou nie je ani Slovensko, pri\u010dom platnos\u0165 dan\u00e9ho z\u00e1konu prijalo v novembri v roku 2021.<\/p>\n<p>Ako sme p\u00edsali v na\u0161om predo\u0161lom \u010dl\u00e1nku, ide o glob\u00e1lny probl\u00e9m, nako\u013eko<strong> pr\u00edtomnos\u0165 mikroplastov sa zaznamenala u\u017e aj v \u013eudskej krvi alebo placente.<\/strong> Okrem toho sa st\u00e1vaj\u00fa s\u00fa\u010das\u0165ou potravinov\u00e9ho re\u0165azca mnoh\u00fdch \u017eivo\u010d\u00edchov \u017eij\u00facich v moriach alebo oce\u00e1noch.<\/p>\n<p>Ako informuje port\u00e1l Czechcrunch, v d\u00f4sledku toho sa k ostatn\u00fdm eur\u00f3pskym krajin\u00e1m pridalo aj Franc\u00fazsko. Spom\u00ednan\u00fd z\u00e1kon prijalo <strong>v janu\u00e1ri tohto roku,<\/strong> pri\u010dom sa vz\u0165ahuje na re\u0161taur\u00e1cie, ktor\u00e9 maj\u00fa viac ako 20 miest na sedenie.<\/p>\n<h3>Odpadov\u00e1 revol\u00facia<\/h3>\n<p>Z\u00e1kazn\u00edci franc\u00fazskeho zn\u00e1meho stravovacieho re\u0165azca McDonald\u2019s maj\u00fa od platnosti nov\u00e9ho z\u00e1kona svoje jedlo a pitie zabalen\u00e9 <strong>v umelohmotn\u00fdch vr\u00fabkovan\u00fdch obaloch a kel\u00edmkoch.<\/strong> Ide o takzvan\u00fa odpadov\u00fa revol\u00faciu, nako\u013eko dan\u00fd druh riadu po konzum\u00e1cii putuje priamo do um\u00fdva\u010dky riadu. Rovnak\u00fd bezodpadov\u00fd princ\u00edp by mohol prebieha\u0165 aj v slovensk\u00fdch a \u010desk\u00fdch pobo\u010dk\u00e1ch, nako\u013eko ide o ekologickej\u0161iu formu dreven\u00fdch a papierov\u00fdch riadov.<\/p>\n Od novembra roku 2021 plat\u00ed rovnak\u00fd z\u00e1kon aj pre Slovensko. Zdroj: pexels.com\n<p><strong><em>\u201eUdr\u017eate\u013enos\u0165 a odpadov\u00e1 politika je aj pre n\u00e1s v \u010ceskej republike a na Slovensku jednou z hlavn\u00fdch t\u00e9m, ktor\u00fdm sa dlhodobo venujeme. N\u00e1\u0161 strategick\u00fd pr\u00edstup je ne\u010daka\u0165 na z\u00e1konn\u00e9 ustanovenie, ale nadobudn\u00fa\u0165 konkr\u00e9tne kroky k \u0161etrnej\u0161iemu podnikaniu hne\u010f, ako je to mo\u017en\u00e9. V r\u00e1mci McDonald\u2019s doch\u00e1dza k zdie\u013eaniu praxe a sk\u00fasenost\u00ed z najr\u00f4znej\u0161\u00edch trhov vr\u00e1tane Franc\u00fazska,\u201c<\/em><\/strong> vysvet\u013euje riadite\u013eka PR a komunik\u00e1cie McDonald\u2019s pre \u010cesko a Slovensko Jitka Pajurkov\u00e1.<\/p>\n<p>Obalov\u00e1 strat\u00e9gia sa men\u00ed aj na \u00fazem\u00ed Ve\u013ekej Brit\u00e1nie, pri\u010dom<strong> spolu s Franc\u00fazskom \u010dak\u00e1 na v\u00fdsledky.<\/strong> Na z\u00e1klade nich bude re\u0165azec na \u00fazem\u00ed na\u0161ej krajiny podnika\u0165 \u010fal\u0161ie kroky, pri\u010dom sa po\u010d\u00edta aj s nieko\u013eko mili\u00f3nov\u00fdmi invest\u00edciami.<\/p>\n<h3>V\u00fdnimkou nie s\u00fa ani ostatn\u00e9 re\u0165azce<\/h3>\n<p>Vzh\u013eadom na to, \u017ee vl\u00e1da franc\u00fazskeho prezidenta Emmanuela Macrona berie Par\u00ed\u017esku dohodu o obmedzen\u00ed emisi\u00ed oxidu uhli\u010dit\u00e9ho v\u00e1\u017ene, v\u00fdnimkou nie s\u00fa ani ostatn\u00e9 stravovacie zariadenia. V\u0161etky fastfoodov\u00e9 re\u0165azce, <strong>ale aj kaviarne a pek\u00e1rne<\/strong> po novom ustanoven\u00ed pon\u00fakaj\u00fa len znovupou\u017eite\u013en\u00e9 n\u00e1dobie, ktor\u00e9 sa d\u00e1 \u013eahko umy\u0165.<\/p>\n<p>Na \u00fazem\u00ed danej krajiny funguje a\u017e 30-tis\u00edc re\u0161taur\u00e1ci\u00ed r\u00fdchleho ob\u010derstvenia, ktor\u00e9 vyprodukuj\u00fa <strong>pribli\u017ene 180 ton odpadu ro\u010dne.<\/strong> Vo v\u00e4\u010d\u0161ine pr\u00edpadov ide o umazan\u00e9 papierov\u00e9 obaly, slamky a dreven\u00e9 pr\u00edbory, ktor\u00e9 prispievaj\u00fa na\u010falej k zne\u010dis\u0165ovaniu.<\/p>\n<blockquote class=\"twitter-tweet\">\n<p dir=\"ltr\" lang=\"fr\">La loi anti-gaspillage, ce n\u2019est pas seulement la fin des pailles en plastique. Observez autour de vous : en France, les changements sont \u00e0 l&#8217;\u0153uvre pour faire \u00e9voluer nos modes de consommation et r\u00e9duire nos d\u00e9chets. On pousse pour le faire au niveau mondial. Changeons la donne ! https:\/\/t.co\/sd0YRRv1ko<\/p>\n<p>\u2014 Emmanuel Macron (@EmmanuelMacron) November 20, 2022<\/p><\/blockquote>\n<p><script async src=\"https:\/\/platform.twitter.com\/widgets.js\" charset=\"utf-8\"><\/script><\/p>\n<p>V d\u00f4sledku toho nov\u00e9 \u013eahko um\u00fdvate\u013en\u00e9 n\u00e1dobie spustilo pozit\u00edvne reakcie aj u samotn\u00fdch z\u00e1kazn\u00edkov prev\u00e1dzok. <strong>Jednu z reakci\u00ed zdie\u013eal na soci\u00e1lnej platforme Twitter aj prezident Emmanuel Macron.<\/strong><\/p>\n<p>Na z\u00e1klade toho na svojom twitterovom \u00fa\u010dte zverejnil motiv\u00e1ciu pre ob\u010danov, ktor\u00e1 znela nasledovne: <strong><em>\u201eZ\u00e1kon proti odpadu neznamen\u00e1 koniec len pre plastov\u00e9 slamky. Pozrite sa okolo seba: vo Franc\u00fazsku prebiehaj\u00fa zmeny na\u0161ich stanoven\u00fdch vzorcov spotreby, ktor\u00e9 zn\u00ed\u017eia mno\u017estvo odpadu. Sna\u017eme sa o to glob\u00e1lne. Po\u010fme to zmeni\u0165!\u201c<\/em><\/strong><\/p>\n<p><strong>Do papierov\u00fdch obalov m\u00f4\u017eu re\u0161taur\u00e1cie bali\u0165 len wrapy alebo burgery.<\/strong> Pokia\u013e ide o hranolky, pizzu, nugetky, zmrzlinu, \u0161al\u00e1ty a n\u00e1poje, putuj\u00fa do znovupou\u017eite\u013en\u00fdch obalov. D\u00f4le\u017eit\u00e9 je podotkn\u00fa\u0165 aj to, \u017ee z\u00e1kon sa zatia\u013e nevz\u0165ahuje na jedlo, ktor\u00e9 si z\u00e1kazn\u00edk objedn\u00e1va so sebou.<\/p>\n<h3>Prv\u00e9 probl\u00e9my<\/h3>\n<p>Aj cez kr\u00e1tku testovaciu dobu <strong>franc\u00fazske prev\u00e1dzky stihli zaznamena\u0165 nieko\u013eko negat\u00edv.<\/strong> Jedn\u00fdm z nich je kr\u00e1de\u017e spom\u00ednan\u00e9ho ekologick\u00e9ho nad\u010dasov\u00e9ho n\u00e1dobia v re\u0161taur\u00e1ciach McDonald\u2019s, nako\u013eko \u013eudia v \u0148om vidia vyu\u017eite\u013enos\u0165 aj vo svojich dom\u00e1cnostiach. Na to, aby spolo\u010dnos\u0165 obmedzila kr\u00e1de\u017eiam, musela vytvori\u0165 \u0161peci\u00e1lnu komunika\u010dn\u00fa kampa\u0148, v ktorej sa svojim z\u00e1kazn\u00edkom prihov\u00e1ra, aby ho nechali v re\u0161taur\u00e1cii. S t\u00fdmto fenom\u00e9nom bud\u00fa musie\u0165 po\u010d\u00edta\u0165 aj \u010desk\u00e9 a slovensk\u00e9 prev\u00e1dzky, nako\u013eko s ve\u013ekou pravdepodobnos\u0165ou p\u00f4jde pre host\u00ed o atrakt\u00edvny dizajn.<\/p>\n<p>\u010eal\u0161\u00edm probl\u00e9mom s\u00fa <strong>vysok\u00e9 n\u00e1klady.<\/strong> Pod\u013ea inform\u00e1ci\u00ed denn\u00edka Financial Times ide o invest\u00edciu v podobe pribli\u017ene 15-tis\u00edc eur. Zah\u0155\u0148a za\u0161kolenie person\u00e1lu, infografiky pre z\u00e1kazn\u00edkov, ale aj k\u00fapu um\u00fdva\u010diek riadu.,<\/p>\n Vl\u00e1da franc\u00fazskeho prezidenta Emmanuela Macrona berie Par\u00ed\u017esku dohodu v\u00e1\u017ene. Zdroj: pexels.com\n<p>Czechcrunch dod\u00e1va, \u017ee<strong> energetick\u00e1 kr\u00edza ide s negat\u00edvami oh\u013eadom nov\u00fdch ekologick\u00fdch riadov ruka v ruke.<\/strong> Pr\u00e1ve zv\u00fd\u0161en\u00e9 n\u00e1klady na spotrebu elektriny a vody m\u00f4\u017eu franc\u00fazske prev\u00e1dzky ve\u013emi potr\u00e1pi\u0165. Jedna zo \u0161t\u00fadi\u00ed dokonca uv\u00e1dza, \u017ee pri v\u00fdrobe papierov\u00fdch obalov vznikne ich zv\u00fd\u0161enou spotrebou takmer trikr\u00e1t viac emisi\u00ed oxidu uhli\u010dit\u00e9ho ne\u017e v pr\u00edpade jednorazov\u00fdch plastov\u00fdch obalov. Pokia\u013e ide o um\u00fdvanie obalov, spotreba vody sa zv\u00fd\u0161i takmer a\u017e o \u0161tyrikr\u00e1t. Okrem toho v\u00e4\u010d\u0161ina re\u0161taur\u00e1ci\u00ed zvolilo najmenej n\u00e1kladn\u00fd tvrd\u00fd plast, ktor\u00fd sa r\u00fdchlo opotreb\u00fava. V d\u00f4sledku toho hroz\u00ed, \u017ee svoju prim\u00e1rnu funkciu bude plni\u0165 ve\u013emi kr\u00e1tky \u010das.<\/p>","protected":false},"excerpt":{"rendered":"<p>Od roku 2021 plat\u00ed pre mnoh\u00e9 eur\u00f3pske krajiny z\u00e1kaz pou\u017e\u00edvania jednorazov\u00fdch plastov v stravovac\u00edch zariadeniach. V\u00fdnimkou nie je ani Slovensko, pri\u010dom platnos\u0165 dan\u00e9ho z\u00e1konu prijalo<\/p>","protected":false},"author":1,"featured_media":0,"comment_status":"closed","ping_status":"closed","sticky":false,"template":"","format":"standard","meta":{"footnotes":""},"categories":[51],"tags":[],"class_list":["post-8217","post","type-post","status-publish","format-standard","hentry","category-archiv","two-columns"],"_links":{"self":[{"href":"https:\/\/instrid.sk\/en\/wp-json\/wp\/v2\/posts\/8217","targetHints":{"allow":["GET"]}}],"collection":[{"href":"https:\/\/instrid.sk\/en\/wp-json\/wp\/v2\/posts"}],"about":[{"href":"https:\/\/instrid.sk\/en\/wp-json\/wp\/v2\/types\/post"}],"author":[{"embeddable":true,"href":"https:\/\/instrid.sk\/en\/wp-json\/wp\/v2\/users\/1"}],"replies":[{"embeddable":true,"href":"https:\/\/instrid.sk\/en\/wp-json\/wp\/v2\/comments?post=8217"}],"version-history":[{"count":0,"href":"https:\/\/instrid.sk\/en\/wp-json\/wp\/v2\/posts\/8217\/revisions"}],"wp:attachment":[{"href":"https:\/\/instrid.sk\/en\/wp-json\/wp\/v2\/media?parent=8217"}],"wp:term":[{"taxonomy":"category","embeddable":true,"href":"https:\/\/instrid.sk\/en\/wp-json\/wp\/v2\/categories?post=8217"},{"taxonomy":"post_tag","embeddable":true,"href":"https:\/\/instrid.sk\/en\/wp-json\/wp\/v2\/tags?post=8217"}],"curies":[{"name":"wp","href":"https:\/\/api.w.org\/{rel}","templated":true}]}}