{"id":8222,"date":"2023-03-16T00:00:00","date_gmt":"2023-03-15T23:00:00","guid":{"rendered":"https:\/\/instrid.sk\/uncategorized\/faux-pas-na-oscaroch-v-sekcii-in-memoriam-chybalo-viacero-osobnosti-medzi-nimi-aj-charlbi-deanova\/"},"modified":"2023-03-16T00:00:00","modified_gmt":"2023-03-15T23:00:00","slug":"faux-pas-na-oscaroch-v-sekcii-in-memoriam-chybalo-viacero-osobnosti-medzi-nimi-aj-charlbi-deanova","status":"publish","type":"post","link":"https:\/\/instrid.sk\/en\/archiv\/faux-pas-na-oscaroch-v-sekcii-in-memoriam-chybalo-viacero-osobnosti-medzi-nimi-aj-charlbi-deanova\/","title":{"rendered":"Faux pas na Oscaroch: V sekcii in memoriam ch\u00fdbalo viacero osobnost\u00ed, medzi nimi aj Charlbi Deanov\u00e1"},"content":{"rendered":"<p><strong>Ani tohtoro\u010dn\u00e1 ed\u00edcia odovzd\u00e1vania Oscarov sa nezaobi\u0161la bez kontroverzie. Nepadla s\u00edce \u017eiadna facka, ale organiz\u00e1tori opomenuli v sekcii in memoriam viacero osobnost\u00ed filmov\u00e9ho sveta, ktor\u00e9 zosnuli minul\u00fd rok. Americk\u00e1 Akad\u00e9mia filmov\u00fdch umen\u00ed a vied len zobrazila QR k\u00f3d s odkazom na svoju internetov\u00fa str\u00e1nku s kompletn\u00fdm menoslovom zosnul\u00fdch, \u010do je v\u0161ak slab\u00e1 n\u00e1plas\u0165 na ch\u00fdbaj\u00facu spomienku v \u017eivom vysielan\u00ed.<\/strong><\/p>\n<h2>Faux pas na Oscaroch<\/h2>\n<p>Na galave\u010dere poburuj\u00faco <strong>opomenuli aj Charlbi Deanov\u00fa, hoci posledn\u00fd film, v ktorom hrala &#8211; Trojuholn\u00edk sm\u00fatku &#8211; s\u00fa\u0165a\u017eil v hlavnej kateg\u00f3rii o najlep\u0161\u00ed film.<\/strong> Juhoafrick\u00e1 here\u010dka skonala 22. augusta 2022 v newyorskej nemocnici vo veku iba 32 rokov po n\u00e1hlej chorobe. V Trojuholn\u00edku sm\u00fatku stv\u00e1rnila jednu z hlavn\u00fdch post\u00e1v po boku Harrisa Dickinsona, Dolly De Leonovej, Woodyho Harrelsona \u010di Zlatka Buri\u010da.<\/p>\n<p>\u201eT\u00fato \u00falohu si budeme pam\u00e4ta\u0165 ako k\u013e\u00fa\u010dov\u00fa v jej kari\u00e9re. Bezchybne zahrala Yayu, influencerku na soci\u00e1lnych sie\u0165ach v predstieranom vz\u0165ahu s modelom Carlom (Harris Dickinson). Dvojica sa v satirickej sn\u00edmke \u0161v\u00e9dskeho re\u017eis\u00e9ra Rubena \u00d6stlunda sna\u017e\u00ed zv\u00e4\u010d\u0161i\u0165 dosah svojich instagramov\u00fdch \u00fa\u010dtov. Z\u00e1vere\u010dn\u00fd diel jeho antikapitalistickej tril\u00f3gie bol v m\u00e9di\u00e1ch z viacer\u00fdch d\u00f4vodov. Okrem toho, \u017ee si z\u00edskal celosvetov\u00fa pozornos\u0165 ziskom prest\u00ed\u017enej Zlatej palmy na festivala Cannes, <strong>produkciu pozna\u010dila aj trag\u00e9dia &#8211; \u00famrtie hviezdy Charlbi Deanovej vo veku len 32 rokov,\u201d<\/strong> nap\u00edsal port\u00e1l faroutmagazine.co.uk.<\/p>\n<p style=\"text-align: center;\"><em><strong>Ilustra\u010dn\u00fd obr\u00e1zok. Zdroj: pixabay.com<\/strong><\/em><\/p>\n<h3>Vynechali aj \u010fal\u0161\u00edch<\/h3>\n<p>Sekciu in memoriam uviedol <strong>John Travolta, ktor\u00fd sa neubr\u00e1nil em\u00f3ci\u00e1m pri spomienke na svoju kolegy\u0148u z Pom\u00e1dy Oliviu Newtonov\u00fa-Johnov\u00fa.<\/strong> Lenny Kravitz potom zahral na klav\u00edri a zaspeival svoju piese\u0148 \u201cCalling All Angels\u201d a za n\u00edm na ve\u013ekoplo\u0161nej obrazovke premietli <strong>fotografie takmer \u0161es\u0165desiatich \u010dlenov filmov\u00e9ho priemyslu, ktor\u00ed zomreli v minulom roku.<\/strong><\/p>\n<p>Charlbi Deanov\u00e1 v\u0161ak nebola jedin\u00e1, kto sa nezmestil do trojmin\u00fatovej sekvencie. <strong>Pocty sa nedo\u010dkali ani Anne Hecheov\u00e1<\/strong>, zn\u00e1ma z filmu Donnie Brasco, <strong>Tom Sizemore<\/strong> (Zachr\u00e1\u0148te vojaka Ryana, Ne\u013e\u00fatostn\u00fd s\u00faboj), <strong>Fred Ward<\/strong> (\u00datek z Alcatrazu), <strong>Leslie Jordan<\/strong> (Sordid Lives, The United States vs. Billie Holiday) \u010di <strong>Paul Sorvino<\/strong>, ktor\u00fd sa presl\u00e1vil predov\u0161etk\u00fdm ako gangster Paulie Cicero vo filme Mafi\u00e1ni (Goodfellas) Martina Scorseseho z roku 1990.<\/p>\n<h3>S\u0165a\u017enosti pozostal\u00fdch<\/h3>\n<p>Sorvino zomrel vlani v j\u00fali po zdravotn\u00fdch probl\u00e9moch vo veku 83 rokov a jeho rodina sa ohradila proti tomu, \u017ee zosnul\u00fd herec <strong>figuroval len na miniat\u00farnej fotografii ako s\u00fa\u010das\u0165 kol\u00e1\u017ee s \u010fal\u0161\u00edmi 250 \u013eu\u010fmi.<\/strong> \u201eBol jedn\u00fdm z najlep\u0161\u00edch hercov v kinematografickej hist\u00f3rii Hollywoodu. Je necitliv\u00e9, \u017ee sa ho niekto rozhodol vynecha\u0165 zo sekcie in memoriam na Oscaroch. Nemohli do trojhodinov\u00e9ho programu prida\u0165 nieko\u013eko min\u00fat navy\u0161e, aby to bolo v poriadku? Paul Sorvino dal filmov\u00e9mu priemyslu desiatky rokov svojho \u017eivota a v\u0161etci ho mali radi. Paul nebol jedin\u00fd, kto si nezasl\u00fa\u017eil tak\u00fdto pr\u00edstup. <strong>QR k\u00f3d nie je akceptovate\u013en\u00e1 n\u00e1hrada. Akad\u00e9mia by sa mala ospravedlni\u0165, prizna\u0165 chybu a nabud\u00face to spravi\u0165 lep\u0161ie,\u201d vyhl\u00e1sila Sorvinova man\u017eelka Dee Dee pre magaz\u00edn People.<\/strong><\/p>\n<p style=\"text-align: center;\"><em><strong>Ilustra\u010dn\u00fd obr\u00e1zok. Zdroj: pixabay.com<\/strong><\/em><\/p>\n<p><strong>Nespokojnos\u0165 vyjadrila aj jeho dc\u00e9ra a here\u010dka Mira Sorvinov\u00e1<\/strong>, dr\u017eite\u013eka Oscara i Zlat\u00e9ho gl\u00f3busu za najlep\u0161\u00ed v\u00fdkon vo ved\u013eaj\u0161ej \u00falohe za film Woodyho Allena \u201eMocn\u00e1 Afrodita\u201d z roku 1995. Na soci\u00e1lnej sieti Twitter nap\u00edsala: \u201eJe pre m\u0148a nepochopite\u013en\u00e9, \u017ee opomenuli m\u00f4jho milovan\u00e9ho otca a \u010fal\u0161\u00edch \u00fa\u017easn\u00fdch zosnul\u00fdch hercov. <strong>Oscary zabudli na Paula Sorvina, ale my ostatn\u00ed na\u0148ho nikdy nezabudneme!!\u201d<\/strong><\/p>\n<h3>Gesto vo filme T\u00e1r<\/h3>\n<p><strong>Povrchn\u00fd pr\u00edstup<\/strong> k sekcii in memoriam na najsledovanej\u0161ej filmovej udalosti roka <strong>je symptomatick\u00fd v dne\u0161nej dobe zn\u00ed\u017eenej pozornosti. Bojova\u0165 proti tomuto trendu<\/strong> sa rozhodli tvorcovia filmu T\u00e1r, ktor\u00fd m\u00f4\u017eeme moment\u00e1lne vidie\u0165 aj v na\u0161ich kin\u00e1ch. <strong>Titulky<\/strong> s menoslovom v\u0161etk\u00fdch podie\u013eaj\u00facich sa na v\u00fdrobe <strong>predsunuli na za\u010diatok filmu<\/strong> a div\u00e1kov t\u00fdm prin\u00fatili odsledova\u0165 ich. Je to <strong>odv\u00e1\u017eny krok<\/strong>, ke\u010f vezmeme do \u00favahy, \u017ee streamovacie slu\u017eby pon\u00fakaj\u00fa mo\u017enos\u0165 jedn\u00fdm kliknut\u00edm presko\u010di\u0165 \u00favodn\u00e9 titulky a tie z\u00e1vere\u010dn\u00e9 letia takmer nebadate\u013ene. Od americk\u00e9ho re\u017eis\u00e9ra Todda Fielda je to minim\u00e1lne <strong>ve\u013emi pekn\u00e9 gesto smerom ku v\u0161etk\u00fdm z\u00fa\u010dastnen\u00fdm<\/strong>, ktor\u00fdch mraven\u010dia pr\u00e1ca by in\u00e1\u010d zostala bez pov\u0161imnutia. \u201eChcel som zmeni\u0165 poh\u013ead div\u00e1kov na hierarchiu,\u201d vysvetlil Field v jednom z rozhovorov.<\/p>\n<p>&nbsp;<\/p>\n<p><em><strong>Zdroje: faroutmagazine.co.uk, vulture.com, news.yahoo.com, theconversation.com<\/strong><\/em><\/p>\n<p><em><strong>Zdroj titulnej fotografie: pixabay.com<\/strong><\/em><\/p>","protected":false},"excerpt":{"rendered":"<p>Ani tohtoro\u010dn\u00e1 ed\u00edcia odovzd\u00e1vania Oscarov sa nezaobi\u0161la bez kontroverzie. Nepadla s\u00edce \u017eiadna facka, ale organiz\u00e1tori opomenuli v sekcii in memoriam viacero osobnost\u00ed filmov\u00e9ho sveta, ktor\u00e9<\/p>","protected":false},"author":1,"featured_media":0,"comment_status":"closed","ping_status":"closed","sticky":false,"template":"","format":"standard","meta":{"footnotes":""},"categories":[51],"tags":[],"class_list":["post-8222","post","type-post","status-publish","format-standard","hentry","category-archiv","two-columns"],"_links":{"self":[{"href":"https:\/\/instrid.sk\/en\/wp-json\/wp\/v2\/posts\/8222","targetHints":{"allow":["GET"]}}],"collection":[{"href":"https:\/\/instrid.sk\/en\/wp-json\/wp\/v2\/posts"}],"about":[{"href":"https:\/\/instrid.sk\/en\/wp-json\/wp\/v2\/types\/post"}],"author":[{"embeddable":true,"href":"https:\/\/instrid.sk\/en\/wp-json\/wp\/v2\/users\/1"}],"replies":[{"embeddable":true,"href":"https:\/\/instrid.sk\/en\/wp-json\/wp\/v2\/comments?post=8222"}],"version-history":[{"count":0,"href":"https:\/\/instrid.sk\/en\/wp-json\/wp\/v2\/posts\/8222\/revisions"}],"wp:attachment":[{"href":"https:\/\/instrid.sk\/en\/wp-json\/wp\/v2\/media?parent=8222"}],"wp:term":[{"taxonomy":"category","embeddable":true,"href":"https:\/\/instrid.sk\/en\/wp-json\/wp\/v2\/categories?post=8222"},{"taxonomy":"post_tag","embeddable":true,"href":"https:\/\/instrid.sk\/en\/wp-json\/wp\/v2\/tags?post=8222"}],"curies":[{"name":"wp","href":"https:\/\/api.w.org\/{rel}","templated":true}]}}