{"id":8227,"date":"2023-03-19T00:00:00","date_gmt":"2023-03-18T23:00:00","guid":{"rendered":"https:\/\/instrid.sk\/uncategorized\/synestezia-prepletanie-zmyslov-ktore-nas-fascinuje\/"},"modified":"2023-03-19T00:00:00","modified_gmt":"2023-03-18T23:00:00","slug":"synestezia-prepletanie-zmyslov-ktore-nas-fascinuje","status":"publish","type":"post","link":"https:\/\/instrid.sk\/en\/archiv\/synestezia-prepletanie-zmyslov-ktore-nas-fascinuje\/","title":{"rendered":"Synest\u00e9zia \u2013 prepletanie zmyslov, ktor\u00e9 n\u00e1s fascinuje"},"content":{"rendered":"<p>Ka\u017ed\u00fd z\u00a0piatich zmyslov m\u00e1 svoju prim\u00e1rnu funkciu. Synest\u00e9zia v\u0161ak men\u00ed v\u0161etky tieto poznatky nezvy\u010dajn\u00fdm sp\u00f4sobom. \u010co sa odohr\u00e1va v mozgu, ke\u010f sa rozhodne zradi\u0165 na\u0161e doteraj\u0161ie vedomosti?<\/p>\n<h3>Vn\u00edmanie z\u00a0in\u00e9ho uhla poh\u013eadu<\/h3>\n<p>Hoci \u010dloveka m\u00f4\u017eu prvotn\u00e9 prejavy synest\u00e9zie vy\u013eaka\u0165, nejde o\u00a0\u017eiadnu v\u00e1\u017enu poruchu alebo du\u0161evn\u00fa chorobu. Niektor\u00e9 \u0161t\u00fadie nazna\u010duj\u00fa, \u017ee \u013eudia, ktor\u00ed\u00a0 tento jav maj\u00fa, m\u00f4\u017eu dosiahnu\u0165 lep\u0161ie<strong> v\u00fdsledky v testoch inteligencie<\/strong> ako t\u00ed, ktor\u00fdch zmysly funguj\u00fa klasicky.<\/p>\n<p>Synest\u00e9zia je neurologick\u00fd stav, pri ktorom inform\u00e1cie ur\u010den\u00e9 na stimul\u00e1ciu jedn\u00e9ho z na\u0161ich zmyslov podnecuj\u00fa nieko\u013eko \u010fal\u0161\u00edch. Samotn\u00e9 slovo poch\u00e1dza z gr\u00e9ckych slov: <em>synth<\/em> (spolu)a <em>et\u00e9zia<\/em> (vn\u00edmanie). Synest\u00e9ti m\u00f4\u017eu \u010dasto vidie\u0165 \u00a0hudbu ako farby, ke\u010f ju po\u010duj\u00fa, a\u00a0ochutna\u0165 text\u00fary ako \u201eokr\u00fahle\u201c alebo \u201e\u0161picat\u00e9\u201c, ke\u010f jedia jedlo.<\/p>\n Najete sa aj o\u010dami? Ak sa v\u00e1m zmysly zamie\u0148aj\u00fa, m\u00f4\u017ee to by\u0165 pr\u00edznakom synest\u00e9zie. zdroj: pexels.com\n<p>Samotn\u00fd stav sa pova\u017euje za zriedkav\u00fd, preto\u017ee pod\u013ea v\u00fdskumov je potvrden\u00fd u jedn\u00e9ho z 2000 \u013eud\u00ed na svete. V\u00e4\u010d\u0161inu tejto popul\u00e1cie tvoria \u017eeny alebo <strong>\u013eav\u00e1ci<\/strong>. Druh\u00e1 uveden\u00e1 skupina m\u00e1 v\u00e4\u010d\u0161iu \u0161ancu nadobudn\u00fa\u0165 schopnos\u0165 synest\u00e9zie v\u010faka faktu, \u017ee tento jav <strong>vznik\u00e1 v \u013eavej mozgovej hemisf\u00e9re<\/strong>.<\/p>\n<p>K\u00a0synest\u00e9tom patr\u00ed aj nieko\u013eko sl\u00e1vnych osobnost\u00ed. K\u00a0\u010d\u00edslam priradzoval \u0161pecifick\u00e9 farby napr\u00edklad svetozn\u00e1my spisovate\u013e <strong>Vladimir Nabokov<\/strong>. Vidie\u0165 zvuky dok\u00e1\u017ee napr\u00edklad spev\u00e1cka hviezda <strong>Beyonc\u00e9<\/strong> alebo legend\u00e1rny skladate\u013e <strong>Hans Zimmer<\/strong>.<\/p>\n<h3>Od \u010duchu po chu\u0165<\/h3>\n<p>Synest\u00e9zia zachyt\u00e1va na\u0161u pozornos\u0165 u\u017e nieko\u013eko storo\u010d\u00ed. pozorovan\u00e1 po st\u00e1ro\u010dia. Filozof John Locke prv\u00fdkr\u00e1t v\u00a0roku 1690 nap\u00edsal o slepom mu\u017eovi, ktor\u00fd \u201euvidel\u201c \u0161arl\u00e1tov\u00fa farbu, ke\u010f za\u010dul zvuky tr\u00fabky. V roku 1883 anglick\u00fd polyhistorik Francis Galton identifikoval zriedkavej\u0161\u00ed typ tohto javu. \u013dudia, s\u00a0ktor\u00fdmi sa rozpr\u00e1val, si<strong> v\u00a0duchu predstavovali ka\u017ed\u00e9 vysloven\u00e9 slovo<\/strong> &#8211; akoby \u010d\u00edtali z dlh\u00e9ho imagin\u00e1rneho zoznamu.<\/p>\n<p>R\u00f4zne typy synest\u00e9zie s\u00fa niekedy \u00faplne odli\u0161n\u00e9 vo svojej zmyslovej povahe. \u013dudia m\u00f4\u017eu ma\u0165 dokonca <strong>viacero prejavov<\/strong>. V z\u00e1vislosti od toho, ktor\u00e9 zmysly s\u00fa sp\u00e1rovan\u00e9, sa po\u010det podtypov pohybuje od 35 do 60. Medzi naj\u010dastej\u0161ie patria:<\/p>\n<ul>\n<li><em>synest\u00e9zia graf\u00e9my \u2013 farby:<\/em> ur\u010dit\u00e9 p\u00edsmen\u00e1 alebo \u010d\u00edsla predstavuj\u00fa konkr\u00e9tne farby<\/li>\n<li><em>synest\u00e9zia zvuku \u2013 farby:<\/em> mel\u00f3dia odrazu nete\u0161\u00ed len na\u0161e u\u0161i, ale zrakom zachyt\u00e1vame r\u00f4zne farebn\u00e9 sch\u00e9my<\/li>\n<li><em>lexik\u00e1lno \u2013 chu\u0165ov\u00e1 synest\u00e9zia:<\/em> niektor\u00e9 slov\u00e1 alebo zvuky vyvol\u00e1vaj\u00fa r\u00f4zne chute.<\/li>\n<\/ul>\n<p>Zauj\u00edmav\u00fdm druhom je <strong>telegrafick\u00e1\/titulkov\u00e1 synest\u00e9zia<\/strong>. Pri po\u010d\u00favan\u00ed re\u010dn\u00edka vid\u00ed \u010dlovek pred sebou slov\u00e1, podobne ako po\u010das sledovania cudzojazy\u010dn\u00e9ho filmu.<\/p>\n<h3>Je v\u00e1m zmyslov\u00e1 \u0161pir\u00e1la zn\u00e1ma?<\/h3>\n<p>Synest\u00e9ziu m\u00f4\u017eeme pre\u017e\u00edva\u0165 u\u017e v pred\u0161kolskom veku, aj ke\u010f si to vtedy neuvedomujeme. Za\u017eili ste niektor\u00fd z t\u00fdchto prejavov?<\/p>\n<ul>\n<li>Po\u010dutie\/videnie slova po ochutnan\u00ed jedla<\/li>\n<li>Zobrazenie tvaru po ochutnan\u00ed jedla<\/li>\n<li>Zobrazenie tvarov pri po\u010d\u00favan\u00ed hudby<\/li>\n<li>Po\u010dutie zvukov pri zachyten\u00ed ur\u010ditej v\u00f4ne<\/li>\n<li>Po\u010dutie zvukov pri ochutn\u00e1van\u00ed jedla<\/li>\n<li>C\u00ed\u0165te dotyk, ke\u010f vid\u00edte, ako sa niekto dot\u00fdka niekoho in\u00e9ho \u2013 zrkadlov\u00fd dotyk<\/li>\n<\/ul>\n<p><iframe title=\"Ratatouille - Synesthesia - Michel Gagn\u00e9 FX Animation\" width=\"640\" height=\"360\" src=\"https:\/\/www.youtube.com\/embed\/rLXYILcRoPQ?feature=oembed\" frameborder=\"0\" allow=\"accelerometer; autoplay; clipboard-write; encrypted-media; gyroscope; picture-in-picture; web-share\" referrerpolicy=\"strict-origin-when-cross-origin\" allowfullscreen><\/iframe><\/p>\n<h3>Z\u00e1hada mozgu alebo g\u00e9nov?<\/h3>\n<p>V s\u00fa\u010dasnosti vedci veria, \u017ee ak z\u00edskame viac vedomost\u00ed o tomto stave a o tom, ako to funguje, dok\u00e1\u017eeme lep\u0161ie pochopi\u0165 vn\u00edmanie vonkaj\u0161ieho sveta. Synest\u00e9zia je v\u00fdsledkom <strong>nezvy\u010dajn\u00e9ho zapojenia v mozgu<\/strong>, ku ktor\u00e9mu doch\u00e1dza po\u010das v\u00fdvoja. Neur\u00f3ny synest\u00e9tov dosahuj\u00fa aj vzdialenej\u0161ie oblasti ako je be\u017ene zn\u00e1me.<\/p>\n Synest\u00e9zia poskytuje jedine\u010dn\u00fd poh\u013ead na to, ako spracov\u00e1vame a komunikujeme inform\u00e1cie. zdroj: pixabay.com\n<p>\u010eal\u0161ie v\u00fdskumy sa s\u00fastredia na <strong>genetick\u00fa stopu,<\/strong> ktor\u00e1 odovzd\u00e1va tento jav \u010fal\u0161\u00edm gener\u00e1ci\u00e1m. Na to, aby sa neuroveda mohla zaobera\u0165 \u010fal\u0161\u00edmi pr\u00edpadmi, je v\u0161ak potrebn\u00e9 o\u00a0tomto nezvy\u010dajnom jave hovori\u0165 \u010doraz \u010dastej\u0161ie.<\/p>\n<p><strong>Zdroje: www.synesthesia.com, www.webmd.com<\/strong><\/p>\n<p><strong>Zdroj titulnej fotografie: www.pexels.com<\/strong><\/p>","protected":false},"excerpt":{"rendered":"<p>Ka\u017ed\u00fd z\u00a0piatich zmyslov m\u00e1 svoju prim\u00e1rnu funkciu. Synest\u00e9zia v\u0161ak men\u00ed v\u0161etky tieto poznatky nezvy\u010dajn\u00fdm sp\u00f4sobom. \u010co sa odohr\u00e1va v mozgu, ke\u010f sa rozhodne zradi\u0165 na\u0161e<\/p>","protected":false},"author":1,"featured_media":0,"comment_status":"closed","ping_status":"closed","sticky":false,"template":"","format":"standard","meta":{"footnotes":""},"categories":[51],"tags":[],"class_list":["post-8227","post","type-post","status-publish","format-standard","hentry","category-archiv","two-columns"],"_links":{"self":[{"href":"https:\/\/instrid.sk\/en\/wp-json\/wp\/v2\/posts\/8227","targetHints":{"allow":["GET"]}}],"collection":[{"href":"https:\/\/instrid.sk\/en\/wp-json\/wp\/v2\/posts"}],"about":[{"href":"https:\/\/instrid.sk\/en\/wp-json\/wp\/v2\/types\/post"}],"author":[{"embeddable":true,"href":"https:\/\/instrid.sk\/en\/wp-json\/wp\/v2\/users\/1"}],"replies":[{"embeddable":true,"href":"https:\/\/instrid.sk\/en\/wp-json\/wp\/v2\/comments?post=8227"}],"version-history":[{"count":0,"href":"https:\/\/instrid.sk\/en\/wp-json\/wp\/v2\/posts\/8227\/revisions"}],"wp:attachment":[{"href":"https:\/\/instrid.sk\/en\/wp-json\/wp\/v2\/media?parent=8227"}],"wp:term":[{"taxonomy":"category","embeddable":true,"href":"https:\/\/instrid.sk\/en\/wp-json\/wp\/v2\/categories?post=8227"},{"taxonomy":"post_tag","embeddable":true,"href":"https:\/\/instrid.sk\/en\/wp-json\/wp\/v2\/tags?post=8227"}],"curies":[{"name":"wp","href":"https:\/\/api.w.org\/{rel}","templated":true}]}}