{"id":8229,"date":"2023-03-21T00:00:00","date_gmt":"2023-03-20T23:00:00","guid":{"rendered":"https:\/\/instrid.sk\/uncategorized\/prekrocenie-1-5-stupna-celzia\/"},"modified":"2023-03-21T00:00:00","modified_gmt":"2023-03-20T23:00:00","slug":"prekrocenie-1-5-stupna-celzia","status":"publish","type":"post","link":"https:\/\/instrid.sk\/en\/archiv\/prekrocenie-1-5-stupna-celzia\/","title":{"rendered":"\u013dudstvo sa pohybuje na tenkom \u013eade. Prekro\u010denie 1,5 stup\u0148a Celzia m\u00f4\u017ee nasta\u0165 u\u017e v nasleduj\u00facom desa\u0165ro\u010d\u00ed"},"content":{"rendered":"<p>Bl\u00ed\u017eiace sa prekro\u010denie priemernej teploty o 1,5 stup\u0148a Celzia sa dost\u00e1va \u010doraz viac do povedomia. <strong>Nielen\u017ee ovplyvn\u00ed na\u0161e \u017eivoty, ale aj fungovanie plan\u00e9ty.<\/strong><\/p>\n<p>Ako sme p\u00edsali v na\u0161om predo\u0161lom \u010dl\u00e1nku, Medzivl\u00e1dny panel pre klimatick\u00fa zmenu v roku 2021 uviedol, \u017ee Zem m\u00f4\u017ee dan\u00e9mu otepleniu \u010deli\u0165 u\u017e po\u010das roku 2040. V priebehu posledn\u00fdch rokov sme boli svedkami mas\u00edvnych po\u017eiarov v d\u00f4sledku vysok\u00fdch tepl\u00f4t, <strong>ktor\u00e9 pod\u013ea vedcov m\u00f4\u017eu nabera\u0165 \u010doraz viac na intenzite.<\/strong><\/p>\n<p>Glob\u00e1lne otep\u013eovanie v\u0161ak nie je len probl\u00e9m s\u00fa\u010dasnosti. <strong>Vedci u\u017e od roku 1988 varuj\u00fa pred zr\u00fdchlen\u00fdmi klimatick\u00fdmi zmenami,<\/strong> ktor\u00e9 sa daj\u00fa prostredn\u00edctvom spr\u00e1vnych opatren\u00ed zmierni\u0165, uv\u00e1dza port\u00e1l Czechcrunch. Ve\u013ek\u00fd d\u00f4raz sa kladie najm\u00e4 na fos\u00edlne paliv\u00e1, do ktor\u00fdch smeruje v\u00e4\u010d\u0161\u00ed objem financi\u00ed ne\u017e do klimatick\u00fdch opatren\u00ed.<\/p>\n<h3>Dramatick\u00e9 zni\u017eovanie emisi\u00ed<\/h3>\n<p>Organiz\u00e1cia Spojen\u00fdch n\u00e1rodov uviedla, \u017ee<strong> svet prekro\u010d\u00ed oteplenie o 1,5 stup\u0148a Celzia pribli\u017ene za desa\u0165ro\u010die,<\/strong> informuje port\u00e1l ScienceAlert. Z\u00e1rove\u0148 varovala, \u017ee ni\u010div\u00e9 dopady klimatick\u00fdch zmien m\u00f4\u017eu zasiahnu\u0165 r\u00fdchlej\u0161ie, ne\u017e sa o\u010dak\u00e1valo.<\/p>\n<p>Na z\u00e1klade toho sa nalieha na to, aby sa dramaticky zn\u00ed\u017eila produkcia emisi\u00ed. Prostredn\u00edctvom toho <strong>Medzivl\u00e1dny panel pre zmenu kl\u00edmy uv\u00e1dza, \u017ee e\u0161te st\u00e1le je \u010das na to, aby sa glob\u00e1lne teploty dostali do relat\u00edvne bezpe\u010dn\u00fdch hodn\u00f4t.<\/strong> Bude v\u0161ak za t\u00fdm st\u00e1\u0165 obrovsk\u00e9 glob\u00e1lne \u00fasilie.<\/p>\n Priemern\u00e1 teplota m\u00f4\u017ee na \u00fazem\u00ed Slovenska do roku 2075 prekro\u010di\u0165 2 a\u017e 4 stupne Celzia. Zdroj: pexels.com\n<p><strong><em>\u201eR\u00fdchle a \u010falekosiahle prechody naprie\u010d v\u0161etk\u00fdmi sektormi a syst\u00e9mami s\u00fa potrebn\u00e9 na dosiahnutie hlbok\u00e9ho a trval\u00e9ho zn\u00ed\u017eenia emisi\u00ed a na zabezpe\u010denie \u017eivotaschopnej a udr\u017eate\u013enej bud\u00facnosti pre v\u0161etk\u00fdch,\u201c<\/em> <\/strong>uv\u00e1dza sa v spr\u00e1ve pre tvorcov polit\u00edk.<\/p>\n<p>Czechcrunch uv\u00e1dza, \u017ee zmiernenie klimatick\u00fdch zmien m\u00f4\u017ee nasta\u0165 po tom, ak sa zn\u00ed\u017eenie produkcie emisi\u00ed uskuto\u010dn\u00ed po\u010das nasleduj\u00facich \u00f4smich rokov. Pokia\u013e by sa mal rast priemernej glob\u00e1lnej teploty zastavi\u0165 na hranici 1,5 stup\u0148a Celzia,<strong> glob\u00e1lne emisie oxidu uhli\u010dit\u00e9ho musia do roku 2030 klesn\u00fa\u0165 o 48 %.<\/strong> V pr\u00edpade emisi\u00ed met\u00e1nu ide o tretinov\u00fd pokles.<\/p>\n<h3>Najteplej\u0161ie roky ako nachladnej\u0161ie<\/h3>\n<p>U\u017e pri s\u00fa\u010dasnom otep\u013eovan\u00ed svet za\u017eil mnoho poveternostn\u00fdch extr\u00e9mov, ktor\u00e9 viedli ku pr\u00edrodn\u00fdm katastrof\u00e1m \u010di dokonca smrti, uv\u00e1dza ScienceAlert. V d\u00f4sledku toho najzranite\u013enej\u0161ie skupiny obyvate\u013estva boli u\u017e d\u00e1vno zasiahnut\u00e9. Na z\u00e1klade toho klimatick\u00e1 vedky\u0148a Friederike Otto ozn\u00e1mila, \u017ee <strong>najteplej\u0161ie roky, ak\u00e9 sme doposia\u013e za\u017eili, bud\u00fa medzi najchladnej\u0161\u00edmi v r\u00e1mci jednej gener\u00e1cie.<\/strong><\/p>\n<p><strong><em>\u201eNajnov\u0161ie vedeck\u00e9 spr\u00e1vy IPCC poukazuj\u00fa na bezprecedentn\u00e9 zmeny svetovej kl\u00edmy. D\u00f4sledky glob\u00e1lneho otep\u013eovania vid\u00edme vo v\u0161etk\u00fdch \u010dastiach sveta so st\u00e1le v\u00e4\u010d\u0161ou intenzitou a v niektor\u00fdch pr\u00edpadoch ide o nevratn\u00e9 procesy. Tieto zmeny maj\u00fa za n\u00e1sledok ohromn\u00e9 n\u00e1klady pre ekonomiku,\u201c<\/em><\/strong> vysvet\u013euje pre Czechcrunch minister \u017eivotn\u00e9ho prostredia \u010ceskej republiky Petr Hlad\u00edk.<\/p>\n Po\u010das nasleduj\u00facich desa\u0165ro\u010d\u00ed m\u00f4\u017eu by\u0165 \u013eudia vystaven\u00ed smrte\u013en\u00e9 vysok\u00fdm teplot\u00e1m. Zdroj: pexels.com\n<p><strong><em>\u201eK tomu, aby podmienky na \u017eivot na tejto plan\u00e9te boli priazniv\u00e9 aj pre bud\u00face gener\u00e1cie, s\u00fa potrebn\u00e9 efekt\u00edvne opatrenia na n\u00e1rodnej aj medzin\u00e1rodnej \u00farovni a solidarita,\u201c<\/em><\/strong> dod\u00e1va.<\/p>\n<p>Medzivl\u00e1dny panel o zmene kl\u00edmy uviedol, \u017ee <strong>v\u00fdhody obmedzenia glob\u00e1lneho otep\u013eovania pod 2 stupne Celzia pre spolo\u010dnos\u0165 a svetov\u00fa ekonomiku preva\u017euj\u00fa nad ekonomick\u00fdmi n\u00e1kladmi,<\/strong> dod\u00e1va ScienceAlert.<\/p>\n<p>Prekro\u010denie priemernej teploty o 1,5 stup\u0148a Celzia by mohlo vies\u0165 k vymieraniu \u017eivo\u010d\u00edchov na pevnine a v oce\u00e1noch \u010di ne\u00farode. <strong>Z\u00e1rove\u0148 by mohlo \u00eds\u0165 o po\u010diato\u010dn\u00fd \u201ebod zlomu\u201c v klimatickom syst\u00e9me.<\/strong> V\u00fdnimkou by nebolo ani odumieranie koralov\u00fdch \u00fatesov bohat\u00fdch na biodiverzitu \u010di r\u00fdchlej\u0161ie topenie pol\u00e1rnych oblast\u00ed.<\/p>\n<h3>Pohybujeme sa na tenkom \u013eade<\/h3>\n<p>Gener\u00e1lny tajomn\u00edk OSN Antonio Gutteres uviedol, \u017ee bohat\u00e9 krajiny usiluj\u00face sa o uhl\u00edkov\u00fa neutralitu v roku 2050 alebo nesk\u00f4r, by mali svoj cie\u013e ur\u00fdchli\u0165 \u010do najbli\u017e\u0161ie k roku 2040. Na z\u00e1klade toho by mohli zne\u0161kodni\u0165 \u201eklimatick\u00fa \u010dasovan\u00fa bombu\u201c. Z\u00e1rove\u0148 dodal, \u017ee <strong>\u013eudstvo je na tenkom \u013eade, ktor\u00fd sa r\u00fdchlo top\u00ed.<\/strong><\/p>\n<p>Spr\u00e1va oh\u013eadom prekro\u010denia o 1,5 stup\u0148a Celzia v najbli\u017e\u0161om desa\u0165ro\u010d\u00ed prich\u00e1dza v \u010dase, kedy sa svet sna\u017eil zabezpe\u010di\u0165 energetick\u00fa bezpe\u010dnos\u0165 po vojne na Ukrajine. V d\u00f4sledku toho<strong> krajiny na \u00fazem\u00ed Eur\u00f3py a \u00c1zie prech\u00e1dzaj\u00fa na silne zne\u010dis\u0165uj\u00face uhlie,<\/strong> aj napriek tomu, \u017ee obnovite\u013en\u00e9 zdroje rast\u00fa.<\/p>\n Oteplenie o 1,5 stup\u0148a Celzia m\u00f4\u017ee nasta\u0165 u\u017e v najbli\u017e\u0161om desa\u0165ro\u010d\u00ed. Zdroj: pexels.com\n<p>Ani obmedzenie oteplenia na 1,8 stup\u0148a Celzia neprin\u00e1\u0161a ve\u013ek\u00fa n\u00e1dej. Vedci uv\u00e1dzaj\u00fa, \u017ee <strong>polovica \u013eudstva by mohla by\u0165 do roku 2100 vystaven\u00e1 obdobiam \u017eivot ohrozuj\u00facich hor\u00fa\u010dav a vlhkosti.<\/strong> Smrte\u013en\u00e9 dopady vlhk\u00e9ho tepla sa predpokladaj\u00fa najm\u00e4 pre oblasti juhov\u00fdchodnej \u00c1zie a z\u00e1padnej Afriky. V\u00fdnimkou by neboli ani niektor\u00e9 \u010dasti Braz\u00edlie.<\/p>\n<p>Slovensk\u00fd hydrometeorologick\u00fd \u00fastav uv\u00e1dza, \u017ee pod\u013ea \u00dazemnej \u0161t\u00fadie Slovenska o zmene kl\u00edmy sa na na\u0161om \u00fazem\u00ed m\u00f4\u017ee glob\u00e1lne otep\u013eovanie prejavi\u0165<strong> rastom priemerov teploty do roku 2075 o 2 a\u017e 4 stupne Celzia.<\/strong> Dan\u00e9 klimatick\u00e9 zmeny znamenaj\u00fa v praxi presun teplotn\u00fdch pomerov Podunajskej n\u00ed\u017einy na Liptov. Okrem toho m\u00f4\u017eu negat\u00edvne ovplyvni\u0165 vodn\u00fa bilanciu alebo biologick\u00e9 v\u00fdroby, ku ktor\u00fdm patr\u00ed po\u013enohospod\u00e1rstvo, lesn\u00e9 hospod\u00e1rstvo a ryb\u00e1rstvo. V\u00fdnimka sa nevz\u0165ahuje ani na zv\u00fd\u0161en\u00e9 ohrozenie biodiverzity \u010di \u013eudsk\u00e9ho zdravia.<\/p>","protected":false},"excerpt":{"rendered":"<p>Bl\u00ed\u017eiace sa prekro\u010denie priemernej teploty o 1,5 stup\u0148a Celzia sa dost\u00e1va \u010doraz viac do povedomia. Nielen\u017ee ovplyvn\u00ed na\u0161e \u017eivoty, ale aj fungovanie plan\u00e9ty. Ako sme<\/p>","protected":false},"author":1,"featured_media":0,"comment_status":"closed","ping_status":"closed","sticky":false,"template":"","format":"standard","meta":{"footnotes":""},"categories":[51],"tags":[],"class_list":["post-8229","post","type-post","status-publish","format-standard","hentry","category-archiv","two-columns"],"_links":{"self":[{"href":"https:\/\/instrid.sk\/en\/wp-json\/wp\/v2\/posts\/8229","targetHints":{"allow":["GET"]}}],"collection":[{"href":"https:\/\/instrid.sk\/en\/wp-json\/wp\/v2\/posts"}],"about":[{"href":"https:\/\/instrid.sk\/en\/wp-json\/wp\/v2\/types\/post"}],"author":[{"embeddable":true,"href":"https:\/\/instrid.sk\/en\/wp-json\/wp\/v2\/users\/1"}],"replies":[{"embeddable":true,"href":"https:\/\/instrid.sk\/en\/wp-json\/wp\/v2\/comments?post=8229"}],"version-history":[{"count":0,"href":"https:\/\/instrid.sk\/en\/wp-json\/wp\/v2\/posts\/8229\/revisions"}],"wp:attachment":[{"href":"https:\/\/instrid.sk\/en\/wp-json\/wp\/v2\/media?parent=8229"}],"wp:term":[{"taxonomy":"category","embeddable":true,"href":"https:\/\/instrid.sk\/en\/wp-json\/wp\/v2\/categories?post=8229"},{"taxonomy":"post_tag","embeddable":true,"href":"https:\/\/instrid.sk\/en\/wp-json\/wp\/v2\/tags?post=8229"}],"curies":[{"name":"wp","href":"https:\/\/api.w.org\/{rel}","templated":true}]}}