{"id":8237,"date":"2023-03-27T00:00:00","date_gmt":"2023-03-26T23:00:00","guid":{"rendered":"https:\/\/instrid.sk\/uncategorized\/rutime-sa-do-zahuby-do-roku-2030-moze-az-polovica-sveta-trpiet-nedostatkom-vody\/"},"modified":"2023-03-27T00:00:00","modified_gmt":"2023-03-26T23:00:00","slug":"rutime-sa-do-zahuby-do-roku-2030-moze-az-polovica-sveta-trpiet-nedostatkom-vody","status":"publish","type":"post","link":"https:\/\/instrid.sk\/en\/archiv\/rutime-sa-do-zahuby-do-roku-2030-moze-az-polovica-sveta-trpiet-nedostatkom-vody\/","title":{"rendered":"R\u00fatime sa do z\u00e1huby. Do roku 2030 m\u00f4\u017ee a\u017e polovica sveta trpie\u0165 nedostatkom vody"},"content":{"rendered":"<p style=\"font-weight: 400;\">Voda sa stala naliehavou t\u00e9mou dne\u0161n\u00fdch dn\u00ed. Klimatick\u00e1 zmena, zl\u00e1 spr\u00e1va vodn\u00fdch zdrojov a\u00a0nadmern\u00e1 spotreba sp\u00f4sobuj\u00fa such\u00e1 a nedostatok vody v mnoh\u00fdch \u010dastiach sveta.\u00a0Okrem zjavnej hrozby pre verejn\u00e9 zdravie m\u00f4\u017ee ma\u0165 sucho z\u00e1va\u017en\u00e9 d\u00f4sledky aj na <strong>stabilitu komun\u00edt. <\/strong><\/p>\n<p style=\"font-weight: 400;\">Je \u010doraz evidentnej\u0161ie, \u017ee such\u00e1 na celom svete s\u00fa \u010doraz \u010dastej\u0161ie a intenz\u00edvnej\u0161ie. Vyskytuj\u00fa sa v postupne dlh\u0161\u00edch \u010dasov\u00fdch obdobiach. Napr\u00edklad<strong> \u0160panielsko<\/strong> hl\u00e1silo prv\u00fd ve\u013ek\u00fd po\u017eiar v\u00a0tomto roku. V regi\u00f3ne v\u00fdchodnej Valencie ohe\u0148 zni\u010dil viac ako 3-tis\u00edc hekt\u00e1rov lesa. A to je e\u0161te len marec.<\/p>\n<p style=\"font-weight: 400;\">Nedostatok vody je glob\u00e1lnym probl\u00e9mom. Pod\u013ea \u00fadajov OSN trp\u00ed nedostatkom pitnej vody a z\u00e1kladn\u00fdch hygienick\u00fdch podmienok pre \u017eivot a\u017e dve miliardy \u013eud\u00ed, zatia\u013e \u010do takmer \u0161tyri miliardy \u013eud\u00ed nemaj\u00fa dostato\u010dn\u00fd pr\u00edstup k vode. Navy\u0161e, progn\u00f3zy ukazuj\u00fa, \u017ee <strong>nedostatok vody bude do roku 2030 tr\u00e1pi\u0165 a\u017e polovicu sveta.<\/strong><\/p>\n<div>\n<h2><strong>VYSYCHAJ\u00da RIEKY A JAZER\u00c1<\/strong><\/h2>\n<\/div>\n Vy\u0161\u0161ie teploty urobia viac ne\u017e len odparovanie p\u00f4dnej vlhkosti: zmenia aj prirodzen\u00e9 chemick\u00e9 zlo\u017eenie p\u00f4dy. ILUSTRA\u010cN\u00c1 FOTOGRAFIA\n<p>Such\u00e1 s\u00fa jedn\u00fdm z najni\u010divej\u0161\u00edch pr\u00edrodn\u00fdch javov, ktor\u00e9 sp\u00f4sobuj\u00fa rozsiahle \u0161kody na po\u013enohospod\u00e1rstve a ohrozuj\u00fa \u017eivoty \u013eud\u00ed. V Afrike mali ve\u013ek\u00e9 rieky ako Niger, Volta, N\u00edl a Kongo v roku 2021 <strong>podpriemern\u00fd prietok vody. <\/strong>Rovnak\u00fd trend pozorujeme v riekach v \u010dastiach Ruska, Z\u00e1padnej Sib\u00edri a Strednej \u00c1zie.<\/p>\n<p>Vodn\u00e9 plochy v celej Severnej Amerike vysychaj\u00fa v d\u00f4sledku <strong>sucha a poklesu zr\u00e1\u017eok.<\/strong> Odborn\u00edci, ktor\u00fdch citovala stanica ABC News, uviedli, \u017ee USA a Severn\u00e1 Amerika st\u00e1le \u010delia poklesu hladiny vody v k\u013e\u00fa\u010dov\u00fdch riekach, jazer\u00e1ch a n\u00e1dr\u017eiach. Podobn\u00e9 udalosti s\u00fa v\u0161ak pozorovan\u00e9 po celom svete, kde kombin\u00e1cia klimatickej zmeny a zl\u00e9ho hospod\u00e1renia s vodou sp\u00f4sobuj\u00fa toto\u017en\u00e9 probl\u00e9my.<\/p>\n<p>V\u00e4\u010d\u0161ina \u013eud\u00ed na plan\u00e9te je nejak\u00fdm sp\u00f4sobom z\u00e1visl\u00e1 od riek, \u010di u\u017e ide o pitn\u00fa vodu, zavla\u017eovanie potrav\u00edn, energiu alebo prepravu tovaru. Ako pr\u00edklad uv\u00e1dzame tri zn\u00e1me rieky:<\/p>\n<p>&nbsp;<\/p>\n<h3 id=\"paragraph-1ae22748-6e9c-12ce-0d13-b6a5c813d630\" class=\"subheader\" data-editable=\"text\" data-uri=\"archive.cms.cnn.com\/_components\/subheader\/instances\/paragraph_1AE22748-6E9C-12CE-0D13-B6A5C813D630@published\" data-component-name=\"subheader\"><span style=\"text-decoration: underline;\"><strong>Rieka Colorado<\/strong><\/span><\/h3>\n<p>V d\u00f4sledku historick\u00e9ho sucha v z\u00e1padnej \u010dasti Spojen\u00fdch \u0161t\u00e1tov kles\u00e1 hladina a mno\u017estvo vody v rieke Colorado, \u010do vyvol\u00e1va obavy o jej trval\u00fa udr\u017eate\u013enos\u0165. Vl\u00e1da zaviedla pr\u00edsne obmedzenia vody a vyzvala jednotliv\u00e9 \u0161t\u00e1ty, aby vypracovali ak\u010dn\u00e9 pl\u00e1ny.\u00a0Klimatick\u00e1 kr\u00edza m\u00f4\u017ee ma\u0165 obrovsk\u00e9 dopady v\u00a0s\u00favislosti s\u00a0riekou Colorado. Pribli\u017ene 40 mili\u00f3nov \u013eud\u00ed v\u00a0siedmich americk\u00fdch \u0161t\u00e1toch a Mexiku <strong>sa spolieha na vyu\u017e\u00edvanie vody z rieky na pitie, po\u013enohospod\u00e1rstvo a elektrinu.<\/strong><\/p>\n<h3 id=\"paragraph-b55ddc6c-ea2f-bc82-4e56-b6a87971464e\" class=\"subheader\" data-editable=\"text\" data-uri=\"archive.cms.cnn.com\/_components\/subheader\/instances\/paragraph_B55DDC6C-EA2F-BC82-4E56-B6A87971464E@published\" data-component-name=\"subheader\"><span style=\"text-decoration: underline;\"><strong>Rieka R\u00fdn<\/strong><\/span><\/h3>\n<p style=\"font-weight: 400;\">Rieka R\u00fdn pramen\u00ed vo \u0161vaj\u010diarskych Alp\u00e1ch, pretek\u00e1 Nemeckom a Holandskom a \u00fasti do Severn\u00e9ho mora. T\u00e1to rieka je k\u013e\u00fa\u010dov\u00fdm kan\u00e1lom pre lodn\u00fa dopravu v Eur\u00f3pe.<\/p>\n<p style=\"font-weight: 400;\">Av\u0161ak minul\u00fd rok \u010delila obrovsk\u00fdm such\u00e1m, preto\u017ee \u010dasti koryta rieky sa vynorili nad vodn\u00fa hladinu. \u010co prakticky znamenalo, \u017ee lode, ktor\u00e9 cez \u0148u pok\u00fa\u0161ali prepl\u00e1va\u0165 sa museli pret\u013aka\u0165 okolo mnoh\u00fdch prek\u00e1\u017eok, \u010do spoma\u013eovalo cel\u00fd proces lodnej dopravy.<\/p>\n<h3 id=\"paragraph-18c87160-d0b3-c72e-f125-b6a8239e322f\" class=\"subheader\" data-editable=\"text\" data-uri=\"archive.cms.cnn.com\/_components\/subheader\/instances\/paragraph_18C87160-D0B3-C72E-F125-B6A8239E322F@published\" data-component-name=\"subheader\"><span style=\"text-decoration: underline;\"><strong>Rieka Dunaj<\/strong><\/span><\/h3>\n<p>Dunaj je najdlh\u0161ia rieka v z\u00e1padnej Eur\u00f3pe a prech\u00e1dza cez desa\u0165 kraj\u00edn, z\u00e1rove\u0148 predstavuje k\u013e\u00fa\u010dov\u00fd lodn\u00fd kan\u00e1l. V Rumunsku, Srbsku a Bulharsku pracovn\u00edci minul\u00fd rok vyu\u017e\u00edvali bagre na \u010distenie rieky, aby zabezpe\u010dili, \u017ee lodn\u00e9 plavidl\u00e1 bud\u00fa schopn\u00e9 prepl\u00e1va\u0165 po rieke.<\/p>\n Dunaj nie je v takom hroznom stave ako niektor\u00e9 in\u00e9 eur\u00f3pske rieky. ILUSTRA\u010cN\u00c1 FOTOGRAFIA\n<p>Ma\u010farsko je ve\u013emi z\u00e1visl\u00e9 od Dunaja pre svoj cestovn\u00fd ruch, ale aj ke\u010f rieka nie je v takom hroznom stave ako niektor\u00e9 in\u00e9 eur\u00f3pske rieky, d\u00f4sledky nedostato\u010dnej hladiny vody s\u00fa u\u017e teraz cite\u013en\u00e9. Niektor\u00e9 v\u00fdletn\u00e9 lode nedok\u00e1\u017eu prepl\u00e1va\u0165 ur\u010dit\u00fdmi \u00fasekmi rieky, ktor\u00e9 ved\u00fa do Ma\u010farska<\/p>\n<p>&nbsp;<\/p>\n<div>\n<h2><strong>AK\u00c9 HROZIA RIZIK\u00c1 V PR\u00cdPADE NEDOSTATKU VODY?<\/strong><\/h2>\n<ul>\n<li>Nedostatok vody by mohol vies\u0165 k zhor\u0161eniu hygieny a v\u00fdskytu chor\u00f4b<\/li>\n<li>M\u00f4\u017ee ma\u0165 negat\u00edvny vplyv na po\u013enohospod\u00e1rsku produkciu, \u010do sa rovn\u00e1 <strong>zvy\u0161ovaniu cien za potraviny<\/strong><\/li>\n<li>Nedostatok vody m\u00f4\u017ee vies\u0165 k medzin\u00e1rodn\u00fdm konfliktom a vojn\u00e1m. Voda je z\u00e1kladn\u00fdm zdrojom \u017eivota a v pr\u00edpade nedostatku m\u00f4\u017ee by\u0165 kritick\u00fdm faktorom pre \u0161t\u00e1ty, ktor\u00e9 s\u00fa odk\u00e1zan\u00e9 na pr\u00edstup k vode zo zahrani\u010dia<\/li>\n<li>Zhor\u0161enie ekosyst\u00e9mov. Nedostatok vody m\u00f4\u017ee vies\u0165 k \u00fabytku biodiverzity a k zmene klimatick\u00fdch podmienok<\/li>\n<\/ul>\n Celosvetov\u00fd nedostatok vody by teda mohol ma\u0165 v\u00e1\u017ene a nebezpe\u010dn\u00e9 d\u00f4sledky na \u013eudstvo a \u017eivotn\u00e9 prostredie. ILUSTRA\u010cN\u00c1 FOTOGRAFIA\n<h2><strong>RIE\u0160EN\u00cdM JE ZMENA<\/strong><\/h2>\n<p style=\"font-weight: 400;\">Celosvetov\u00e1 organiz\u00e1cia UNICEF pracuje na viacer\u00fdch mo\u017enostiach ako zlep\u0161i\u0165 pr\u00edstup k\u00a0bezpe\u010dnej (\u010distej) vode a\u00a0ako vyrie\u0161i\u0165 nedostatok vody.\u00a0 To zah\u0155\u0148a identifik\u00e1ciu nov\u00fdch vodn\u00fdch zdrojov, zlep\u0161enie \u00fa\u010dinnosti vodn\u00fdch zdrojov, roz\u0161irovanie technol\u00f3gi\u00ed na zabezpe\u010denie odolnosti vo\u010di zmene kl\u00edmy, <strong>zmenu spr\u00e1vania<\/strong> a\u00a0podobne. S narastaj\u00facim nedostatkom vody na svete je d\u00f4le\u017eit\u00e9, aby sa zlep\u0161oval pr\u00edstup k bezpe\u010dnej vode a aby sme zmenili svoje spr\u00e1vanie v s\u00favislosti s vodou.<\/p>\n<\/div>","protected":false},"excerpt":{"rendered":"<p>Voda sa stala naliehavou t\u00e9mou dne\u0161n\u00fdch dn\u00ed. Klimatick\u00e1 zmena, zl\u00e1 spr\u00e1va vodn\u00fdch zdrojov a\u00a0nadmern\u00e1 spotreba sp\u00f4sobuj\u00fa such\u00e1 a nedostatok vody v mnoh\u00fdch \u010dastiach sveta.\u00a0Okrem zjavnej<\/p>","protected":false},"author":1,"featured_media":0,"comment_status":"closed","ping_status":"closed","sticky":false,"template":"","format":"standard","meta":{"footnotes":""},"categories":[51],"tags":[],"class_list":["post-8237","post","type-post","status-publish","format-standard","hentry","category-archiv","two-columns"],"_links":{"self":[{"href":"https:\/\/instrid.sk\/en\/wp-json\/wp\/v2\/posts\/8237","targetHints":{"allow":["GET"]}}],"collection":[{"href":"https:\/\/instrid.sk\/en\/wp-json\/wp\/v2\/posts"}],"about":[{"href":"https:\/\/instrid.sk\/en\/wp-json\/wp\/v2\/types\/post"}],"author":[{"embeddable":true,"href":"https:\/\/instrid.sk\/en\/wp-json\/wp\/v2\/users\/1"}],"replies":[{"embeddable":true,"href":"https:\/\/instrid.sk\/en\/wp-json\/wp\/v2\/comments?post=8237"}],"version-history":[{"count":0,"href":"https:\/\/instrid.sk\/en\/wp-json\/wp\/v2\/posts\/8237\/revisions"}],"wp:attachment":[{"href":"https:\/\/instrid.sk\/en\/wp-json\/wp\/v2\/media?parent=8237"}],"wp:term":[{"taxonomy":"category","embeddable":true,"href":"https:\/\/instrid.sk\/en\/wp-json\/wp\/v2\/categories?post=8237"},{"taxonomy":"post_tag","embeddable":true,"href":"https:\/\/instrid.sk\/en\/wp-json\/wp\/v2\/tags?post=8237"}],"curies":[{"name":"wp","href":"https:\/\/api.w.org\/{rel}","templated":true}]}}