{"id":8239,"date":"2023-03-26T00:00:00","date_gmt":"2023-03-25T23:00:00","guid":{"rendered":"https:\/\/instrid.sk\/uncategorized\/ranna-meditacia-vs-meditacia-pred-spanim-vyhody-a-tipy-ako-na-to\/"},"modified":"2023-03-26T00:00:00","modified_gmt":"2023-03-25T23:00:00","slug":"ranna-meditacia-vs-meditacia-pred-spanim-vyhody-a-tipy-ako-na-to","status":"publish","type":"post","link":"https:\/\/instrid.sk\/en\/archiv\/ranna-meditacia-vs-meditacia-pred-spanim-vyhody-a-tipy-ako-na-to\/","title":{"rendered":"Rann\u00e1 medit\u00e1cia vs. medit\u00e1cia pred span\u00edm: V\u00ddHODY A TIPY AKO NA TO"},"content":{"rendered":"<h3>Ako za\u010da\u0165 s rannou rutinou<\/h3>\n<p>Za\u010da\u0165 de\u0148 rannou medit\u00e1ciou je perfektn\u00e9 na uvo\u013enenie a prebudenie z\u00e1rove\u0148, a pom\u00e1ha to nastavi\u0165 podmienky pre \u00faspe\u0161nej\u0161\u00ed de\u0148.<\/p>\n<p>\u010ci u\u017e vst\u00e1vate o 5:00 alebo o 10:00, <strong>za\u010dlenenie medit\u00e1cie do v\u00e1\u0161ho r\u00e1na sa m\u00f4\u017ee sta\u0165 va\u0161ou kotvou v dni plnom \u010dasto nepredv\u00eddate\u013en\u00fdch situ\u00e1ci\u00ed a stresov\u00fdch momentov.<\/strong><\/p>\n<p>&nbsp;<\/p>\n<h3>D\u00f4le\u017eitos\u0165 rannej rutiny<\/h3>\n<p>Ke\u010f za\u010d\u00edname svoj de\u0148 rannou medit\u00e1ciou, d\u00e1vame si t\u00fa najlep\u0161iu pr\u00edle\u017eitos\u0165, aby sme boli <strong>plne pri vedom\u00ed, bdel\u00ed a \u017eiv\u00ed predt\u00fdm, ako nie\u010do za\u010dneme robi\u0165. <\/strong><\/p>\n<p>Vytvoren\u00edm pravidelnej rannej praxe si pestujeme<strong> du\u0161evn\u00fd pokoj a \u0161\u0165astnej\u0161ie vz\u0165ahy, kde sme l\u00e1skavej\u0161\u00ed a menej odsudzujeme seba a in\u00fdch. <\/strong><\/p>\n<p>V d\u00f4sledku<strong> s\u00fa\u010dasn\u00e9ho r\u00fdchleho tempa \u017eivota m\u00f4\u017eu na\u0161e dni zah\u0155\u0148a\u0165 dos\u0165 stresu a tlaku. <\/strong><\/p>\n<p>\u013dudia sa domnievaj\u00fa, \u017ee tento druh stresu je jednoducho nevyhnutnou s\u00fa\u010das\u0165ou \u017eivota, ale medit\u00e1cia n\u00e1m m\u00f4\u017ee pom\u00f4c\u0165 zvl\u00e1dnu\u0165 n\u00e1\u0161 dom\u00e1ci a pracovn\u00fd \u017eivot pokojnej\u0161ie.<\/p>\n<p>Ke\u010f <strong>rannou medit\u00e1ciou dosiahnete pokoj<\/strong> a du\u0161evn\u00fa pohodu, va\u0161a perspekt\u00edva sa zmen\u00ed a <strong>m\u00f4\u017eete za\u010da\u0165 vn\u00edma\u0165 seba a svoj de\u0148 pozit\u00edvnej\u0161ie.<\/strong><\/p>\n<p>Medit\u00e1cia m\u00f4\u017ee by\u0165 prospe\u0161n\u00e1 v ktor\u00fako\u013evek denn\u00fa hodinu, ale s\u00fa nepopierate\u013en\u00e9 v\u00fdhody kr\u00e1tkej rannej medit\u00e1cie, ktor\u00e1 sa stane tak hlboko zakorenen\u00e1 vo va\u0161ej rutine, ako \u0161\u00e1lka k\u00e1vy\/\u010daju.<\/p>\n<p><strong>R\u00e1no m\u00f4\u017ee by\u0165 najlep\u0161\u00ed \u010das d\u0148a na za\u010dlenenie medit\u00e1cie kv\u00f4li pomal\u0161iemu tempu d\u0148a<\/strong>, zatia\u013e \u010do popoludnia s\u00fa sk\u00f4r hektick\u00e9, s neust\u00e1le sa meniacimi zoznamami \u00faloh.<\/p>\n<p><strong>Ak m\u00e1te \u010das vsta\u0165 a zacvi\u010di\u0165 si, alebo si urobi\u0165 pekn\u00e9 ra\u0148ajky<\/strong>, pridanie 5-min\u00fatovej rannej medit\u00e1cie do tohto mixu je sp\u00f4sob, ako roz\u0161\u00edri\u0165 svoje zameranie o starostlivos\u0165 o seba.<\/p>\n<p>&nbsp;<\/p>\n<p>&nbsp;<\/p>\n<h3>Medit\u00e1ciu si m\u00f4\u017eete predstavi\u0165 ako <strong>rann\u00fd stre\u010ding pre v\u00e1\u0161 mozog<\/strong><\/h3>\n<p>Nie v\u017edy m\u00e1me pod kontrolou svoje okolie, najm\u00e4 ke\u010f cestujeme a m\u00e1me nepredv\u00eddate\u013en\u00e9 pl\u00e1ny.<\/p>\n<p><strong>Rann\u00e1 medit\u00e1cia v\u0161\u00edmavosti je nie\u010do, \u010do sa d\u00e1 robi\u0165 kdeko\u013evek<\/strong>: v posteli, v tax\u00edku, v lietadle alebo pri \u010dakan\u00ed na ra\u0148ajkov\u00e9 smoothie.<\/p>\n<p>M\u00f4\u017ee sa sta\u0165 z\u00e1kladom v\u00e1\u0161ho d\u0148a, nie\u010d\u00edm, na \u010do sa<strong> m\u00f4\u017eete v\u017edy spo\u013eahn\u00fa\u0165 a privedie v\u00e1s k pocitu pokoja na tele aj na duchu.<\/strong><\/p>\n<p>&nbsp;<\/p>\n<p>&nbsp;<\/p>\n<h3>Medit\u00e1cia pre pokojn\u00fd sp\u00e1nok<\/h3>\n<p>Zdrav\u00fd sp\u00e1nok <strong>s\u00favis\u00ed viac s kvalitou odpo\u010dinku ako s mno\u017estvom hod\u00edn. <\/strong><\/p>\n<p>Sp\u00e1nkov\u00e9 medit\u00e1cie pom\u00e1haj\u00fa vytv\u00e1ra\u0165 <strong>vn\u00fatorn\u00e9 podmienky potrebn\u00e9 pre skuto\u010dne pokojn\u00fa noc. <\/strong><\/p>\n<p>Preto\u017ee ke\u010f skuto\u010dne uk\u013eudn\u00edme myse\u013e, odpo\u010d\u00edva aj na\u0161e telo \u2013 a pr\u00e1ve tento pokoj u\u013eah\u010duje oddych a uvo\u013enenie.<\/p>\n<p>Z <strong>vedeck\u00e9ho h\u013eadiska<\/strong> medit\u00e1cia pom\u00e1ha zni\u017eova\u0165 srdcov\u00fa frekvenciu t\u00fdm, <strong>\u017ee p\u00f4sob\u00ed na parasympatick\u00fd nervov\u00fd syst\u00e9m a podporuje pomal\u0161ie d\u00fdchanie, \u010d\u00edm zvy\u0161uje vyhliadky na kvalitn\u00fd no\u010dn\u00fd sp\u00e1nok.<\/strong><\/p>\n<p>&nbsp;<\/p>\n<h3>\u010co je vlastne medit\u00e1cia pre lep\u0161\u00ed sp\u00e1nok?<\/h3>\n<p>Medit\u00e1cia n\u00e1s tr\u00e9nuje, aby sme boli <strong>menej v hlave a viac si uvedomovali pr\u00edtomn\u00fd okamih. <\/strong><\/p>\n<p>Tendencia mysle<strong> uviaznu\u0165 v my\u0161lienkach je mo\u017eno najsilnej\u0161ia pred span\u00edm, ke\u010f sa zrazu zastav\u00edme a sme ticho.<\/strong><\/p>\n<p>Medit\u00e1cia pre pokojn\u00fd sp\u00e1nok je \u0161pecifick\u00e1 z\u00e1le\u017eitos\u0165, ktor\u00e1 pon\u00faka prirodzen\u00fa pomoc pri sp\u00e1nku a umo\u017e\u0148uje n\u00e1m opusti\u0165 de\u0148 tak, aby sme mohli <strong>odpo\u010d\u00edva\u0165 v mysli a z\u00e1rove\u0148 odpo\u010d\u00edvalo aj na\u0161e telo.\u00a0<\/strong><\/p>\n<p>&nbsp;<\/p>\n<h3>V\u00fdhody medit\u00e1cie pred span\u00edm<\/h3>\n<p><strong>Pravideln\u00fd sp\u00e1nok menej ako sedem hod\u00edn za noc zvy\u0161uje riziko vzniku srdcov\u00fdch chor\u00f4b<\/strong>, cukrovky, nezdrav\u00fdch stravovac\u00edch n\u00e1vykov, ktor\u00e9 m\u00f4\u017eu vies\u0165 k \u010fal\u0161\u00edm chronick\u00fdm ochoreniam.<\/p>\n<p>Nedostatok sp\u00e1nku m\u00f4\u017ee sp\u00f4sobi\u0165 <strong>poruchy kr\u00e1tkodobej a dlhodobej pam\u00e4ti<\/strong>, rozhodovania, pozornosti a reak\u010dn\u00e9ho \u010dasu.<\/p>\n<p>\u013dudia, ktor\u00ed maj\u00fa nedostatok sp\u00e1nku, maj\u00fa tie\u017e tendenciu robi\u0165 viac ch\u00fdb v pr\u00e1ci alebo jazdi\u0165 na cest\u00e1ch nebezpe\u010dnej\u0161ie.<\/p>\n<p>Na druhej strane,<strong> kvalitnej\u0161\u00ed sp\u00e1nok m\u00f4\u017ee zn\u00ed\u017ei\u0165 \u00farove\u0148 stresu a zlep\u0161i\u0165 du\u0161evn\u00fa pohodu a pam\u00e4\u0165. <\/strong><\/p>\n<p>Zlep\u0161en\u00fd sp\u00e1nok ovplyv\u0148uje aj n\u00e1\u0161 imunitn\u00fd syst\u00e9m, podporuje lep\u0161ie stravovacie n\u00e1vyky a regul\u00e1ciu hmotnosti.<\/p>\n<p>&nbsp;<\/p>\n<h3>Pre\u010do by ste sa mali rozhodn\u00fa\u0165 meditova\u0165 pred span\u00edm?<\/h3>\n<p>Najm\u00e4 ak v\u00e1s tr\u00e1pi nespavos\u0165 alebo<strong> probl\u00e9my so zasp\u00e1van\u00edm, medit\u00e1cia preuk\u00e1zate\u013ene zlep\u0161uje kvalitu a efektivitu sp\u00e1nku, to ako r\u00fdchlo zasp\u00edte a ako dlho dok\u00e1\u017eete by\u0165 po\u010das d\u0148a bdel\u00ed.<\/strong><\/p>\n<p>Medit\u00e1cia pred span\u00edm v\u00e1m m\u00f4\u017ee pom\u00f4c\u0165 r\u00fdchlej\u0161ie zaspa\u0165 a akon\u00e1hle zasp\u00edte, pravdepodobne budete spa\u0165 aj zdrav\u0161ie.<\/p>\n<p>&nbsp;<\/p>\n<h3>\u010co o\u010dak\u00e1va\u0165 pri medit\u00e1cii na zasp\u00e1vanie<\/h3>\n<p>Ke\u010f dovol\u00edme telu a mysli aby sa uvo\u013enili, rob\u00edme to <strong>jemn\u00fdm sp\u00f4sobom, nesna\u017e\u00edme sa vyn\u00fati\u0165 si sp\u00e1nok, inak povzbud\u00edme tok my\u0161lienok, pr\u00edpadne aj nap\u00e4tie. <\/strong><\/p>\n<p>Predt\u00fdm, ako za\u010dnete s medit\u00e1ciou v sp\u00e1nku:<strong> \u013eahnite si na poste\u013e na chrb\u00e1t, nieko\u013ekokr\u00e1t sa zhlboka nad\u00fdchnite a zatvorte o\u010di<\/strong>, aby sa telo za\u010dalo vyp\u00edna\u0165.<\/p>\n<p>Ak pou\u017e\u00edvate veden\u00fa medit\u00e1ciu, postupujte pod\u013ea pokynov.<\/p>\n<p>Ak praktizujete neriaden\u00fa medit\u00e1ciu, napredujte svojim vlastn\u00fdm tempom.<\/p>\n<p>\u010c\u00edm viac budete praktizova\u0165 tento typ medit\u00e1cie, t\u00fdm je pravdepodobnej\u0161ie, \u017ee si <strong>vybudujete tich\u00fa a pokojn\u00fa myse\u013e, ktor\u00e1 m\u00f4\u017ee pokojne spa\u0165.<\/strong><\/p>","protected":false},"excerpt":{"rendered":"<p>Ako za\u010da\u0165 s rannou rutinou Za\u010da\u0165 de\u0148 rannou medit\u00e1ciou je perfektn\u00e9 na uvo\u013enenie a prebudenie z\u00e1rove\u0148, a pom\u00e1ha to nastavi\u0165 podmienky pre \u00faspe\u0161nej\u0161\u00ed de\u0148. \u010ci<\/p>","protected":false},"author":1,"featured_media":0,"comment_status":"closed","ping_status":"closed","sticky":false,"template":"","format":"standard","meta":{"footnotes":""},"categories":[51],"tags":[],"class_list":["post-8239","post","type-post","status-publish","format-standard","hentry","category-archiv","two-columns"],"_links":{"self":[{"href":"https:\/\/instrid.sk\/en\/wp-json\/wp\/v2\/posts\/8239","targetHints":{"allow":["GET"]}}],"collection":[{"href":"https:\/\/instrid.sk\/en\/wp-json\/wp\/v2\/posts"}],"about":[{"href":"https:\/\/instrid.sk\/en\/wp-json\/wp\/v2\/types\/post"}],"author":[{"embeddable":true,"href":"https:\/\/instrid.sk\/en\/wp-json\/wp\/v2\/users\/1"}],"replies":[{"embeddable":true,"href":"https:\/\/instrid.sk\/en\/wp-json\/wp\/v2\/comments?post=8239"}],"version-history":[{"count":0,"href":"https:\/\/instrid.sk\/en\/wp-json\/wp\/v2\/posts\/8239\/revisions"}],"wp:attachment":[{"href":"https:\/\/instrid.sk\/en\/wp-json\/wp\/v2\/media?parent=8239"}],"wp:term":[{"taxonomy":"category","embeddable":true,"href":"https:\/\/instrid.sk\/en\/wp-json\/wp\/v2\/categories?post=8239"},{"taxonomy":"post_tag","embeddable":true,"href":"https:\/\/instrid.sk\/en\/wp-json\/wp\/v2\/tags?post=8239"}],"curies":[{"name":"wp","href":"https:\/\/api.w.org\/{rel}","templated":true}]}}