{"id":8269,"date":"2023-04-19T00:00:00","date_gmt":"2023-04-18T23:00:00","guid":{"rendered":"https:\/\/instrid.sk\/uncategorized\/bez-nazvu-pozrite-si-prekliate-obrazy-zdzislawa-beksinskeho\/"},"modified":"2023-04-19T00:00:00","modified_gmt":"2023-04-18T23:00:00","slug":"bez-nazvu-pozrite-si-prekliate-obrazy-zdzislawa-beksinskeho","status":"publish","type":"post","link":"https:\/\/instrid.sk\/en\/archiv\/bez-nazvu-pozrite-si-prekliate-obrazy-zdzislawa-beksinskeho\/","title":{"rendered":"Bez n\u00e1zvu: Pozrite si prekliate obrazy Zdzislawa Beksinsk\u00e9ho"},"content":{"rendered":"<p><strong>Od brut\u00e1lnej vra\u017edy po\u013esk\u00e9ho maliara Zdzislawa Beksinsk\u00e9ho uplynulo u\u017e vy\u0161e osemn\u00e1s\u0165 rokov, no jeho obrazy st\u00e1le udivuj\u00fa cel\u00fd svet. Ot\u00e1zkou zost\u00e1va, \u010di je v\u0161eobecn\u00e1 fascin\u00e1cia dielami v\u00fdsledkom vlastn\u00fdch osobn\u00fdch trag\u00e9di\u00ed umelca alebo jeho schopnosti zachyti\u0165 znepokojuj\u00facu odvr\u00e1ten\u00fa stranu \u013eudsk\u00e9ho vedomia.<\/strong><\/p>\n<h2>Zdzislaw Beksinski<\/h2>\n<p>Zdzislaw Beksinski po\u010das svojej dlhej kari\u00e9ry tvoril vo viacer\u00fdch odvetviach umenia: <strong>soch\u00e1rstvo, fotografia, grafick\u00e9 umenie, kresba<\/strong> a v neposlednom rade <strong>ma\u013eba<\/strong>. V\u0161etky jeho obrazy s\u00fa <strong>bez n\u00e1zvu<\/strong>, preto\u017ee chcel zabr\u00e1ni\u0165 ich akejko\u013evek metaforickej interpret\u00e1cii. Beksinsk\u00e9ho ako umelca fascinovali <strong>smr\u0165, rozklad a temnota<\/strong>. To v\u0161ak neboli jeho jedin\u00e9 oblasti z\u00e1ujmu, venoval sa tie\u017e <strong>erotizmu, abstrakcionizmu a v\u00fdchodn\u00e9mu mysticizmu<\/strong>.<\/p>\n<p>Od polovice \u0161es\u0165desiatych rokov dvadsiateho storo\u010dia bol v Po\u013esku ve\u013emi popul\u00e1rny. V osemdesiatych a dev\u00e4\u0165desiatych rokoch <strong>vystavoval aj v zahrani\u010d\u00ed<\/strong> vr\u00e1tane Franc\u00fazska a Japonska a stal sa medzin\u00e1rodne uzn\u00e1van\u00fdm umelcom. Jeho \u0161t\u00fdl ob\u010das <strong>prirovn\u00e1vali k<\/strong> \u0161vaj\u010diarskemu maliarovi <strong>Hansovi Gigerovi<\/strong>, ktor\u00fd navrhol mimozemsk\u00fdch netvorov pre kultov\u00fd sci-fi hororov\u00fd film <strong>Votrelec<\/strong> z roku 1979.<\/p>\n<h3>N\u00e1vrh\u00e1r autobusov<\/h3>\n<p>Beksinski sa narodil v roku 1929 a \u0161tudoval na Fakulte architekt\u00fary Krakovskej technologickej univerzity. Pracoval v stavebn\u00edctve a nesk\u00f4r sa zamestnal v domovskom meste Sanok ako <strong>n\u00e1vrh\u00e1r autobusov<\/strong> pre automobilov\u00fa fabriku. V p\u00e4\u0165desiatych rokoch sa za\u010dal venova\u0165 <strong>fotografovaniu<\/strong>, niektor\u00e9 jeho fotografie sa ozna\u010duj\u00fa ako <strong>surrealisticko-expresionistick\u00e9<\/strong>. <strong>Sadistov korzet<\/strong>, jedna z jeho najzn\u00e1mej\u0161\u00edch fotografi\u00ed, poukazuje na inklin\u00e1ciu k <strong>sadomasochistick\u00fdm t\u00e9mam<\/strong>.<\/p>\n<p>Za\u010diatkom \u0161es\u0165desiatych rokov sa v\u0161ak fotografovania vzdal, prek\u00e1\u017eali mu obmedzen\u00e9 mo\u017enosti, ako upravova\u0165 zachyten\u00e9 z\u00e1bery. Fotografia zrejme br\u00e1nila jeho predstavivosti, tak\u017ee <strong>sa preorientoval na kresbu a ma\u013ebu<\/strong>, ktor\u00e9 mu poskytovali priestor <strong>\u201efotografova\u0165 sny\u201d<\/strong>, ako tomu s\u00e1m hovorieval. Sk\u00f4r ako sa naplno oddal kresbe a ma\u013ebe, kr\u00e1tko sa venoval soch\u00e1rstvu a vytvoril nieko\u013eko <strong>abstrakcionistick\u00fdch reli\u00e9fov<\/strong>. Ma\u013eba sa uk\u00e1zala ako <strong>m\u00e9dium, ktor\u00e9 najviac vyhovovalo<\/strong> jeho osobn\u00fdm v\u00edzi\u00e1m. Po prv\u00fdch maliarskych \u00faspechoch ho v roku 1967 vyhodili z tov\u00e1rne na autobusy. Odvtedy pracoval v\u00fdhradne ako umelec.<\/p>\n<h3>Sny a posadnutosti<\/h3>\n<p style=\"text-align: center;\"><em><strong>Bez n\u00e1zvu.<\/strong> <strong>Zdroj:<\/strong> <strong>screenshot, YouTube<\/strong><\/em><\/p>\n<p>Beksinski pr\u00edli\u0161 <strong>nedbal na trendy<\/strong> v umen\u00ed, nikdy toti\u017e nemal amb\u00edciu sta\u0165 sa mil\u00e1\u010dikom v\u0161etk\u00fdch kritikov. Namiesto toho zostal <strong>vern\u00fd svojim snom a posadnutostiam<\/strong>, ktor\u00e9 ho napokon presl\u00e1vili. V \u0161es\u0165desiatych rokoch vytvoril <strong>s\u00e9riu sadomasochistick\u00fdch kresieb<\/strong>. Od konca \u0161es\u0165desiatych do polovice osemdesiatych rokov mal svoje najsl\u00e1vnej\u0161ie obdobie &#8211; <strong>\u201efantastick\u00fa\u201d s\u00e9riu<\/strong>. V t\u00fdchto snov\u00fdch dielach dominuj\u00fa <strong>pekeln\u00e9 krajinoma\u013eby, ktor\u00e9 zobrazuj\u00fa desiv\u00e9 postavy a pochm\u00farnu nezemsk\u00fa architekt\u00faru<\/strong>. V\u010faka t\u00fdmto pr\u00e1cam sa stal zn\u00e1mym doma v Po\u013esku a z\u00edskal si uznanie aj v zahrani\u010d\u00ed.<\/p>\n<p>Po tomto takzvanom fantastickom obdob\u00ed sa Beksinsk\u00e9ho <strong>\u0161t\u00fdl zmenil<\/strong> and <strong>pre\u0161iel do obdobia<\/strong>, ktor\u00e9 s\u00e1m maliar naz\u00fdval ako <strong>\u201egotick\u00e9\u201d<\/strong>. Ma\u013eby z gotick\u00e9ho obdobia s\u00fa typick\u00e9 <strong>deformovan\u00fdmi hlavami a snov\u00fdmi postavami<\/strong>, ktor\u00e9 zn\u00e1zor\u0148uj\u00fa <strong>\u0161pecifick\u00fa plastick\u00fa harm\u00f3niu<\/strong>. Ke\u010f po\u010d\u00edta\u010dov\u00e1 technol\u00f3gia v dev\u00e4\u0165desiatych rokoch minul\u00e9ho storo\u010dia umo\u017enila \u00fapravu obr\u00e1zkov, Beksinski dostal mo\u017enos\u0165 prid\u00e1va\u0165 do svojich fotografi\u00ed <strong>surrealistick\u00e9 modifik\u00e1cie<\/strong>. Kruh jeho kari\u00e9ry sa uzavrel, Beksinski sa vr\u00e1til k svojmu <strong>prv\u00e9mu m\u00e9diu<\/strong>.<\/p>\n<h3>Trag\u00e9die<\/h3>\n<p>Beksinski \u017eil s man\u017eelkou Zofiou a synom Tomaszom vo <strong>Var\u0161ave<\/strong>, kam sa trojica pres\u0165ahovala v roku 1977 zo Sanoku. V hlavnom meste Po\u013eska viedol maliar pomerne <strong>jednotv\u00e1rny \u017eivot<\/strong>, v\u00e4\u010d\u0161inu \u010dasu pracoval v byte, po\u010d\u00faval hudbu a sledoval filmy. Ner\u00e1d chodil von, ner\u00e1d sa socializoval, ner\u00e1d cestoval.<\/p>\n<p>Napriek tomu ho <strong>s\u00e9ria ne\u0161\u0165astn\u00fdch udalost\u00ed<\/strong>, ktor\u00e9 postihli Beksinsk\u00e9ho a jeho rodinu, dostala v uplynul\u00fdch rokoch op\u00e4\u0165 do povedomia. V roku 1998 <strong>zomrela jeho man\u017eelka<\/strong> na rakovinu. O rok nesk\u00f4r <strong>sp\u00e1chal jeho syn<\/strong> Tomasz, v\u00e1\u017een\u00fd prekladate\u013e a novin\u00e1r v oblasti popul\u00e1rnej hudby, <strong>samovra\u017edu<\/strong>. V roku 2005 Beksinsk\u00e9ho v byte <strong>dobodal na smr\u0165<\/strong> 19-ro\u010dn\u00fd syn jeho upratova\u010dky. Beksinski poznal vraha a odmietol mu po\u017ei\u010da\u0165 peniaze. Pochopite\u013ene, tragick\u00e9 posledn\u00e9 roky sa \u010dasto <strong>sp\u00e1jaj\u00fa s pochm\u00farnos\u0165ou<\/strong> jeho umenia.<\/p>\n<h3>In\u0161pir\u00e1cia<\/h3>\n<p style=\"text-align: center;\"><em><strong>Beksinsk\u00e9ho postava vo filme Posledn\u00e1 rodina. Zdroj:<\/strong> <strong>screenshot, YouTube<\/strong><\/em><\/p>\n<p>Beksinsk\u00e9ho dielo <strong>in\u0161pirovalo mnoh\u00fdch<\/strong>, v Po\u013esku napr\u00edklad rokov\u00fdch hudobn\u00edkov \u010di tvorcov dobrodru\u017enej videohry Tormentum. Renomovan\u00fd mexick\u00fd film\u00e1r <strong>Guillermo del Toro<\/strong> je jeho ve\u013ek\u00fdm obdivovate\u013eom. Po\u013esk\u00fd film o osude Beksinsk\u00e9ho rodiny po roku 1977, <strong>Posledn\u00e1 rodina<\/strong>, uviedli v roku 2016 a vysl\u00fa\u017eil si pochvalu kritikov.<\/p>\n<p><iframe title=\"The Last Family  \/ Ostatnia Rodzina by Jan P. Matuszy\u0144ski - International Trailer\" width=\"640\" height=\"360\" src=\"https:\/\/www.youtube.com\/embed\/XfFt9RfO9Bc?feature=oembed\" frameborder=\"0\" allow=\"accelerometer; autoplay; clipboard-write; encrypted-media; gyroscope; picture-in-picture; web-share\" referrerpolicy=\"strict-origin-when-cross-origin\" allowfullscreen><\/iframe><\/p>\n<p><em><strong>Zdroj: culture.pl<\/strong><\/em><\/p>\n<p><em><strong>Zdroj titulnej fotografie: screenshot, YouTube<\/strong><\/em><\/p>","protected":false},"excerpt":{"rendered":"<p>Od brut\u00e1lnej vra\u017edy po\u013esk\u00e9ho maliara Zdzislawa Beksinsk\u00e9ho uplynulo u\u017e vy\u0161e osemn\u00e1s\u0165 rokov, no jeho obrazy st\u00e1le udivuj\u00fa cel\u00fd svet. Ot\u00e1zkou zost\u00e1va, \u010di je v\u0161eobecn\u00e1 fascin\u00e1cia<\/p>","protected":false},"author":1,"featured_media":0,"comment_status":"closed","ping_status":"closed","sticky":false,"template":"","format":"standard","meta":{"footnotes":""},"categories":[51],"tags":[],"class_list":["post-8269","post","type-post","status-publish","format-standard","hentry","category-archiv","two-columns"],"_links":{"self":[{"href":"https:\/\/instrid.sk\/en\/wp-json\/wp\/v2\/posts\/8269","targetHints":{"allow":["GET"]}}],"collection":[{"href":"https:\/\/instrid.sk\/en\/wp-json\/wp\/v2\/posts"}],"about":[{"href":"https:\/\/instrid.sk\/en\/wp-json\/wp\/v2\/types\/post"}],"author":[{"embeddable":true,"href":"https:\/\/instrid.sk\/en\/wp-json\/wp\/v2\/users\/1"}],"replies":[{"embeddable":true,"href":"https:\/\/instrid.sk\/en\/wp-json\/wp\/v2\/comments?post=8269"}],"version-history":[{"count":0,"href":"https:\/\/instrid.sk\/en\/wp-json\/wp\/v2\/posts\/8269\/revisions"}],"wp:attachment":[{"href":"https:\/\/instrid.sk\/en\/wp-json\/wp\/v2\/media?parent=8269"}],"wp:term":[{"taxonomy":"category","embeddable":true,"href":"https:\/\/instrid.sk\/en\/wp-json\/wp\/v2\/categories?post=8269"},{"taxonomy":"post_tag","embeddable":true,"href":"https:\/\/instrid.sk\/en\/wp-json\/wp\/v2\/tags?post=8269"}],"curies":[{"name":"wp","href":"https:\/\/api.w.org\/{rel}","templated":true}]}}