{"id":8299,"date":"2023-05-14T00:00:00","date_gmt":"2023-05-13T23:00:00","guid":{"rendered":"https:\/\/instrid.sk\/uncategorized\/zoznamte-sa-so-svedskou-kralovskou-rodinou\/"},"modified":"2023-05-14T00:00:00","modified_gmt":"2023-05-13T23:00:00","slug":"zoznamte-sa-so-svedskou-kralovskou-rodinou","status":"publish","type":"post","link":"https:\/\/instrid.sk\/en\/archiv\/zoznamte-sa-so-svedskou-kralovskou-rodinou\/","title":{"rendered":"Zozn\u00e1mte sa so \u0161v\u00e9dskou kr\u00e1\u013eovskou rodinou"},"content":{"rendered":"<p>Najv\u00fdznamnej\u0161ou kr\u00e1\u013eovskou rodinou na svete by nepochybne boli Mountbatten-Windsorovci \u2013 rodina zosnulej kr\u00e1\u013eovnej Al\u017ebety II. a princa Philipa, vojvodu z Edinburghu.\u00a0 S v\u00fdnimkou p\u00e1pe\u017ea Vatik\u00e1nskeho mestsk\u00e9ho \u0161t\u00e1tu ved\u00fa kr\u00e1\u013eovsk\u00e9 rodiny a\u017e 43 \u0161t\u00e1tov.\u00a0 Jednou z nich je \u0161v\u00e9dska kr\u00e1\u013eovsk\u00e1 rodina na \u010dele s kr\u00e1\u013eom Carlom XVI. Gustafom a kr\u00e1\u013eovnou Silviou \u2013 a tie\u017e sa \u010dasto dost\u00e1vaj\u00fa na titulky magaz\u00ednov. Pozrite sa na kr\u00e1tkeho sprievodcu \u0161v\u00e9dskou kr\u00e1\u013eovskou rodinou.<\/p>\n<h3>Kr\u00e1\u013e Carl XVI Gustaf<\/h3>\n<p>Kr\u00e1\u013e Carl XVI. Gustaf, ktor\u00fd nast\u00fapil na tr\u00f3n v roku 1973, ke\u010f mal iba 27 rokov, <strong>je najdlh\u0161ie vl\u00e1dnucim panovn\u00edkom vo \u0161v\u00e9dskej hist\u00f3rii.<\/strong> Na titulky nov\u00edn sa dostal v okt\u00f3bri minul\u00e9ho roka &#8211; rozhodol, \u017ee jeho p\u00e4\u0165 vn\u00fa\u010da\u0165 nebude s\u00fa\u010das\u0165ou kr\u00e1\u013eovsk\u00e9ho domu. To znamenalo, \u017ee deti princeznej Madeleine, Christophera O&#8217;Neilla, princa Carla Philipa a princeznej Sofie by stratili svoj \u0161tat\u00fat a nemali by n\u00e1rok na apan\u00e1\u017e \u2013 ro\u010dn\u00fa sumu financovan\u00fa da\u0148ov\u00fdmi poplatn\u00edkmi, ktor\u00fa dost\u00e1vaj\u00fa \u010dlenovia kr\u00e1\u013eovsk\u00e9ho domu. Pod\u013ea kr\u00e1\u013eovsk\u00fdch pozorovate\u013eov bol tento krok reakciou na kontrolu rast\u00faceho po\u010dtu \u010dlenov kr\u00e1\u013eovskej rodiny, ktor\u00ed s\u00fa platen\u00ed za ofici\u00e1lne povinnosti. De\u0165om to tie\u017e poskytlo slobodu venova\u0165 sa vlastnej kari\u00e9re a \u017ei\u0165 be\u017en\u00fd \u017eivot. <strong>Kr\u00e1\u013eovsk\u00fd p\u00e1r si v decembri op\u00e4\u0165 z\u00edskal srdcia, ke\u010f odletel komer\u010dn\u00fdm letom do Indie a kr\u00e1\u013ea videli, ako si na letisku nesie vlastn\u00fa bato\u017einu.<\/strong><\/p>\n<h3>Kr\u00e1\u013eovn\u00e1 Silvia<\/h3>\n<p>Kr\u00e1\u013eovn\u00e1 Silvia, man\u017eelka kr\u00e1\u013ea Carla Gustafa, spoznala kr\u00e1\u013ea po\u010das letn\u00fdch olympijsk\u00fdch hier v roku 1972, kde bola tlmo\u010dn\u00ed\u010dkou a hostite\u013ekou \u2013 <strong>hovor\u00ed \u0161iestimi jazykmi vr\u00e1tane svojej rodnej nem\u010diny, franc\u00faz\u0161tiny a \u0161paniel\u010diny.<\/strong> Je prvou \u0161v\u00e9dskou kr\u00e1\u013eovnou, ktor\u00e1 mala profesion\u00e1lnu kari\u00e9ru pred jej kr\u00e1\u013eovskou \u00falohou. Potom korunn\u00fd princ, kr\u00e1\u013e Carl Gustaf, v rozhovore vysvetlil, \u017ee to jednoducho \u201ecvaklo\u201c, ke\u010f sa stretli.\u00a0 Z\u00e1bavn\u00fd fakt \u2013 ikonick\u00e1 \u0161v\u00e9dska hudobn\u00e1 skupina Abba venovala prv\u00e9 vyst\u00fapenie Dancing Queen ako poctu bud\u00facej kr\u00e1\u013eovnej na predsvadobnom gala.<\/p>\n<p>Ako \u010dlen kr\u00e1\u013eovsk\u00e9ho domu sa kr\u00e1\u013eovn\u00e1 zauj\u00edma o mlad\u00fdch a star\u0161\u00edch \u013eud\u00ed. <strong>Jej cie\u013eom je in\u0161pirova\u0165 a posilni\u0165 ml\u00e1de\u017e pri rozhodovan\u00ed o zdravom \u017eivote. Zameriava sa aj na zlep\u0161ovanie kvality \u017eivota os\u00f4b postihnut\u00fdch demenciou a ich rod\u00edn.<\/strong><\/p>\n Kr\u00e1\u013e Carl XVI Gustaf s jeho man\u017eelkou kr\u00e1\u013eovnou Silviou. Zdroj: Wikimedia Commons\n<h3>Korunn\u00e1 princezn\u00e1 Vikt\u00f3ria, vojvodky\u0148a z V\u00e4sterg\u00f6tlandu<\/h3>\n<p>V d\u00f4sledku zavedenia absol\u00fatneho prvorodenstva do aktu o n\u00e1stupn\u00edctve v roku 1980 sa korunn\u00e1 princezn\u00e1 Vikt\u00f3ria, naroden\u00e1 v roku 1977<strong>, stane prvou \u017eenou, ktor\u00e1 nast\u00fapi na \u0161v\u00e9dsky tr\u00f3n od roku 1720, a tre\u0165ou v hist\u00f3rii kr\u00e1\u013eovstva.<\/strong> Princezn\u00e1 trp\u00ed dyslexiou \u2013 podobne ako jej otec kr\u00e1\u013e Carl Gustaf a brat Carl Philip \u2013 a prosopagn\u00f3ziou, ktor\u00e1 jej s\u0165a\u017euje zapam\u00e4tanie si mien a tv\u00e1r\u00ed. Napriek tomu, \u017ee to ozna\u010dila za \u201eve\u013ek\u00fa nev\u00fdhodu\u201c v jej postaven\u00ed, tieto podmienky nezabr\u00e1nili kr\u00e1\u013eovskej vl\u00e1de vykon\u00e1va\u0165 svoje povinnosti ako dedi\u010d tr\u00f3nu. Pravidelne sa z\u00fa\u010dast\u0148uje Poradnej rady pre zahrani\u010dn\u00e9 veci a informa\u010dn\u00fdch r\u00e1d s ministrami vl\u00e1dy a <strong>zastupuje \u0160v\u00e9dsko na ofici\u00e1lnych zahrani\u010dn\u00fdch cest\u00e1ch.<\/strong><\/p>\n Korunn\u00e1 princezn\u00e1 Vikt\u00f3ria, vojvodky\u0148a z V\u00e4sterg\u00f6tlandu. Zdroj: Elisabeth Toll, Kungl. Hovstaterna\n<h3>Princ Daniel, vojvoda z V\u00e4sterg\u00f6tlandu<\/h3>\n<p>Man\u017eel Victorie, princ Daniel, bol osobn\u00fdm tr\u00e9nerom princeznej a zakladate\u013eom siete posil\u0148ovn\u00ed Balance v \u0160tokholme. Spr\u00e1vy o tom, \u017ee p\u00e1r spolu rand\u00ed, sa prv\u00fdkr\u00e1t objavili v roku 2002 a na p\u00e1r sa zamerali \u0161v\u00e9dske m\u00e9di\u00e1. Daniel nepoch\u00e1dzal z kr\u00e1\u013eovskej rodiny, ani zo \u0161\u013eachty. Z Danielovho oby\u010dajn\u00e9ho postavenia si vtedy robili srandu a o\u010dividne sa mu t\u00e1to pozornos\u0165 nep\u00e1\u010dila. Victoria tie\u017e potvrdila v biografii Victoria\u2014Queen of the Time z roku 2009, \u017ee jej rodi\u010dia mali obavy, \u010di je Daniel dobr\u00fd.<\/p>\n Princ Daniel s rodinou. www.femina.se\n<h3>Princezn\u00e1 Estelle, vojvodky\u0148a z \u00d6sterg\u00f6tlandu<\/h3>\n<p>Osemro\u010dn\u00e1 princezn\u00e1 Estelle je najstar\u0161\u00edm die\u0165a\u0165om Vikt\u00f3rie a Daniela, druhej v porad\u00ed na \u0161v\u00e9dsky tr\u00f3n. Narodenie Estelle, ktor\u00e1 je tie\u017e dr\u017eite\u013ekou titulu vojvodky\u0148a z \u00d6sterg\u00f6tlandu, sa oslavovalo s ve\u013ekou pompou, preto\u017ee bola prvou \u017eenou v kr\u00e1\u013eovstve narodenou s pr\u00e1vom zdedi\u0165 tr\u00f3n. Je to preto, \u017ee \u0160v\u00e9dsko v roku 1980 prijalo absol\u00fatnu prvorodenos\u0165. T\u00e1 umo\u017eovala, aby najstar\u0161ie die\u0165a bolo prv\u00e9 v l\u00ednii n\u00e1stupn\u00edctva bez oh\u013eadu na pohlavie.<\/p>\n<h3>Princ Oscar, vojvoda zo Sk\u00e5ne<\/h3>\n<p>Mlad\u0161ie die\u0165a Victorie a Daniela, \u0161tvorro\u010dn\u00fd princ Oscar, je po svojej star\u0161ej sestre Estelle tret\u00edm v porad\u00ed na \u0161v\u00e9dsky tr\u00f3n.\u00a0 Jeho krstn\u00fdmi rodi\u010dmi s\u00fa korunn\u00fd princ Frederik z D\u00e1nska, n\u00f3rska korunn\u00e1 princezn\u00e1 Mette-Marit, \u0161v\u00e9dska princezn\u00e1 Madeleine, Vikt\u00f3riin bratranec Oscar Magnuson a Danielov bratranec Hans \u00c5str\u00f6m.<\/p>\n<h3>Princ Carl Philip, vojvoda z V\u00e4rmlandu<\/h3>\n<p>Princ Carl Philip sa narodil v m\u00e1ji 1979 a je jedin\u00fdm synom kr\u00e1\u013ea Carla Gustafa a kr\u00e1\u013eovnej Silvie. \u0160portovec, ktor\u00fd sa okrem in\u00fdch \u0161portov venuje aj ly\u017eovaniu a automobilov\u00fdm pretekom, <strong>dokon\u010dil v roku 2003 \u201eVasaloppet\u201c vo \u0160v\u00e9dsku \u2013 najdlh\u0161ie preteky v behu na ly\u017eiach na svete a v roku 2011 absolvoval cel\u00fa sez\u00f3nu Porsche Carrera Cup Scandinavia.<\/strong> Dokonca sa zaviazal k celej sez\u00f3ne 2020 v Porsche Carrera Cup Scandinavia. 41-ro\u010dn\u00fd princ je \u017eenat\u00fd s b\u00fdvalou modelkou Sofiou Hellqvist a m\u00e1 dve deti, princa Alexandra a princa Gabriela.<\/p>\n Princ Carl Philip, vojvoda a vojvodky\u0148a z V\u00e4rmlandu. Zdroj: TASR\n<h3>Princezn\u00e1 Sofia, vojvodky\u0148a z V\u00e4rmlandu<\/h3>\n<p>Man\u017eelka Carla Philipa princezn\u00e1 Sofia m\u00e1 kontroverzn\u00fa minulos\u0165 ako modelka pre p\u00e1nsky magaz\u00edn Slitz a s\u00fa\u0165a\u017eiaca v reality \u0161ou v Paradise Hotel. Aj preto bola predmetom sk\u00famania, ke\u010f sa jej vz\u0165ah s princom v roku 2010 potvrdil. V New Yorku \u0161tudovala \u00fa\u010dtovn\u00edctvo so \u0161pecializ\u00e1ciou na rozvoj podnikania a pracovala ako certifikovan\u00e1 in\u0161truktorka jogy. Zauj\u00edmala sa aj o glob\u00e1lnu etiku, \u0161t\u00fadium det\u00ed a ml\u00e1de\u017ee \u010di Dohovor OSN o pr\u00e1vach die\u0165a\u0165a v te\u00f3rii a \u0161v\u00e9dskej praxi. \u0160tudovala rodov\u00e9 a medzin\u00e1rodn\u00e9 vz\u0165ahy na \u0160tokholmskej univerzite, \u010d\u00edm preuk\u00e1zala svoj z\u00e1ujem o problematiku det\u00ed a ml\u00e1de\u017ee.<\/p>\n<p>&nbsp;<\/p>\n<h3>Princezn\u00e1 Madeleine, vojvodky\u0148a z H\u00e4lsinglandu a G\u00e4striklandu<\/h3>\n<p>Princezn\u00e1 Madeleine, najmlad\u0161ie die\u0165a kr\u00e1\u013ea Carla Gustafa a kr\u00e1\u013eovnej Silvie, je siedme v n\u00e1sledn\u00edckej l\u00ednii. V roku 2006 ukon\u010dila bakal\u00e1rsky titul z dej\u00edn umenia, etnol\u00f3gie a modern\u00fdch dej\u00edn. Nesk\u00f4r pokra\u010dovala v \u0161t\u00fadiu detskej psychol\u00f3gie na Univerzite v \u0160tokholme. Je tie\u017e jazdky\u0148ou, ktor\u00e1 s\u00fa\u0165a\u017eila v park\u00farovom sk\u00e1kan\u00ed. Charitat\u00edvna pr\u00e1ca princeznej sa z ve\u013ekej \u010dasti s\u00fastre\u010fuje okolo det\u00ed \u2013 <strong>je patr\u00f3nkou neziskovej organiz\u00e1cie, ktor\u00e1 ude\u013euje \u017eelania de\u0165om a dospievaj\u00facim s kritick\u00fdmi chorobami. Spoluzakladala aj kampa\u0148 na zv\u00fd\u0161enie povedomia o sexu\u00e1lnom zneu\u017e\u00edvan\u00ed det\u00ed.<\/strong>\u00a0 Madeleine je vydat\u00e1 za americk\u00e9ho finan\u010dn\u00edka Christophera O&#8217;Neilla a m\u00e1 tri deti.<\/p>\n Zdroj: Linda Brostr\u00f6m\/The Royal Court of Sweden","protected":false},"excerpt":{"rendered":"<p>Najv\u00fdznamnej\u0161ou kr\u00e1\u013eovskou rodinou na svete by nepochybne boli Mountbatten-Windsorovci \u2013 rodina zosnulej kr\u00e1\u013eovnej Al\u017ebety II. a princa Philipa, vojvodu z Edinburghu.\u00a0 S v\u00fdnimkou p\u00e1pe\u017ea Vatik\u00e1nskeho<\/p>","protected":false},"author":1,"featured_media":0,"comment_status":"closed","ping_status":"closed","sticky":false,"template":"","format":"standard","meta":{"footnotes":""},"categories":[51],"tags":[],"class_list":["post-8299","post","type-post","status-publish","format-standard","hentry","category-archiv","two-columns"],"_links":{"self":[{"href":"https:\/\/instrid.sk\/en\/wp-json\/wp\/v2\/posts\/8299","targetHints":{"allow":["GET"]}}],"collection":[{"href":"https:\/\/instrid.sk\/en\/wp-json\/wp\/v2\/posts"}],"about":[{"href":"https:\/\/instrid.sk\/en\/wp-json\/wp\/v2\/types\/post"}],"author":[{"embeddable":true,"href":"https:\/\/instrid.sk\/en\/wp-json\/wp\/v2\/users\/1"}],"replies":[{"embeddable":true,"href":"https:\/\/instrid.sk\/en\/wp-json\/wp\/v2\/comments?post=8299"}],"version-history":[{"count":0,"href":"https:\/\/instrid.sk\/en\/wp-json\/wp\/v2\/posts\/8299\/revisions"}],"wp:attachment":[{"href":"https:\/\/instrid.sk\/en\/wp-json\/wp\/v2\/media?parent=8299"}],"wp:term":[{"taxonomy":"category","embeddable":true,"href":"https:\/\/instrid.sk\/en\/wp-json\/wp\/v2\/categories?post=8299"},{"taxonomy":"post_tag","embeddable":true,"href":"https:\/\/instrid.sk\/en\/wp-json\/wp\/v2\/tags?post=8299"}],"curies":[{"name":"wp","href":"https:\/\/api.w.org\/{rel}","templated":true}]}}